{"id":913,"date":"2014-03-27T14:35:55","date_gmt":"2014-03-27T14:35:55","guid":{"rendered":"http:\/\/blogs.hoy.es\/solitaencaceres\/?p=913"},"modified":"2014-03-27T14:35:55","modified_gmt":"2014-03-27T14:35:55","slug":"son-mis-fotos-pero-no-es-mi-hijo","status":"publish","type":"post","link":"https:\/\/blogs.hoy.es\/solitaencaceres\/2014\/03\/27\/son-mis-fotos-pero-no-es-mi-hijo\/","title":{"rendered":"Son mis fotos pero&#8230; no es mi hijo"},"content":{"rendered":"<p style=\"text-align: center;\"><a href=\"\/solitaencaceres\/wp-content\/uploads\/sites\/41\/2014\/03\/Cigue\u00f1a.jpg\"><img loading=\"lazy\" class=\"aligncenter  wp-image-914\" title=\"Cig\u00fce\u00f1a\" src=\"\/solitaencaceres\/wp-content\/uploads\/sites\/41\/2014\/03\/Cigue\u00f1a.jpg\" alt=\"\" width=\"499\" height=\"332\" srcset=\"https:\/\/static-blogs.hoy.es\/wp-content\/uploads\/sites\/41\/2014\/03\/Cigue\u00f1a.jpg 4272w, https:\/\/static-blogs.hoy.es\/wp-content\/uploads\/sites\/41\/2014\/03\/Cigue\u00f1a-300x200.jpg 300w, https:\/\/static-blogs.hoy.es\/wp-content\/uploads\/sites\/41\/2014\/03\/Cigue\u00f1a-768x512.jpg 768w, https:\/\/static-blogs.hoy.es\/wp-content\/uploads\/sites\/41\/2014\/03\/Cigue\u00f1a-1024x683.jpg 1024w\" sizes=\"(max-width: 499px) 100vw, 499px\" \/><\/a><\/p>\n<p>He empezado<strong> a firmar las fotograf\u00edas que hago<\/strong> porque antes, cuando las compart\u00eda en las redes sociales, sobre todo en Facebook, me suced\u00eda lo mismo que<strong> cuando sub\u00eda una foto con mi hermano,<\/strong> que se creaba confusi\u00f3n. En ambos casos, me sol\u00edan llegar comentarios o mensajes privados en los que, o bien <strong>me preguntaban que si no era muy joven para tener un hijo<\/strong>, o bien quer\u00edan saber <strong>si las fotos que hab\u00eda en mi galer\u00eda las hab\u00eda hecho yo.<\/strong><\/p>\n<p>Pensaba que firmar las fotograf\u00edas <strong>era mucho m\u00e1s complicado de lo que en realidad es<\/strong> si lo que quieres es poner simplemente tu nombre y apellido. Tambi\u00e9n es cierto que me negaba a ello, a pesar de que <strong>me lo hab\u00edan aconsejado en reiteradas ocasiones<\/strong>, porque para m\u00ed, <strong>la c\u00e1mara era un juguete que me divert\u00eda,<\/strong> un objeto que, hasta no hace mucho,<strong> ni sab\u00eda usar en manual.<\/strong> Pero ahora, la verdad es que empiezo a verle a esto futuro.<\/p>\n<p>Este verano, enredando un poco por Instagram, vi que<strong> una foto nocturna de la Plaza Mayor de C\u00e1ceres<\/strong>, que hab\u00eda hecho y subido a este blog, <strong>la hab\u00eda utilizado otra persona y la hab\u00eda compartido como si fuese suya.<\/strong> Por una parte, me alegr\u00f3 que le hubiese gustado hasta tal extremo esa fotograf\u00eda, pero por otra, como autora plagiada, me doli\u00f3, <strong>aunque esa persona lo hubiese hecho sin mala intenci\u00f3n.<\/strong><\/p>\n<p>Un d\u00eda que fui a hacer fotos para una agencia a <strong>Arroyo de la Luz,<\/strong> a un partido de f\u00fatbol, m\u00e1s que no firm\u00e1rmelas, lo que hicieron fue <strong>equivocarse en mi apellido,<\/strong> que casi viene a ser lo mismo, y en vez de llamarme Carolina<strong> D\u00edaz,<\/strong> me llamaron Carolina <strong>Ru\u00edz,<\/strong> que mucho parecido, <strong>si no es en cuanto al n\u00famero de graf\u00edas y a la z final<\/strong>, no tienen. La verdad es que no le di mucha importancia, pero,<strong> a la hora de rellenar el curr\u00edculum, creo que s\u00ed la tiene.<\/strong><\/p>\n<p>Hace tiempo que aclaro que <strong>la persona que sale a mi lado en las fotos es mi hermano, no mi hijo.<\/strong> Y desde hace unos d\u00edas,<strong> ya firmo mis fotograf\u00edas.<\/strong> Creo que as\u00ed es mucho mejor. Me siento m\u00e1s identificada.<\/p>\n<!-- AddThis Advanced Settings generic via filter on the_content --><!-- AddThis Share Buttons generic via filter on the_content -->","protected":false},"excerpt":{"rendered":"<p>He empezado a firmar las fotograf\u00edas que hago porque antes, cuando las compart\u00eda en las redes sociales, sobre todo en Facebook, me suced\u00eda lo mismo que cuando sub\u00eda una foto con mi hermano, que se creaba confusi\u00f3n. En ambos casos, me sol\u00edan llegar comentarios o mensajes privados en los que, o bien me preguntaban que [&hellip;]<!-- AddThis Advanced Settings generic via filter on get_the_excerpt --><!-- AddThis Share Buttons generic via filter on get_the_excerpt --><\/p>\n","protected":false},"author":45,"featured_media":0,"comment_status":"open","ping_status":"closed","sticky":false,"template":"","format":"standard","meta":[],"categories":[3],"tags":[250,295,477,638,729,732,1136,1630,1699,1736,1742,1998,2129,2533,2656,2662,3086,3290,3529],"_links":{"self":[{"href":"https:\/\/blogs.hoy.es\/solitaencaceres\/wp-json\/wp\/v2\/posts\/913"}],"collection":[{"href":"https:\/\/blogs.hoy.es\/solitaencaceres\/wp-json\/wp\/v2\/posts"}],"about":[{"href":"https:\/\/blogs.hoy.es\/solitaencaceres\/wp-json\/wp\/v2\/types\/post"}],"author":[{"embeddable":true,"href":"https:\/\/blogs.hoy.es\/solitaencaceres\/wp-json\/wp\/v2\/users\/45"}],"replies":[{"embeddable":true,"href":"https:\/\/blogs.hoy.es\/solitaencaceres\/wp-json\/wp\/v2\/comments?post=913"}],"version-history":[{"count":0,"href":"https:\/\/blogs.hoy.es\/solitaencaceres\/wp-json\/wp\/v2\/posts\/913\/revisions"}],"wp:attachment":[{"href":"https:\/\/blogs.hoy.es\/solitaencaceres\/wp-json\/wp\/v2\/media?parent=913"}],"wp:term":[{"taxonomy":"category","embeddable":true,"href":"https:\/\/blogs.hoy.es\/solitaencaceres\/wp-json\/wp\/v2\/categories?post=913"},{"taxonomy":"post_tag","embeddable":true,"href":"https:\/\/blogs.hoy.es\/solitaencaceres\/wp-json\/wp\/v2\/tags?post=913"}],"curies":[{"name":"wp","href":"https:\/\/api.w.org\/{rel}","templated":true}]}}