{"id":916,"date":"2014-04-03T10:23:13","date_gmt":"2014-04-03T10:23:13","guid":{"rendered":"http:\/\/blogs.hoy.es\/solitaencaceres\/?p=916"},"modified":"2014-04-03T10:23:13","modified_gmt":"2014-04-03T10:23:13","slug":"viva-el-cine-low-cost","status":"publish","type":"post","link":"https:\/\/blogs.hoy.es\/solitaencaceres\/2014\/04\/03\/viva-el-cine-low-cost\/","title":{"rendered":"Viva el cine low cost"},"content":{"rendered":"<p style=\"text-align: center;\"><a href=\"\/solitaencaceres\/wp-content\/uploads\/sites\/41\/2014\/04\/Ocho_apellidos_vascos-758602439-large.jpg\"><img loading=\"lazy\" class=\"aligncenter  wp-image-917\" title=\"8 apellidos vascos\" src=\"\/solitaencaceres\/wp-content\/uploads\/sites\/41\/2014\/04\/Ocho_apellidos_vascos-758602439-large.jpg\" alt=\"\" width=\"322\" height=\"461\" srcset=\"https:\/\/static-blogs.hoy.es\/wp-content\/uploads\/sites\/41\/2014\/04\/Ocho_apellidos_vascos-758602439-large.jpg 839w, https:\/\/static-blogs.hoy.es\/wp-content\/uploads\/sites\/41\/2014\/04\/Ocho_apellidos_vascos-758602439-large-210x300.jpg 210w, https:\/\/static-blogs.hoy.es\/wp-content\/uploads\/sites\/41\/2014\/04\/Ocho_apellidos_vascos-758602439-large-768x1098.jpg 768w, https:\/\/static-blogs.hoy.es\/wp-content\/uploads\/sites\/41\/2014\/04\/Ocho_apellidos_vascos-758602439-large-716x1024.jpg 716w\" sizes=\"(max-width: 322px) 100vw, 322px\" \/><\/a><\/p>\n<p>Ayer fui al cine y sent\u00ed el mismo agobio que cuando <strong>vas a las rebajas el primer d\u00eda,<\/strong> solo que la media de edad era mucho m\u00e1s baja y la gente <strong>no se pegaba por conseguir una camisa<\/strong> o, en este caso, una entrada.<\/p>\n<p>Por la tarde, pas\u00e9 a las tres y cuarto justo por delante de la taquilla y ya hab\u00eda <strong>seis o siete personas en fila<\/strong> y una hora despu\u00e9s, cuando fui pensando que podr\u00eda coger buenas entradas,<strong> tuve que desistir por lo larga que era la cola<\/strong>, pues ya no solo doblaba la esquina de la calle, sino que <strong>el final estaba m\u00e1s cerca de Col\u00f3n que de los Multicines.<\/strong><\/p>\n<p>Llevo ya tres intentos de ver<strong> Ocho\u00a0apellidos vascos<\/strong>, la peli de moda, esa de la que todo el mundo habla, pero no hay manera, y menos intent\u00e1ndolo <strong>los d\u00edas en los que el cine vale barato, como estos tres d\u00edas de comienzo de semana a 2.90\u20ac.<\/strong><\/p>\n<p>Es incre\u00edble ver lo llenas que han estado las salas estos d\u00edas y que, tras el \u00e9xito que han tenido estos precios las dos veces que los han puesto, <strong>a\u00fan no se hayan decidido a bajar el coste de las entradas<\/strong>, cuando est\u00e1 comprobado que recaudan mucho m\u00e1s y el p\u00fablico responde. Y es que parece que<strong> ir al cine tiene que ser un lujo que puedas permitirte una vez al mes como mucho, no sea que vayas a enriquecer tu cultura a bajo coste.<\/strong><\/p>\n<p>Fijaos si ir al cine a 2.90\u20ac da gusto, que ayer <strong>me met\u00ed en una peli que sospechaba ya de antemano que no me iba a gustar<\/strong>, pero era una de las dos en las que quedaban entradas. Eso s\u00ed, en asientos donde despu\u00e9s cuando te levantas<strong> tienes contracturas en el cuello de lo cerca que est\u00e1s de la pantalla.<\/strong> Era una de esas pelis estilo <strong>Matrix<\/strong> con muchos <strong>t\u00edos buenos d\u00e1ndose de hostias<\/strong>, mucha sangre, muchas m\u00e1quinas raras y grandes <strong>y mucha tecnolog\u00eda avanzada capaz de controlar el mundo.<\/strong> Que no es que yo vaya de <strong>Carlos Boyero<\/strong> por la vida, pero era la <strong>t\u00edpica americanada ficticia<\/strong> que si la entrada me hubiera valido el doble, <strong>probablemente no hubiera entrado a ver.<\/strong><\/p>\n<p>Aun as\u00ed, me lo pas\u00e9 bien: era curioso ver c\u00f3mo<strong> hab\u00eda gente entrando y saliendo de la sala intentando meterse en otras pel\u00edculas para las que se hab\u00edan agotado las entradas.<\/strong> Y en cuanto a la peli, hab\u00eda algunas escenas que, aunque no me estuviese enterando muy bien del argumento, de hecho hasta el final no lo pill\u00e9, daba gusto verlas<strong> por los movimientos de c\u00e1mara<\/strong>, tema en el que me concentro mucho para <strong>obviar el doblaje,<\/strong> pues me pone muy nerviosa ver que<strong> los labios van por un lado y la voz por otro.<\/strong><\/p>\n<p><strong>M\u00e1s all\u00e1 de que Montoro decida bajar el IVA, no estar\u00eda mal que predicaran con el ejemplo empezando por bajar el precio de las entradas. <\/strong>As\u00ed, s\u00ed dar\u00eda gusto ir al cine y al final, lo que te ahorras de la pel\u00edcula<strong> te lo gastas en la bebida y en las palomitas.\u00a0<\/strong><\/p>\n<!-- AddThis Advanced Settings generic via filter on the_content --><!-- AddThis Share Buttons generic via filter on the_content -->","protected":false},"excerpt":{"rendered":"<p>Ayer fui al cine y sent\u00ed el mismo agobio que cuando vas a las rebajas el primer d\u00eda, solo que la media de edad era mucho m\u00e1s baja y la gente no se pegaba por conseguir una camisa o, en este caso, una entrada. Por la tarde, pas\u00e9 a las tres y cuarto justo por [&hellip;]<!-- AddThis Advanced Settings generic via filter on get_the_excerpt --><!-- AddThis Share Buttons generic via filter on get_the_excerpt --><\/p>\n","protected":false},"author":45,"featured_media":0,"comment_status":"open","ping_status":"closed","sticky":false,"template":"","format":"standard","meta":[],"categories":[3],"tags":[23,49,394,430,716,885,938,951,1041,1116,1129,1278,1445,2163,2461,2541,2581,2760,2799,3031,3037,3144,3356,3506,3667,3702,3919,3943,4013],"_links":{"self":[{"href":"https:\/\/blogs.hoy.es\/solitaencaceres\/wp-json\/wp\/v2\/posts\/916"}],"collection":[{"href":"https:\/\/blogs.hoy.es\/solitaencaceres\/wp-json\/wp\/v2\/posts"}],"about":[{"href":"https:\/\/blogs.hoy.es\/solitaencaceres\/wp-json\/wp\/v2\/types\/post"}],"author":[{"embeddable":true,"href":"https:\/\/blogs.hoy.es\/solitaencaceres\/wp-json\/wp\/v2\/users\/45"}],"replies":[{"embeddable":true,"href":"https:\/\/blogs.hoy.es\/solitaencaceres\/wp-json\/wp\/v2\/comments?post=916"}],"version-history":[{"count":0,"href":"https:\/\/blogs.hoy.es\/solitaencaceres\/wp-json\/wp\/v2\/posts\/916\/revisions"}],"wp:attachment":[{"href":"https:\/\/blogs.hoy.es\/solitaencaceres\/wp-json\/wp\/v2\/media?parent=916"}],"wp:term":[{"taxonomy":"category","embeddable":true,"href":"https:\/\/blogs.hoy.es\/solitaencaceres\/wp-json\/wp\/v2\/categories?post=916"},{"taxonomy":"post_tag","embeddable":true,"href":"https:\/\/blogs.hoy.es\/solitaencaceres\/wp-json\/wp\/v2\/tags?post=916"}],"curies":[{"name":"wp","href":"https:\/\/api.w.org\/{rel}","templated":true}]}}