{"id":930,"date":"2014-04-29T13:10:33","date_gmt":"2014-04-29T13:10:33","guid":{"rendered":"http:\/\/blogs.hoy.es\/solitaencaceres\/?p=930"},"modified":"2014-04-29T13:10:33","modified_gmt":"2014-04-29T13:10:33","slug":"un-platano-por-dani-alves","status":"publish","type":"post","link":"https:\/\/blogs.hoy.es\/solitaencaceres\/2014\/04\/29\/un-platano-por-dani-alves\/","title":{"rendered":"Un pl\u00e1tano por Dani Alves"},"content":{"rendered":"<p style=\"text-align: center;\"><a href=\"\/solitaencaceres\/wp-content\/uploads\/sites\/41\/2014\/04\/pl\u00e1tano.jpg\"><img loading=\"lazy\" class=\"aligncenter  wp-image-931\" title=\"Pl\u00e1tano\" src=\"\/solitaencaceres\/wp-content\/uploads\/sites\/41\/2014\/04\/pl\u00e1tano.jpg\" alt=\"\" width=\"295\" height=\"392\" srcset=\"https:\/\/static-blogs.hoy.es\/wp-content\/uploads\/sites\/41\/2014\/04\/pl\u00e1tano.jpg 1952w, https:\/\/static-blogs.hoy.es\/wp-content\/uploads\/sites\/41\/2014\/04\/pl\u00e1tano-226x300.jpg 226w, https:\/\/static-blogs.hoy.es\/wp-content\/uploads\/sites\/41\/2014\/04\/pl\u00e1tano-768x1020.jpg 768w, https:\/\/static-blogs.hoy.es\/wp-content\/uploads\/sites\/41\/2014\/04\/pl\u00e1tano-771x1024.jpg 771w\" sizes=\"(max-width: 295px) 100vw, 295px\" \/><\/a><\/p>\n<p>No me gusta Dani Alves. No me gusta como madridista. <strong>No me gustan sus &#8216;actuaciones&#8217; en el campo de f\u00fatbol, m\u00e1s propias de un actor que de un futbolista.<\/strong> No me gustan <strong>sus piscinazos<\/strong>, su facilidad para &#8216;caerse&#8217;, que ni el Rey. Tampoco me gustan sus protestas y, ni mucho menos, <strong>el nivel de juego que est\u00e1 llevando esta temporada,<\/strong> aunque beneficie a mi equipo su bajo rendimiento. Sin embargo, tengo que<strong> aplaudirle y mostrarle todo mi respeto por el buen sentido del humor con el que se comi\u00f3 el pl\u00e1tano que le tiraron en el estadio del Villarreal para insultarlo y llamarle mono<\/strong>. Esa acci\u00f3n, en cuanto a repercusi\u00f3n despu\u00e9s en las redes sociales y forma de protesta contra el racismo,<strong> fue la mejor respuesta que pudo dar.<\/strong><\/p>\n<p>Pero Dani Alves no ha sido el \u00fanico brasile\u00f1o al que han lanzado un pl\u00e1tano en un partido de f\u00fatbol para insultarlo. Hace unos a\u00f1os, le toc\u00f3 tambi\u00e9n a <strong>Roberto Carlos,<\/strong> que por desgracia, no reaccion\u00f3 de la misma manera y abandon\u00f3 en encuentro que estaba disputando. Este tema me ha calado muy hondo porque me ha cogido leyendo estos d\u00edas <em>Poeta en Nueva York<\/em>, de Federico Garc\u00eda Lorca, y parece que no han pasado los a\u00f1os, y hace ya casi un siglo, unos 85 a\u00f1os, que escribi\u00f3 esos poemas. Esto no es Nueva York, pero s\u00ed que <strong>nos hemos contaminado y, &#8216;gracias&#8217; a la crisis que vivimos, estamos m\u00e1s deshumanizados que nunca, con m\u00e1s pobreza y m\u00e1s diferencia social entre las clases<\/strong>, cada d\u00eda m\u00e1s cerca de perder la clase media, si es que no la hemos perdido ya.<strong> Estamos perdiendo hasta valores, esos que a modo de derechos sociales, que parece que ya ni se recuerda cu\u00e1ndo se ganaron, nos est\u00e1n quitando a base de vendernos la precariedad.<\/strong><\/p>\n<p>Que un aficionado del Villarreal haya tirado un pl\u00e1tano a Dani Alves <strong>no deja de ser una mera an\u00e9cdota<\/strong>, son muchos m\u00e1s los que, sin necesidad de lanzarle nada, lo llaman mono por las redes sociales o de manera despectiva hablando de f\u00fatbol con los colegas en un bar. <strong>Que esto nos sirva para luchar contra el racismo, lo que no consigue el gobierno sin una educaci\u00f3n p\u00fablica buena e inversi\u00f3n en cultura que ayuden a abrir la mente a esta sociedad, cada vez m\u00e1s cerrada. Tom\u00e9monos un pl\u00e1tano por Dani Alves como s\u00edmbolo.<\/strong><\/p>\n<!-- AddThis Advanced Settings generic via filter on the_content --><!-- AddThis Share Buttons generic via filter on the_content -->","protected":false},"excerpt":{"rendered":"<p>No me gusta Dani Alves. No me gusta como madridista. No me gustan sus &#8216;actuaciones&#8217; en el campo de f\u00fatbol, m\u00e1s propias de un actor que de un futbolista. No me gustan sus piscinazos, su facilidad para &#8216;caerse&#8217;, que ni el Rey. Tampoco me gustan sus protestas y, ni mucho menos, el nivel de juego [&hellip;]<!-- AddThis Advanced Settings generic via filter on get_the_excerpt --><!-- AddThis Share Buttons generic via filter on get_the_excerpt --><\/p>\n","protected":false},"author":45,"featured_media":0,"comment_status":"open","ping_status":"closed","sticky":false,"template":"","format":"standard","meta":[],"categories":[3],"tags":[87,666,1149,1159,1197,2486,2744,3240,3270,3300,3486,3611,3807,4158,4291],"_links":{"self":[{"href":"https:\/\/blogs.hoy.es\/solitaencaceres\/wp-json\/wp\/v2\/posts\/930"}],"collection":[{"href":"https:\/\/blogs.hoy.es\/solitaencaceres\/wp-json\/wp\/v2\/posts"}],"about":[{"href":"https:\/\/blogs.hoy.es\/solitaencaceres\/wp-json\/wp\/v2\/types\/post"}],"author":[{"embeddable":true,"href":"https:\/\/blogs.hoy.es\/solitaencaceres\/wp-json\/wp\/v2\/users\/45"}],"replies":[{"embeddable":true,"href":"https:\/\/blogs.hoy.es\/solitaencaceres\/wp-json\/wp\/v2\/comments?post=930"}],"version-history":[{"count":0,"href":"https:\/\/blogs.hoy.es\/solitaencaceres\/wp-json\/wp\/v2\/posts\/930\/revisions"}],"wp:attachment":[{"href":"https:\/\/blogs.hoy.es\/solitaencaceres\/wp-json\/wp\/v2\/media?parent=930"}],"wp:term":[{"taxonomy":"category","embeddable":true,"href":"https:\/\/blogs.hoy.es\/solitaencaceres\/wp-json\/wp\/v2\/categories?post=930"},{"taxonomy":"post_tag","embeddable":true,"href":"https:\/\/blogs.hoy.es\/solitaencaceres\/wp-json\/wp\/v2\/tags?post=930"}],"curies":[{"name":"wp","href":"https:\/\/api.w.org\/{rel}","templated":true}]}}