{"id":932,"date":"2014-04-30T09:27:35","date_gmt":"2014-04-30T09:27:35","guid":{"rendered":"http:\/\/blogs.hoy.es\/solitaencaceres\/?p=932"},"modified":"2014-04-30T09:27:35","modified_gmt":"2014-04-30T09:27:35","slug":"a-mayo-con-mal-pie","status":"publish","type":"post","link":"https:\/\/blogs.hoy.es\/solitaencaceres\/2014\/04\/30\/a-mayo-con-mal-pie\/","title":{"rendered":"A mayo, con mal pie"},"content":{"rendered":"<p style=\"text-align: center;\"><a href=\"\/solitaencaceres\/wp-content\/uploads\/sites\/41\/2014\/04\/Botas-de-barro.png\"><img loading=\"lazy\" class=\"aligncenter  wp-image-933\" title=\"Botas de barro\" src=\"\/solitaencaceres\/wp-content\/uploads\/sites\/41\/2014\/04\/Botas-de-barro.png\" alt=\"\" width=\"364\" height=\"242\" srcset=\"https:\/\/static-blogs.hoy.es\/wp-content\/uploads\/sites\/41\/2014\/04\/Botas-de-barro.png 759w, https:\/\/static-blogs.hoy.es\/wp-content\/uploads\/sites\/41\/2014\/04\/Botas-de-barro-300x200.png 300w\" sizes=\"(max-width: 364px) 100vw, 364px\" \/><\/a><\/p>\n<p>Ayer por la tarde, un rato antes de que comenzase el <strong>partido del Bayern de Munich-Real Madrid<\/strong> que tantas ganas ten\u00eda de ver, pues ya van doce a\u00f1os so\u00f1ando con \u201cLa D\u00e9cima\u201d, desde <strong>el inolvidable golazo de Zidane en 2002<\/strong>, me levant\u00e9 del sof\u00e1 donde hab\u00eda estado echando una cabezada, fui a apoyar el pie derecho primero en el suelo, se me dobl\u00f3,<strong> vi las estrellas y termin\u00e9 arrastr\u00e1ndome por el pasillo hasta llegar a la cocina para buscar algo congelado que aplicarme en el pie,<\/strong> que ya empezaba a inflamarse.<\/p>\n<p>Como no ten\u00eda hielo porque en invierno no suelo utilizarlo\u2026 bueno s\u00ed que suelo, pero<strong> los que se usan para hacer botell\u00f3n se compran en el acto de consumirlos,<\/strong> cog\u00ed la primera bolsa que vi<strong>, de gambas.<\/strong> Cuando iba camino de Urgencias me daba la sensaci\u00f3n de que me ol\u00eda el pie <strong>como si hubiera estado metida de patas con los pantalones remangados en una charca.<\/strong> Un olor parecido.<\/p>\n<p>Con los dolores que ten\u00eda, que por suerte no fueron cosa de huesos sino de tendones, pr\u00e1cticamente me olvid\u00e9 del partido, sobre todo tras ver que el comienzo hab\u00eda sido apote\u00f3sico sentenciando a la media hora de juego. Sin embargo,<strong> no estaba contenta, no sent\u00eda esa felicidad, ese entusiasmo que siempre me ha aportado una victoria de mi equipo, y m\u00e1s en casos como este, una victoria que nos llevaba a una final m\u00e1s que so\u00f1ada.<\/strong><\/p>\n<p>Estaba triste porque me han mandado reposo, porque intento apoyar el pie en el suelo sin dejar caer la carga de mi cuerpo, y aun as\u00ed me duele, y y<strong>o no s\u00e9 estar metida en casa,<\/strong> <strong>yo no valgo para tener calma,<\/strong> y menos con la de papeleo, ex\u00e1menes, trabajos pendientes que tengo y<strong> el buen ambiente que hay en la ciudad a medida que nos adentramos en la primavera.<\/strong> Con mal pie voy a comenzar mayo.<\/p>\n<!-- AddThis Advanced Settings generic via filter on the_content --><!-- AddThis Share Buttons generic via filter on the_content -->","protected":false},"excerpt":{"rendered":"<p>Ayer por la tarde, un rato antes de que comenzase el partido del Bayern de Munich-Real Madrid que tantas ganas ten\u00eda de ver, pues ya van doce a\u00f1os so\u00f1ando con \u201cLa D\u00e9cima\u201d, desde el inolvidable golazo de Zidane en 2002, me levant\u00e9 del sof\u00e1 donde hab\u00eda estado echando una cabezada, fui a apoyar el pie [&hellip;]<!-- AddThis Advanced Settings generic via filter on get_the_excerpt --><!-- AddThis Share Buttons generic via filter on get_the_excerpt --><\/p>\n","protected":false},"author":45,"featured_media":0,"comment_status":"open","ping_status":"closed","sticky":false,"template":"","format":"standard","meta":[],"categories":[3],"tags":[426,512,1462,1816,1993,2261,3085,3505,4199,4271,4360],"_links":{"self":[{"href":"https:\/\/blogs.hoy.es\/solitaencaceres\/wp-json\/wp\/v2\/posts\/932"}],"collection":[{"href":"https:\/\/blogs.hoy.es\/solitaencaceres\/wp-json\/wp\/v2\/posts"}],"about":[{"href":"https:\/\/blogs.hoy.es\/solitaencaceres\/wp-json\/wp\/v2\/types\/post"}],"author":[{"embeddable":true,"href":"https:\/\/blogs.hoy.es\/solitaencaceres\/wp-json\/wp\/v2\/users\/45"}],"replies":[{"embeddable":true,"href":"https:\/\/blogs.hoy.es\/solitaencaceres\/wp-json\/wp\/v2\/comments?post=932"}],"version-history":[{"count":0,"href":"https:\/\/blogs.hoy.es\/solitaencaceres\/wp-json\/wp\/v2\/posts\/932\/revisions"}],"wp:attachment":[{"href":"https:\/\/blogs.hoy.es\/solitaencaceres\/wp-json\/wp\/v2\/media?parent=932"}],"wp:term":[{"taxonomy":"category","embeddable":true,"href":"https:\/\/blogs.hoy.es\/solitaencaceres\/wp-json\/wp\/v2\/categories?post=932"},{"taxonomy":"post_tag","embeddable":true,"href":"https:\/\/blogs.hoy.es\/solitaencaceres\/wp-json\/wp\/v2\/tags?post=932"}],"curies":[{"name":"wp","href":"https:\/\/api.w.org\/{rel}","templated":true}]}}