{"id":947,"date":"2014-06-10T09:00:12","date_gmt":"2014-06-10T09:00:12","guid":{"rendered":"http:\/\/blogs.hoy.es\/solitaencaceres\/?p=947"},"modified":"2014-06-10T09:00:12","modified_gmt":"2014-06-10T09:00:12","slug":"el-cuerpo-del-deseo","status":"publish","type":"post","link":"https:\/\/blogs.hoy.es\/solitaencaceres\/2014\/06\/10\/el-cuerpo-del-deseo\/","title":{"rendered":"El cuerpo del deseo"},"content":{"rendered":"<p style=\"text-align: center;\"><a href=\"\/solitaencaceres\/wp-content\/uploads\/sites\/41\/2014\/06\/fotopostf.png\"><img loading=\"lazy\" class=\"aligncenter  wp-image-948\" title=\"Foto\" src=\"\/solitaencaceres\/wp-content\/uploads\/sites\/41\/2014\/06\/fotopostf.png\" alt=\"\" width=\"244\" height=\"326\" srcset=\"https:\/\/static-blogs.hoy.es\/wp-content\/uploads\/sites\/41\/2014\/06\/fotopostf.png 452w, https:\/\/static-blogs.hoy.es\/wp-content\/uploads\/sites\/41\/2014\/06\/fotopostf-225x300.png 225w\" sizes=\"(max-width: 244px) 100vw, 244px\" \/><\/a><\/p>\n<p>Presumo siempre de <strong>no ser nada superficial en cuanto a f\u00edsico<\/strong>, pero he de reconocer que esta vez <strong>me he enamorado de un cuerpo, m\u00e1s grande, fuerte y masculino<\/strong> que a los que estoy acostumbrada a poseer entre mis brazos,<strong> a apretar junto a mi cuerpo.<\/strong> Tiene una piel muy \u00e1spera, muy varonil. Deja huella al palparlo, queda su silueta,<strong> sus &#8220;huellas dactilares&#8221; visibles en mis manos.<\/strong><\/p>\n<p>Desde que apareci\u00f3 en mi vida, ha desplazado al resto, <strong>ya solo tengo ojos para \u00e9l<\/strong>, que me acompa\u00f1a a todos lados, sin soltarse de mi mano. <strong>Se muestra duro, dominante, pero a la hora de la verdad es un endeble, muy fr\u00e1gil.<\/strong> Cuando nos <strong>rebozamos juntos por el suelo<\/strong>, cuando somos los dos <strong>felices paseando por C\u00e1ceres,<\/strong> voy muy pendiente de \u00e9l, no sea que alguien vaya a intentar quit\u00e1rmelo porque <strong>es un fuerte objeto de deseo.<\/strong><\/p>\n<p><strong>\u00bfQu\u00e9 le hace diferente a los dem\u00e1s?, \u00bfqu\u00e9 le hace distinto a los que han pasado hasta ahora por mi vida?<\/strong> Su etiqueta personal es importante, pero a la hora de la verdad es lo de menos,<strong> solo vale para impresionar.<\/strong> En realidad, excepto por su peso, que por su estructura f\u00edsica, sus &#8220;m\u00fasculos&#8221;, es normal, en apariencia, es similar a los dem\u00e1s cuerpos, tiene parecidas sus articulaciones<strong> aunque en las ventajas de algunas de ellas, prefiero no entrar.<\/strong><\/p>\n<p><strong>El nombre de mi cuerpo es 60d e imagin\u00e1is bien: me ha robado el coraz\u00f3n por completo.\u00a0<\/strong><\/p>\n<!-- AddThis Advanced Settings generic via filter on the_content --><!-- AddThis Share Buttons generic via filter on the_content -->","protected":false},"excerpt":{"rendered":"<p>Presumo siempre de no ser nada superficial en cuanto a f\u00edsico, pero he de reconocer que esta vez me he enamorado de un cuerpo, m\u00e1s grande, fuerte y masculino que a los que estoy acostumbrada a poseer entre mis brazos, a apretar junto a mi cuerpo. Tiene una piel muy \u00e1spera, muy varonil. Deja huella [&hellip;]<!-- AddThis Advanced Settings generic via filter on get_the_excerpt --><!-- AddThis Share Buttons generic via filter on get_the_excerpt --><\/p>\n","protected":false},"author":45,"featured_media":0,"comment_status":"open","ping_status":"closed","sticky":false,"template":"","format":"standard","meta":[],"categories":[3],"tags":[42,577,1119,1420,1563,1577,1702,1754,2045,2570,2820,2938,3885,4220],"_links":{"self":[{"href":"https:\/\/blogs.hoy.es\/solitaencaceres\/wp-json\/wp\/v2\/posts\/947"}],"collection":[{"href":"https:\/\/blogs.hoy.es\/solitaencaceres\/wp-json\/wp\/v2\/posts"}],"about":[{"href":"https:\/\/blogs.hoy.es\/solitaencaceres\/wp-json\/wp\/v2\/types\/post"}],"author":[{"embeddable":true,"href":"https:\/\/blogs.hoy.es\/solitaencaceres\/wp-json\/wp\/v2\/users\/45"}],"replies":[{"embeddable":true,"href":"https:\/\/blogs.hoy.es\/solitaencaceres\/wp-json\/wp\/v2\/comments?post=947"}],"version-history":[{"count":0,"href":"https:\/\/blogs.hoy.es\/solitaencaceres\/wp-json\/wp\/v2\/posts\/947\/revisions"}],"wp:attachment":[{"href":"https:\/\/blogs.hoy.es\/solitaencaceres\/wp-json\/wp\/v2\/media?parent=947"}],"wp:term":[{"taxonomy":"category","embeddable":true,"href":"https:\/\/blogs.hoy.es\/solitaencaceres\/wp-json\/wp\/v2\/categories?post=947"},{"taxonomy":"post_tag","embeddable":true,"href":"https:\/\/blogs.hoy.es\/solitaencaceres\/wp-json\/wp\/v2\/tags?post=947"}],"curies":[{"name":"wp","href":"https:\/\/api.w.org\/{rel}","templated":true}]}}