{"id":949,"date":"2014-06-26T12:19:56","date_gmt":"2014-06-26T12:19:56","guid":{"rendered":"http:\/\/blogs.hoy.es\/solitaencaceres\/?p=949"},"modified":"2014-06-26T12:19:56","modified_gmt":"2014-06-26T12:19:56","slug":"caceres-huele-mal-cuando-llueve","status":"publish","type":"post","link":"https:\/\/blogs.hoy.es\/solitaencaceres\/2014\/06\/26\/caceres-huele-mal-cuando-llueve\/","title":{"rendered":"C\u00e1ceres huele mal cuando llueve"},"content":{"rendered":"<p style=\"text-align: center;\"><a href=\"\/solitaencaceres\/wp-content\/uploads\/sites\/41\/2014\/06\/Lluvia5.jpg\"><img loading=\"lazy\" class=\"aligncenter  wp-image-950\" title=\"Lluvia\" src=\"\/solitaencaceres\/wp-content\/uploads\/sites\/41\/2014\/06\/Lluvia5.jpg\" alt=\"\" width=\"554\" height=\"349\" srcset=\"https:\/\/static-blogs.hoy.es\/wp-content\/uploads\/sites\/41\/2014\/06\/Lluvia5.jpg 4272w, https:\/\/static-blogs.hoy.es\/wp-content\/uploads\/sites\/41\/2014\/06\/Lluvia5-300x189.jpg 300w, https:\/\/static-blogs.hoy.es\/wp-content\/uploads\/sites\/41\/2014\/06\/Lluvia5-768x484.jpg 768w, https:\/\/static-blogs.hoy.es\/wp-content\/uploads\/sites\/41\/2014\/06\/Lluvia5-1024x645.jpg 1024w\" sizes=\"(max-width: 554px) 100vw, 554px\" \/><\/a><\/p>\n<p>Es curioso c\u00f3mo <strong>el olor de la lluvia<\/strong> puede vivirse de una manera tan diferente dependiendo de si est\u00e1s <strong>en el pueblo o en la ciudad.<\/strong> Que no es por generalizar, pues tampoco s\u00e9 c\u00f3mo son los d\u00edas lluviosos en otras ciudades espa\u00f1olas, pero <strong>los de C\u00e1ceres me los conozco de sobra, tienen un olor particular y nada agradable.<\/strong><\/p>\n<p>Cuando llueve y estoy en el pueblo, aparte de un fuerte dolor de cabeza que me produce el mal tiempo, <strong>me pongo triste, me vuelvo melanc\u00f3lica,<\/strong> aunque eso no quiere decir que me quede en casa encerrada. Este efecto me lo provoca <strong>el olor a tierra mojada,<\/strong> un aroma que me sacia, que me gusta<strong>, tan nost\u00e1lgico y que tanto me recuerda a la infancia<\/strong>, a tardes de refugiarse <strong>debajo de alguna encina por el campo<\/strong> cuando ibas con la bici y la lluvia no cesaba, a tardes de oto\u00f1o <strong>mirando desde la ventana de la habitaci\u00f3n<\/strong> esperando a que parara de caer agua para jugar con los amigos en la calle, o a d\u00edas de esos en los que tu madre iba a buscarte <strong>a la salida de la escuela en coche porque las calles parec\u00edan una cascada.<\/strong><\/p>\n<p>Sin embargo, los d\u00edas que llueve en C\u00e1ceres, m\u00e1s que tener nostalgia y recuerdos del pasado, <strong>lo que no tengo son ganas de salir a la calle,<\/strong> a pesar del juego que dan esos d\u00edas para fotografiar. Ayer iba a las siete de la ma\u00f1ana camino de la Cruz, a coger el autob\u00fas para bajar a la facultad a hacer un examen, y <strong>me alegr\u00e9 de no haber desayunado m\u00e1s que una peque\u00f1a taza de caf\u00e9, pues de haber tomado algo s\u00f3lido, probablemente lo habr\u00eda vomitado<\/strong> por el olor tan asqueroso que se respiraba en la calle. Era una mezcla de humedad, que se te pegaba al cuerpo, mezclada <strong>con un aroma a alcantarilla con aguas estancadas, a comida putrefacta y a caca de perro reci\u00e9n pisada.<\/strong><\/p>\n<p>Pero no ha sido algo puntual, ni un hecho aislado de una ma\u00f1ana, llevo vivi\u00e9ndolo desde que estoy en C\u00e1ceres hace ya casi dos a\u00f1os. De hecho, la tarde antes, iba camino del piso de una compa\u00f1era de clase para preparar un examen y, <strong>tras anestesiarme con el mal olor de la lluvia<\/strong>, que en C\u00e1ceres para nada huele a tierra mojada, <strong>el aroma se me meti\u00f3 en la nariz o debi\u00f3 de peg\u00e1rseme al cuerpo, porque cuando llegu\u00e9 a mi destino y sub\u00eda en el ascensor, estuve todo el tiempo obsesionada mir\u00e1ndome los zapatos,<\/strong> pensando que hab\u00eda pisado una caca de perro. Pens\u00e1ndolo ahora bien, tal vez no hubiera estado mal, pues dicen que da suerte y mucho de eso necesito yo para <strong>poder aprobar los ex\u00e1menes que me quedan e irme a Roma.<\/strong> Y total, sin pisarla, tuve que aguantar el mal olor sin ni siquiera poder <strong>restregar las zapatillas en la hierba para librarme de \u00e9l.<\/strong> Que no llueva m\u00e1s, por favor, hasta <strong>que vuelva al pueblo.<\/strong><\/p>\n<!-- AddThis Advanced Settings generic via filter on the_content --><!-- AddThis Share Buttons generic via filter on the_content -->","protected":false},"excerpt":{"rendered":"<p>Es curioso c\u00f3mo el olor de la lluvia puede vivirse de una manera tan diferente dependiendo de si est\u00e1s en el pueblo o en la ciudad. Que no es por generalizar, pues tampoco s\u00e9 c\u00f3mo son los d\u00edas lluviosos en otras ciudades espa\u00f1olas, pero los de C\u00e1ceres me los conozco de sobra, tienen un olor [&hellip;]<!-- AddThis Advanced Settings generic via filter on get_the_excerpt --><!-- AddThis Share Buttons generic via filter on get_the_excerpt --><\/p>\n","protected":false},"author":45,"featured_media":0,"comment_status":"open","ping_status":"closed","sticky":false,"template":"","format":"standard","meta":[],"categories":[3],"tags":[577,2041,2421,2422,2969,3447],"_links":{"self":[{"href":"https:\/\/blogs.hoy.es\/solitaencaceres\/wp-json\/wp\/v2\/posts\/949"}],"collection":[{"href":"https:\/\/blogs.hoy.es\/solitaencaceres\/wp-json\/wp\/v2\/posts"}],"about":[{"href":"https:\/\/blogs.hoy.es\/solitaencaceres\/wp-json\/wp\/v2\/types\/post"}],"author":[{"embeddable":true,"href":"https:\/\/blogs.hoy.es\/solitaencaceres\/wp-json\/wp\/v2\/users\/45"}],"replies":[{"embeddable":true,"href":"https:\/\/blogs.hoy.es\/solitaencaceres\/wp-json\/wp\/v2\/comments?post=949"}],"version-history":[{"count":0,"href":"https:\/\/blogs.hoy.es\/solitaencaceres\/wp-json\/wp\/v2\/posts\/949\/revisions"}],"wp:attachment":[{"href":"https:\/\/blogs.hoy.es\/solitaencaceres\/wp-json\/wp\/v2\/media?parent=949"}],"wp:term":[{"taxonomy":"category","embeddable":true,"href":"https:\/\/blogs.hoy.es\/solitaencaceres\/wp-json\/wp\/v2\/categories?post=949"},{"taxonomy":"post_tag","embeddable":true,"href":"https:\/\/blogs.hoy.es\/solitaencaceres\/wp-json\/wp\/v2\/tags?post=949"}],"curies":[{"name":"wp","href":"https:\/\/api.w.org\/{rel}","templated":true}]}}