{"id":951,"date":"2014-07-08T10:20:04","date_gmt":"2014-07-08T10:20:04","guid":{"rendered":"http:\/\/blogs.hoy.es\/solitaencaceres\/?p=951"},"modified":"2014-07-08T10:20:04","modified_gmt":"2014-07-08T10:20:04","slug":"una-chica-urbanita","status":"publish","type":"post","link":"https:\/\/blogs.hoy.es\/solitaencaceres\/2014\/07\/08\/una-chica-urbanita\/","title":{"rendered":"Una chica urbanita"},"content":{"rendered":"<p style=\"text-align: center;\"><a href=\"\/solitaencaceres\/wp-content\/uploads\/sites\/41\/2014\/07\/10517658_10202448757479999_8670675944151480029_o.jpg\"><img loading=\"lazy\" class=\"aligncenter  wp-image-952\" title=\"Una chica urbanita\" src=\"\/solitaencaceres\/wp-content\/uploads\/sites\/41\/2014\/07\/10517658_10202448757479999_8670675944151480029_o.jpg\" alt=\"\" width=\"538\" height=\"302\" srcset=\"https:\/\/static-blogs.hoy.es\/wp-content\/uploads\/sites\/41\/2014\/07\/10517658_10202448757479999_8670675944151480029_o.jpg 1280w, https:\/\/static-blogs.hoy.es\/wp-content\/uploads\/sites\/41\/2014\/07\/10517658_10202448757479999_8670675944151480029_o-300x169.jpg 300w, https:\/\/static-blogs.hoy.es\/wp-content\/uploads\/sites\/41\/2014\/07\/10517658_10202448757479999_8670675944151480029_o-768x432.jpg 768w, https:\/\/static-blogs.hoy.es\/wp-content\/uploads\/sites\/41\/2014\/07\/10517658_10202448757479999_8670675944151480029_o-1024x576.jpg 1024w\" sizes=\"(max-width: 538px) 100vw, 538px\" \/><\/a><\/p>\n<p>Hace poco m\u00e1s de seis a\u00f1os, nadie me hubiera imaginado como estoy ahora. De hecho, siempre que vuelvo al pueblo y me encuentro con gente que me ha visto en mi infancia, me recuerdan como <strong>esa muchachina que iba siempre en ch\u00e1ndal, que jugaba al f\u00fatbol con los muchachos, que llevaba el pelo corto al taz\u00f3n y que disfrutaba ensuci\u00e1ndose en el barro, y\u00e9ndose al campo con los galgos o cogiendo en el tinao los huevos de las gallinas.<\/strong><\/p>\n<p>Sin embargo, de esa ni\u00f1a ya queda poco. Ahora<strong> me ven arregladita, cuidando m\u00e1s de mi aspecto f\u00edsico, bastante m\u00e1s delgada, maquillada, con los labios pintados, con el pelo largo, mi c\u00e1mara fotogr\u00e1fica a cuestas, que me da un toque moderno, y una carrera casi terminada a las espaldas,<\/strong> que a ver qui\u00e9n apostaba por m\u00ed por entonces que yo fuera a hacer otra carrera que no fuera la del galgo, con collera, por supuesto.<\/p>\n<p>El problema viene, realmente, cuando intento mezclar los dos mundos, <strong>cuando tengo que ir al campo y en vez de ponerme ropa vieja me voy arreglada, y si estoy sin maquillar me siento inc\u00f3moda, y si por el contrario, voy con polvos en la cara, me siento rid\u00edcula<\/strong>, y la gente me mira con cara de <strong>&#8220;y de d\u00f3nde habr\u00e1 salido esta ni\u00f1ata pija&#8221;<\/strong>, cuando en realidad no saben que yo me he criado jugando entre la paja. Aunque cuando m\u00e1s asco me doy a m\u00ed misma es en el momento en el que <strong>se me acerca un animal y por miedo a que me salte, y a que me ensucie, cosa que de chica me encantaba provocar, ahora salgo corriendo, y me aparto, al grito de &#8220;\u00a1Ay, que no me manche, que no me manche!&#8221;.<\/strong><\/p>\n<p>Supongo que estos a\u00f1os de universitaria y de estar viviendo en la ciudad me han cambiado, <strong>me han vuelto una chica urbanita.<\/strong> Lo que yo no imaginaba es que iba a ser hasta el extremo de<strong> cogerle alergia al campo.<\/strong> No s\u00e9 a qu\u00e9 se debe, pero las tres \u00faltimas veces que lo he pisado he terminado<strong> llena de erupciones por el cuerpo<\/strong>, casi haci\u00e9ndome heridas de rascarme fuerte, y con muchas ganas de volver a<strong> mi h\u00e1bitat natural: la ciudad, el ruido de los coches, las aglomeraciones de gente&#8230;<\/strong> Qui\u00e9n me ha visto y qui\u00e9n me ve: deseando lo que siempre odi\u00e9 y desechando el ambiente rural que me hizo feliz muchos a\u00f1os.<\/p>\n<!-- AddThis Advanced Settings generic via filter on the_content --><!-- AddThis Share Buttons generic via filter on the_content -->","protected":false},"excerpt":{"rendered":"<p>Hace poco m\u00e1s de seis a\u00f1os, nadie me hubiera imaginado como estoy ahora. De hecho, siempre que vuelvo al pueblo y me encuentro con gente que me ha visto en mi infancia, me recuerdan como esa muchachina que iba siempre en ch\u00e1ndal, que jugaba al f\u00fatbol con los muchachos, que llevaba el pelo corto al [&hellip;]<!-- AddThis Advanced Settings generic via filter on get_the_excerpt --><!-- AddThis Share Buttons generic via filter on get_the_excerpt --><\/p>\n","protected":false},"author":45,"featured_media":0,"comment_status":"open","ping_status":"closed","sticky":false,"template":"","format":"standard","meta":[],"categories":[3],"tags":[157,218,640,664,739,821,894,1476,1801,1810,1814,2106,2314,2861,4012,4167],"_links":{"self":[{"href":"https:\/\/blogs.hoy.es\/solitaencaceres\/wp-json\/wp\/v2\/posts\/951"}],"collection":[{"href":"https:\/\/blogs.hoy.es\/solitaencaceres\/wp-json\/wp\/v2\/posts"}],"about":[{"href":"https:\/\/blogs.hoy.es\/solitaencaceres\/wp-json\/wp\/v2\/types\/post"}],"author":[{"embeddable":true,"href":"https:\/\/blogs.hoy.es\/solitaencaceres\/wp-json\/wp\/v2\/users\/45"}],"replies":[{"embeddable":true,"href":"https:\/\/blogs.hoy.es\/solitaencaceres\/wp-json\/wp\/v2\/comments?post=951"}],"version-history":[{"count":0,"href":"https:\/\/blogs.hoy.es\/solitaencaceres\/wp-json\/wp\/v2\/posts\/951\/revisions"}],"wp:attachment":[{"href":"https:\/\/blogs.hoy.es\/solitaencaceres\/wp-json\/wp\/v2\/media?parent=951"}],"wp:term":[{"taxonomy":"category","embeddable":true,"href":"https:\/\/blogs.hoy.es\/solitaencaceres\/wp-json\/wp\/v2\/categories?post=951"},{"taxonomy":"post_tag","embeddable":true,"href":"https:\/\/blogs.hoy.es\/solitaencaceres\/wp-json\/wp\/v2\/tags?post=951"}],"curies":[{"name":"wp","href":"https:\/\/api.w.org\/{rel}","templated":true}]}}