{"id":98,"date":"2012-07-06T00:26:01","date_gmt":"2012-07-06T00:26:01","guid":{"rendered":"http:\/\/blogs.hoy.es\/solitaencaceres\/?p=98"},"modified":"2012-07-06T00:26:01","modified_gmt":"2012-07-06T00:26:01","slug":"yujuuu-otra-temporada-en-leb-oro","status":"publish","type":"post","link":"https:\/\/blogs.hoy.es\/solitaencaceres\/2012\/07\/06\/yujuuu-otra-temporada-en-leb-oro\/","title":{"rendered":"Yujuuu, otra temporada en LEB Oro"},"content":{"rendered":"<div id=\"attachment_99\" style=\"width: 587px\" class=\"wp-caption aligncenter\"><a href=\"\/solitaencaceres\/wp-content\/uploads\/sites\/41\/2012\/07\/Captura11.jpg\"><img aria-describedby=\"caption-attachment-99\" loading=\"lazy\" class=\"size-full wp-image-99 \" title=\"Alonso de la Torre animando al equipo en el Multiusos\" src=\"\/solitaencaceres\/wp-content\/uploads\/sites\/41\/2012\/07\/Captura11.jpg\" alt=\"Alonso de la Torre animando al equipo en el Multiusos\" width=\"577\" height=\"433\" srcset=\"https:\/\/static-blogs.hoy.es\/wp-content\/uploads\/sites\/41\/2012\/07\/Captura11.jpg 824w, https:\/\/static-blogs.hoy.es\/wp-content\/uploads\/sites\/41\/2012\/07\/Captura11-300x225.jpg 300w, https:\/\/static-blogs.hoy.es\/wp-content\/uploads\/sites\/41\/2012\/07\/Captura11-768x577.jpg 768w\" sizes=\"(max-width: 577px) 100vw, 577px\" \/><\/a><p id=\"caption-attachment-99\" class=\"wp-caption-text\">Alonso de la Torre animando al equipo en el Multiusos<\/p><\/div>\n<p>Descubr\u00ed el <strong><a href=\"http:\/\/blogs.hoy.es\/caceres-sabe-a-plyoffs\/\" target=\"_blank\">C\u00e1ceres de baloncesto<\/a><\/strong> con <a href=\"http:\/\/www.hoy.es\/v\/20120131\/caceres\/alonso-torre-20120131.html\" target=\"_blank\">Alonso de la Torre<\/a> hace alg\u00fan tiempo. Fue gracias a un partido amistoso que jug\u00f3 el <strong>C\u00e1ceres contra el Huelva en <a href=\"http:\/\/www.hoyarroyodelaluz.es\/\" target=\"_blank\">Arroyo de la Luz<\/a><\/strong>. Alonso me propuso que lo acompa\u00f1ara al Ayuntamiento a por unas entradas para asistir al pabell\u00f3n. R<strong>ecuerdo ese trayecto con mucha tristeza<\/strong>, porque la gente lo paraba por la calle para darle la enhorabuena por su cargo de<strong> <a href=\"http:\/\/www.hoy.es\/20090830\/sociedad\/jose-ramon-alonso-torre-20090830.html\" target=\"_blank\">director de la ESAD<\/a><\/strong> y yo sufr\u00eda solo de pensar que <strong>no volver\u00eda a darme clase nunca m\u00e1s<\/strong>. Fue un 4 de septiembre y <strong>conservo la entrada de ese partido<\/strong> como si fuera el acontecimiento m\u00e1s importante de mi vida, a pesar de que no sab\u00eda ni que el C\u00e1ceres jugase en la <a href=\"http:\/\/www.hoy.es\/v\/20120706\/deportes\/baloncesto\/caceres-patrimonio-volvera-20120706.html\" target=\"_blank\">LEB Oro<\/a>.<\/p>\n<p>Cuando empezamos a hacer entrevistas, <strong>Alonso me hablaba mucho de su afici\u00f3n por el <a href=\"http:\/\/www.hoy.es\/v\/20120706\/deportes\/baloncesto\/caceres-patrimonio-volvera-20120706.html\" target=\"_blank\">baloncesto<\/a><\/strong>. Me contaba que escuchaba partidos del C\u00e1ceres desde Galicia llamando por tel\u00e9fono y un familiar en C\u00e1ceres le pon\u00eda la radio o que de vez en cuando viajaba para verlo. A m\u00ed me resultaba raro eso de que el<a href=\"http:\/\/www.hoy.es\/20120507\/local\/caceres\/canasta-freixanet-ascenso-caceres-201205071947.html\" target=\"_blank\"> C\u00e1ceres hubiera jugado en la ACB<\/a> con el Real Madrid o con el Regal Barcelona. Un d\u00eda me ense\u00f1\u00f3 que en su cartera no guardaba fotos de familiares sino que <strong>ten\u00eda una entrada del primer partido de baloncesto del C\u00e1ceres en ACB<\/strong>: C\u00e1ceres-DKV Juventud. Que por cierto, gan\u00f3 el C\u00e1ceres.<\/p>\n<p>El a\u00f1o pasado, a la vuelta de una entrevista, a Alonso no le daba tiempo a llevarme a <a href=\"http:\/\/www.hoyarroyodelaluz.es\/\" target=\"_blank\">Arroyo<\/a> y volver al <strong>tercer partido contra el <a href=\"http:\/\/www.hoy.es\/v\/20110507\/deportes\/baloncesto\/obra-inalcanzable-apea-caceres-20110507.html\" target=\"_blank\">Obradoiro en play off<\/a><\/strong>, y fui con \u00e9l <strong>por primera vez al <a href=\"http:\/\/www.hoy.es\/videos\/noticias-de-extremadura\/extremadura\/1304904030001-alonso-torre-caceres-insolita.html\" target=\"_blank\">Multiusos<\/a><\/strong>. Creo que ese d\u00eda me enamor\u00e9 del ambiente, de la afici\u00f3n y del equipo. La eliminatoria estaba a favor del Obradoiro con los dos partidos jugados en casa ganados, pero la gente segu\u00eda teniendo ilusi\u00f3n, animando. <strong>Alonso se volv\u00eda loco de emoci\u00f3n con cada canasta:<\/strong>\u00a0gritaba, saltaba, comentaba las jugadas\u2026 \u00a0<strong>Y el C\u00e1ceres gan\u00f3.<\/strong><\/p>\n<p>Disfrut\u00e9 tanto con el partido del Obradoiro que la temporada pasada <strong>decid\u00ed hacerme abonada<\/strong>. Cuando \u00edbamos a las entrevistas, Alonso ya no me ten\u00eda que contar los partidos, sino que<strong> me contaba la previa y las curiosidades del equipo<\/strong> contra el que jug\u00e1bamos esa semana. Est\u00e1bamos muy contentos con <strong>el gran equipo que ten\u00edamos<\/strong>, sobre todo por la emocionante <strong><a href=\"http:\/\/www.hoy.es\/v\/20110917\/deportes\/baloncesto\/real-madrid-sucumbe-ante-20110917.html\" target=\"_blank\">victoria ante el Real Madrid\u00a0<\/a><\/strong> que nos impresion\u00f3 much\u00edsimo.<\/p>\n<p>En los descansos, al principio, nos qued\u00e1bamos sentados, luego lo fui animando. Primero empezamos <strong>dando una vuelta al campo<\/strong> y ya \u00faltimamente <strong>acab\u00e1bamos comiendo palomitas y<a href=\"http:\/\/www.hoy.es\/20071011\/caceres\/caceres-palpita-patatas-fritas-20071011.html\" target=\"_blank\"> patatas fritas El Gallo<\/a><\/strong>, sus favoritas. Nos encontr\u00e1bamos con antiguos y actuales profesores y compa\u00f1eros de instituto suyos y m\u00edos, con antiguos entrevistados o con personas que hab\u00edan participado en <a href=\"http:\/\/www.hoy.es\/videos\/vivir\/caceres-insolita\/\" target=\"_blank\">C\u00e1ceres Ins\u00f3lita<\/a>.<\/p>\n<p>Hasta ayer, <strong>estaba un poco asustada.<\/strong> Empezaba a creer que <strong>perder\u00eda toda esa emoci\u00f3n que me hab\u00eda producido el baloncesto<\/strong> en el Multiusos el \u00faltimo a\u00f1o. Ahora, tras la decisi\u00f3n de seguir jugando <strong>una temporada m\u00e1s en LEB Oro<\/strong> vuelvo a so\u00f1ar con <strong>los paseos en los descansos, con las victorias en el \u00faltimo segundo y \u00a0con los gritos e insultos a las t\u00e9cnicas pitadas por los \u00e1rbitros.<\/strong><\/p>\n<!-- AddThis Advanced Settings generic via filter on the_content --><!-- AddThis Share Buttons generic via filter on the_content -->","protected":false},"excerpt":{"rendered":"<p>Descubr\u00ed el C\u00e1ceres de baloncesto con Alonso de la Torre hace alg\u00fan tiempo. Fue gracias a un partido amistoso que jug\u00f3 el C\u00e1ceres contra el Huelva en Arroyo de la Luz. Alonso me propuso que lo acompa\u00f1ara al Ayuntamiento a por unas entradas para asistir al pabell\u00f3n. Recuerdo ese trayecto con mucha tristeza, porque la [&hellip;]<!-- AddThis Advanced Settings generic via filter on get_the_excerpt --><!-- AddThis Share Buttons generic via filter on get_the_excerpt --><\/p>\n","protected":false},"author":45,"featured_media":0,"comment_status":"open","ping_status":"closed","sticky":false,"template":"","format":"standard","meta":[],"categories":[3],"tags":[72,174,275,295,354,378,577,580,582,583,678,1262,1445,1454,1462,1811,1963,2347,2803,2942,3000,3031,3111,3505,3537],"_links":{"self":[{"href":"https:\/\/blogs.hoy.es\/solitaencaceres\/wp-json\/wp\/v2\/posts\/98"}],"collection":[{"href":"https:\/\/blogs.hoy.es\/solitaencaceres\/wp-json\/wp\/v2\/posts"}],"about":[{"href":"https:\/\/blogs.hoy.es\/solitaencaceres\/wp-json\/wp\/v2\/types\/post"}],"author":[{"embeddable":true,"href":"https:\/\/blogs.hoy.es\/solitaencaceres\/wp-json\/wp\/v2\/users\/45"}],"replies":[{"embeddable":true,"href":"https:\/\/blogs.hoy.es\/solitaencaceres\/wp-json\/wp\/v2\/comments?post=98"}],"version-history":[{"count":0,"href":"https:\/\/blogs.hoy.es\/solitaencaceres\/wp-json\/wp\/v2\/posts\/98\/revisions"}],"wp:attachment":[{"href":"https:\/\/blogs.hoy.es\/solitaencaceres\/wp-json\/wp\/v2\/media?parent=98"}],"wp:term":[{"taxonomy":"category","embeddable":true,"href":"https:\/\/blogs.hoy.es\/solitaencaceres\/wp-json\/wp\/v2\/categories?post=98"},{"taxonomy":"post_tag","embeddable":true,"href":"https:\/\/blogs.hoy.es\/solitaencaceres\/wp-json\/wp\/v2\/tags?post=98"}],"curies":[{"name":"wp","href":"https:\/\/api.w.org\/{rel}","templated":true}]}}