{"id":983,"date":"2014-09-20T12:19:06","date_gmt":"2014-09-20T12:19:06","guid":{"rendered":"http:\/\/blogs.hoy.es\/solitaencaceres\/?p=983"},"modified":"2014-09-20T12:19:06","modified_gmt":"2014-09-20T12:19:06","slug":"solita-en-roma","status":"publish","type":"post","link":"https:\/\/blogs.hoy.es\/solitaencaceres\/2014\/09\/20\/solita-en-roma\/","title":{"rendered":"Solita en Roma"},"content":{"rendered":"<p style=\"text-align: center;\"><a href=\"\/solitaencaceres\/wp-content\/uploads\/sites\/41\/2014\/09\/Carol.jpg\"><img loading=\"lazy\" class=\"aligncenter  wp-image-984\" title=\"Carol\" src=\"\/solitaencaceres\/wp-content\/uploads\/sites\/41\/2014\/09\/Carol.jpg\" alt=\"\" width=\"691\" height=\"389\" srcset=\"https:\/\/static-blogs.hoy.es\/wp-content\/uploads\/sites\/41\/2014\/09\/Carol.jpg 1280w, https:\/\/static-blogs.hoy.es\/wp-content\/uploads\/sites\/41\/2014\/09\/Carol-300x169.jpg 300w, https:\/\/static-blogs.hoy.es\/wp-content\/uploads\/sites\/41\/2014\/09\/Carol-768x432.jpg 768w, https:\/\/static-blogs.hoy.es\/wp-content\/uploads\/sites\/41\/2014\/09\/Carol-1024x576.jpg 1024w\" sizes=\"(max-width: 691px) 100vw, 691px\" \/><\/a><\/p>\n<p>Ayer tuve un d\u00eda duro, me dio el baj\u00f3n tras tanto subid\u00f3n y tanto no parar de ir de aqu\u00ed para all\u00e1. Desde el mi\u00e9rcoles que sal\u00ed de C\u00e1ceres en autob\u00fas, he tenido los nervios a flor de piel, he estado con mucha tensi\u00f3n en todo momento, <strong>pendiente de no cometer errores que pudieran complicarme el viaje<\/strong>, como que me cerrasen la estaci\u00f3n de Sevilla de noche antes de que llegase, y por tanto tambi\u00e9n la consigna, y <strong>no pudiera sacar la maleta para llev\u00e1rmela en el avi\u00f3n, o que me quedase dormida leyendo toda la noche en el aeropuerto, cosa que pudo pasarme perfectamente.<\/strong><\/p>\n<p>La tarde fue muy intensa, porque en Sevilla disfrut\u00e9 paseando y fotografiando por los alrededores de la Giralda, la Torre del Oro y la Maestranza. Esa noche, en cambio, sufr\u00ed,<strong> tirada en el suelo del aeropuerto unas ocho horas por estar cerca de un enchufe para cargar el tel\u00e9fono, a la vez que me entreten\u00eda con la longeva historia de amor de Max Costa y Mecha Inzunza, escrita por P\u00e9rez Reverte<\/strong> (\u201cEl tango de la guardia vieja\u201d). A las 4 de la madrugada, decid\u00ed sentarme en los sof\u00e1s de espera acolchados y fue el peor error que pude cometer, pues cerr\u00e9 los ojos sin darme cuenta y <strong>menos mal que hab\u00eda puesto antes varias alarmas para facturar la maleta grande<\/strong>, si no, a lo mejor no me hubiera despertado despu\u00e9s del cansancio de todo el d\u00eda y habr\u00eda perdido el avi\u00f3n.<\/p>\n<p>El jueves mi casero fue a buscarme al aeropuerto temprano y, <strong>tras esperar a que hiciese unas compras en un supermercado y quedarme dormida en su coche<\/strong>, llegamos al piso donde estoy alojada. Conforme firm\u00e9 el contrato y me dio las llaves, desaparec\u00ed de casa y <strong>me fui en metro a Ikea<\/strong>, que est\u00e1 muy lejos del centro de Roma, a <strong>18 paradas de donde vivo,<\/strong> con transbordo de l\u00ednea incluido. Necesitaba s\u00e1banas, edred\u00f3n, perchas\u2026 \u00datiles que no pod\u00eda traer de Espa\u00f1a porque me aumentaban el peso de la maleta y tampoco sab\u00eda de qu\u00e9 tama\u00f1o los iba a necesitar (por las dimensiones de la cama). La vuelta de Ikea en metro fue curiosa porque <strong>presenci\u00e9 una semi pelea entre un transe\u00fante que ped\u00eda dinero y un chaval que le vacilaba.<\/strong> Se hizo hueco en el medio del vag\u00f3n, el mendigo tir\u00f3 su bolsa al suelo, puso los pu\u00f1os a la altura del pecho y<strong> dijo algo as\u00ed como ven aqu\u00ed si tienes huevos.<\/strong> El chico se levant\u00f3 del asiento y se fue mientras el otro se acordaba de su madre. Pas\u00e9 bastante miedo.<\/p>\n<p>Al llegar a mi parada de metro correspondiente, Tiburtina, por donde vivo, <strong>estuve como media hora buscando la salida adecuada hacia mi calle.<\/strong> No es tanto el tiempo comparado con que en Ikea estuve como dos horas buscando las s\u00e1banas, que adem\u00e1s<strong> no sab\u00eda c\u00f3mo se dec\u00edan en italiano y cuando preguntaba por ellas, nadie entend\u00eda lo que necesitaba.<\/strong><\/p>\n<p>Llegu\u00e9 a casa ya anochecido. Mis compa\u00f1eros de piso no sab\u00edan que yo estaba aqu\u00ed alojada porque estaban trabajando cuando llegu\u00e9 por la ma\u00f1ana y no los hab\u00edan avisado.<strong> Me encontr\u00e9 a uno pasando el sal\u00f3n sin camisa camino de la ducha y se qued\u00f3 alucinando al verme<\/strong>, sin palabras. Aunque sin palabras me qued\u00e9 luego yo al ver c\u00f3mo dominaba el espa\u00f1ol sin haberlo estudiado, cuando yo llevo un a\u00f1o ya con italiano y me cuesta decir tres palabras seguidas. Tras hablar un rato con \u00e9l, colocar las cosas en mi habitaci\u00f3n, poner la ropa en el armario, etc\u00e9tera, <strong>ca\u00ed rendida en la cama.<\/strong><\/p>\n<p>As\u00ed que ayer cuando me despert\u00e9 y no sab\u00eda qu\u00e9 hacer, a d\u00f3nde ir ni con qui\u00e9n quedar para tomar algo o dar una vuelta, como suelo hacer en C\u00e1ceres, <strong>me dio el baj\u00f3n.<\/strong> Me pill\u00e9 un metro, <strong>me fui a sentar frente al Coliseo<\/strong> y desde all\u00ed\u00ed, a andar por donde me llevase el cuerpo. Reconozco que era raro, y aunque iba con mi c\u00e1mara, me sent\u00eda sola,<strong> solita en Roma,<\/strong> cruz\u00e1ndome con grupos de chavales j\u00f3venes que re\u00edan, parejas tumbadas en parques, ni\u00f1os comiendo helados\u2026 Por la tarde volv\u00ed a casa angustiada, con ganas de hablar con alguien, de intercambiar unas palabras, pero mis compa\u00f1eros no estaban.<\/p>\n<p><strong>Estos d\u00edas de adaptaci\u00f3n est\u00e1n siendo tan dif\u00edciles de digerir como este post por tantos momentos y circunstancias por las que he pasado y que os intento resumir.<\/strong><\/p>\n<!-- AddThis Advanced Settings generic via filter on the_content --><!-- AddThis Share Buttons generic via filter on the_content -->","protected":false},"excerpt":{"rendered":"<p>Ayer tuve un d\u00eda duro, me dio el baj\u00f3n tras tanto subid\u00f3n y tanto no parar de ir de aqu\u00ed para all\u00e1. Desde el mi\u00e9rcoles que sal\u00ed de C\u00e1ceres en autob\u00fas, he tenido los nervios a flor de piel, he estado con mucha tensi\u00f3n en todo momento, pendiente de no cometer errores que pudieran complicarme [&hellip;]<!-- AddThis Advanced Settings generic via filter on get_the_excerpt --><!-- AddThis Share Buttons generic via filter on get_the_excerpt --><\/p>\n","protected":false},"author":45,"featured_media":0,"comment_status":"open","ping_status":"closed","sticky":false,"template":"","format":"standard","meta":[],"categories":[3],"tags":[93,108,248,577,981,1465,2076,2504,2647,3140,3241,3625,3771,3835,3992,4088],"_links":{"self":[{"href":"https:\/\/blogs.hoy.es\/solitaencaceres\/wp-json\/wp\/v2\/posts\/983"}],"collection":[{"href":"https:\/\/blogs.hoy.es\/solitaencaceres\/wp-json\/wp\/v2\/posts"}],"about":[{"href":"https:\/\/blogs.hoy.es\/solitaencaceres\/wp-json\/wp\/v2\/types\/post"}],"author":[{"embeddable":true,"href":"https:\/\/blogs.hoy.es\/solitaencaceres\/wp-json\/wp\/v2\/users\/45"}],"replies":[{"embeddable":true,"href":"https:\/\/blogs.hoy.es\/solitaencaceres\/wp-json\/wp\/v2\/comments?post=983"}],"version-history":[{"count":0,"href":"https:\/\/blogs.hoy.es\/solitaencaceres\/wp-json\/wp\/v2\/posts\/983\/revisions"}],"wp:attachment":[{"href":"https:\/\/blogs.hoy.es\/solitaencaceres\/wp-json\/wp\/v2\/media?parent=983"}],"wp:term":[{"taxonomy":"category","embeddable":true,"href":"https:\/\/blogs.hoy.es\/solitaencaceres\/wp-json\/wp\/v2\/categories?post=983"},{"taxonomy":"post_tag","embeddable":true,"href":"https:\/\/blogs.hoy.es\/solitaencaceres\/wp-json\/wp\/v2\/tags?post=983"}],"curies":[{"name":"wp","href":"https:\/\/api.w.org\/{rel}","templated":true}]}}