{"id":985,"date":"2014-09-22T09:00:58","date_gmt":"2014-09-22T09:00:58","guid":{"rendered":"http:\/\/blogs.hoy.es\/solitaencaceres\/?p=985"},"modified":"2014-09-22T09:00:58","modified_gmt":"2014-09-22T09:00:58","slug":"el-primer-dia","status":"publish","type":"post","link":"https:\/\/blogs.hoy.es\/solitaencaceres\/2014\/09\/22\/el-primer-dia\/","title":{"rendered":"El primer d\u00eda"},"content":{"rendered":"<p style=\"text-align: center;\"><a href=\"\/solitaencaceres\/wp-content\/uploads\/sites\/41\/2014\/09\/LaSapienza.jpg\"><img loading=\"lazy\" class=\"aligncenter  wp-image-986\" title=\"LaSapienza\" src=\"\/solitaencaceres\/wp-content\/uploads\/sites\/41\/2014\/09\/LaSapienza.jpg\" alt=\"\" width=\"315\" height=\"175\" srcset=\"https:\/\/static-blogs.hoy.es\/wp-content\/uploads\/sites\/41\/2014\/09\/LaSapienza.jpg 450w, https:\/\/static-blogs.hoy.es\/wp-content\/uploads\/sites\/41\/2014\/09\/LaSapienza-300x167.jpg 300w\" sizes=\"(max-width: 315px) 100vw, 315px\" \/><\/a><\/p>\n<p>Estoy tan nerviosa como el primer d\u00eda que entr\u00e9 en el instituto en Arroyo o en la universidad en C\u00e1ceres.<strong> Hoy tengo la presentaci\u00f3n en la Universidad de La Sapienza y las dudas me corroen.<\/strong> A\u00fan no he ido desde mi piso ning\u00fan d\u00eda hasta all\u00ed y no s\u00e9 si me perder\u00e9 por el camino o si coger\u00e9 el metro, el bus, o ir\u00e9 andando. <strong>Lo decidir\u00e9 sobre la marcha.<\/strong> Lo que s\u00ed tengo claro es que teniendo que estar all\u00ed para registrarme entre las 8.30 y las 9.30 de la ma\u00f1ana, m\u00ednimo tengo que salir una hora antes de casa.<\/p>\n<p>No saber hablar bien italiano puede llegar a ser un problema a la hora de relacionarme, sobre todo porque no quer\u00eda, en un principio, <strong>tener que integrarme en grupos de espa\u00f1oles donde voy a aprender cero de italiano.<\/strong> Ya me est\u00e1 pasando en el piso, que han llegado dos espa\u00f1oles m\u00e1s y, aunque estoy genial con ellos, noto que me he relajado y que <strong>ya no le pongo la misma ilusi\u00f3n a hablar con los italianos en la cocina mientras almorzamos.<\/strong><\/p>\n<p>S\u00ed, desde el s\u00e1bado<strong> vivo con cuatro chicos, dos espa\u00f1oles y dos italianos, y estoy encantada.<\/strong> Tras haber tenido mala experiencia viviendo con chicas, necesitaba probar esto de los pisos mixtos y en principio, me mola. Adem\u00e1s, lo que m\u00e1s me gusta de esto es la independencia, porque las chicas que a m\u00ed me gustan para convivir <strong>son esas que cuando van al ba\u00f1o no van de dos en dos, es decir, a las que les gusta ir por libre en todas las facetas. Y dif\u00edcilmente se encuentran.<\/strong><\/p>\n<p>Estos dos chicos espa\u00f1oles est\u00e1n de paso, solo por 15 d\u00edas, hasta que uno de los pisos del bloque de arriba quede libre. <strong>Luego espero que venga gente de otras nacionalidades, para que me ense\u00f1en nuevas costumbres, diferentes comidas\u2026<\/strong><\/p>\n<p>Pero volviendo al tema, hoy es el d\u00eda clave, porque <strong>con mil estudiantes inscritos en las jornadas de presentaci\u00f3n de la Welcome Week de La Sapienza, la tensi\u00f3n y la ilusi\u00f3n de intentar hacerse con un grupo interesante de amigos est\u00e1 presente.<\/strong> Espero no bloquearme y saber desenvolverme. El primer d\u00eda que fui a la Universidad de Extremadura, llegu\u00e9 a casa llorando porque no conoc\u00eda a nadie. Luego, habl\u00e1ndolo con las amigas que hice, me di cuenta de que a todas les hab\u00eda pasado lo mismo.<strong> Los comienzos son dif\u00edciles. Y con un nuevo idioma de por medio, a\u00fan m\u00e1s.<\/strong><\/p>\n<!-- AddThis Advanced Settings generic via filter on the_content --><!-- AddThis Share Buttons generic via filter on the_content -->","protected":false},"excerpt":{"rendered":"<p>Estoy tan nerviosa como el primer d\u00eda que entr\u00e9 en el instituto en Arroyo o en la universidad en C\u00e1ceres. Hoy tengo la presentaci\u00f3n en la Universidad de La Sapienza y las dudas me corroen. A\u00fan no he ido desde mi piso ning\u00fan d\u00eda hasta all\u00ed y no s\u00e9 si me perder\u00e9 por el camino [&hellip;]<!-- AddThis Advanced Settings generic via filter on get_the_excerpt --><!-- AddThis Share Buttons generic via filter on get_the_excerpt --><\/p>\n","protected":false},"author":45,"featured_media":0,"comment_status":"open","ping_status":"closed","sticky":false,"template":"","format":"standard","meta":[],"categories":[3],"tags":[1465,1515,1632,2066,2160,2296,2850,3377,3625,4191,4331],"_links":{"self":[{"href":"https:\/\/blogs.hoy.es\/solitaencaceres\/wp-json\/wp\/v2\/posts\/985"}],"collection":[{"href":"https:\/\/blogs.hoy.es\/solitaencaceres\/wp-json\/wp\/v2\/posts"}],"about":[{"href":"https:\/\/blogs.hoy.es\/solitaencaceres\/wp-json\/wp\/v2\/types\/post"}],"author":[{"embeddable":true,"href":"https:\/\/blogs.hoy.es\/solitaencaceres\/wp-json\/wp\/v2\/users\/45"}],"replies":[{"embeddable":true,"href":"https:\/\/blogs.hoy.es\/solitaencaceres\/wp-json\/wp\/v2\/comments?post=985"}],"version-history":[{"count":0,"href":"https:\/\/blogs.hoy.es\/solitaencaceres\/wp-json\/wp\/v2\/posts\/985\/revisions"}],"wp:attachment":[{"href":"https:\/\/blogs.hoy.es\/solitaencaceres\/wp-json\/wp\/v2\/media?parent=985"}],"wp:term":[{"taxonomy":"category","embeddable":true,"href":"https:\/\/blogs.hoy.es\/solitaencaceres\/wp-json\/wp\/v2\/categories?post=985"},{"taxonomy":"post_tag","embeddable":true,"href":"https:\/\/blogs.hoy.es\/solitaencaceres\/wp-json\/wp\/v2\/tags?post=985"}],"curies":[{"name":"wp","href":"https:\/\/api.w.org\/{rel}","templated":true}]}}