{"id":10,"date":"2011-08-27T08:54:21","date_gmt":"2011-08-27T08:54:21","guid":{"rendered":"http:\/\/blogs.hoy.es\/soniabejarano\/?p=10"},"modified":"2011-08-27T08:54:21","modified_gmt":"2011-08-27T08:54:21","slug":"por-supuesto-atletismo-tambien-en-verano-2","status":"publish","type":"post","link":"https:\/\/blogs.hoy.es\/soniabejarano\/2011\/08\/27\/por-supuesto-atletismo-tambien-en-verano-2\/","title":{"rendered":"Por supuesto, atletismo tambi\u00e9n en verano."},"content":{"rendered":"<p>Con el evento atl\u00e9tico m\u00e1s importante del a\u00f1o, el <strong>Campeonato del Mundo de Atletismo<\/strong>, dando sus primeros pasos, a muchos de vosotros, atletas populares, corredores ocasionales, todos aquellos que practic\u00e1is alg\u00fan tipo de actividad f\u00edsica, se os antoja una meta imposible de alcanzar. Pero eso no impide que cada fin de semana pod\u00e1is sentiros <strong>\u2018h\u00e9roes\u2019 <\/strong>en la misma medida que experiment\u00e1is concentraci\u00f3n, nervios, satisfacci\u00f3n, esp\u00edritu de lucha y liberaci\u00f3n en general ante la pr\u00e1ctica de vuestro deporte favorito.<\/p>\n<p>Para los aficionados, una de las grandes ventajas que tiene practicar carreras de fondo es el activo calendario de pruebas que existe. Todos los fines de semana podremos probarnos y utilizar la competici\u00f3n como excusa cada vez que abandonamos a nuestros familiares y amigos para entrenar bajo la lluvia en invierno o bajo el sol abrasador del verano.<\/p>\n<p>El ciclo de competiciones se presenta de manera ininterrumpida durante todo el a\u00f1o. Sin embargo, es en verano cuando m\u00e1s pruebas hay, puesto que muchos municipios organizan una carrera popular durante sus fiestas llegando incluso a solaparse unas con otras. El 14 de agosto empez\u00f3 el vertiginoso ritmo de competiciones con la <strong>XVI Milla<\/strong><strong> de San Bartolom\u00e9 en Valencia de Alc\u00e1ntara <\/strong>que durar\u00e1 hasta el 24 de septiembre con el <strong>cross Feria de San Miguel en Zafra<\/strong>, prueba puntuable para el <strong>circuito Diputaci\u00f3n de Badajoz<\/strong>. Cuando el calor va retir\u00e1ndose podremos apuntarnos a las pruebas del circuito de la diputaci\u00f3n pacense que consistente en nueve citas \u2013<strong>Berlanga, M\u00e9rida, Monesterio, Don Benito, Fregenal de la Sierra, Llerena y Cabeza del Buey<\/strong> adem\u00e1s de la anteriormente citada\u2013, que finaliza el 22 de octubre con la <strong>VI Prueba<\/strong><strong> Urbana Ciudad de Fuente del Maestre.<\/strong><\/p>\n<p><a href=\"http:\/\/atletismoextremadura.es\/wp-content\/uploads\/2011\/07\/CD-Cartel1.jpg\"><img loading=\"lazy\" class=\"alignnone\" src=\"\/\/atletismoextremadura.es\/wp-content\/uploads\/2011\/07\/CD-Cartel1.jpg\" alt=\"\" width=\"302\" height=\"411\" \/><\/a><\/p>\n<p>Para todos aquellos interesados en probar a correr con un doral en el pecho, recomiendo echar un vistazo a la p\u00e1gina oficial de la Federaci\u00f3n Extreme\u00f1a de Atletismo \u2013<strong>www.atletismo.ext.com<\/strong>&#8211; y visitar su calendario de pruebas, para no dejar pasar la oportunidad de disfrutar de un buen pique con amigos o de simplemente probar una nueva experiencia a la vez que activamos mente y cuerpo y nos ponemos en forma. Algunas pruebas ya se han celebrado pero el circuito acaba de empezar y no debemos olvidar revisar la reglamentaci\u00f3n para asegurarnos de realizar la inscripci\u00f3n dentro del plazo establecido. No hay l\u00edmite de edad, desde las categor\u00edas m\u00e1s j\u00f3venes con distancias adaptadas hasta todo aquel que se sienta capaz de cruzar la l\u00ednea de meta. <strong>Todos sois bienvenidos!<\/strong><\/p>\n<!-- AddThis Advanced Settings generic via filter on the_content --><!-- AddThis Share Buttons generic via filter on the_content -->","protected":false},"excerpt":{"rendered":"<p>Con el evento atl\u00e9tico m\u00e1s importante del a\u00f1o, el Campeonato del Mundo de Atletismo, dando sus primeros pasos, a muchos de vosotros, atletas populares, corredores ocasionales, todos aquellos que practic\u00e1is alg\u00fan tipo de actividad f\u00edsica, se os antoja una meta imposible de alcanzar. Pero eso no impide que cada fin de semana pod\u00e1is sentiros \u2018h\u00e9roes\u2019 [&hellip;]<!-- AddThis Advanced Settings generic via filter on get_the_excerpt --><!-- AddThis Share Buttons generic via filter on get_the_excerpt --><\/p>\n","protected":false},"author":15,"featured_media":0,"comment_status":"open","ping_status":"closed","sticky":false,"template":"","format":"standard","meta":[],"categories":[2],"tags":[],"_links":{"self":[{"href":"https:\/\/blogs.hoy.es\/soniabejarano\/wp-json\/wp\/v2\/posts\/10"}],"collection":[{"href":"https:\/\/blogs.hoy.es\/soniabejarano\/wp-json\/wp\/v2\/posts"}],"about":[{"href":"https:\/\/blogs.hoy.es\/soniabejarano\/wp-json\/wp\/v2\/types\/post"}],"author":[{"embeddable":true,"href":"https:\/\/blogs.hoy.es\/soniabejarano\/wp-json\/wp\/v2\/users\/15"}],"replies":[{"embeddable":true,"href":"https:\/\/blogs.hoy.es\/soniabejarano\/wp-json\/wp\/v2\/comments?post=10"}],"version-history":[{"count":0,"href":"https:\/\/blogs.hoy.es\/soniabejarano\/wp-json\/wp\/v2\/posts\/10\/revisions"}],"wp:attachment":[{"href":"https:\/\/blogs.hoy.es\/soniabejarano\/wp-json\/wp\/v2\/media?parent=10"}],"wp:term":[{"taxonomy":"category","embeddable":true,"href":"https:\/\/blogs.hoy.es\/soniabejarano\/wp-json\/wp\/v2\/categories?post=10"},{"taxonomy":"post_tag","embeddable":true,"href":"https:\/\/blogs.hoy.es\/soniabejarano\/wp-json\/wp\/v2\/tags?post=10"}],"curies":[{"name":"wp","href":"https:\/\/api.w.org\/{rel}","templated":true}]}}