{"id":12,"date":"2011-09-05T16:43:12","date_gmt":"2011-09-05T16:43:12","guid":{"rendered":"http:\/\/blogs.hoy.es\/soniabejarano\/?p=12"},"modified":"2011-09-05T16:43:12","modified_gmt":"2011-09-05T16:43:12","slug":"pistorius-uno-mas","status":"publish","type":"post","link":"https:\/\/blogs.hoy.es\/soniabejarano\/2011\/09\/05\/pistorius-uno-mas\/","title":{"rendered":"Pistorius, uno m\u00e1s."},"content":{"rendered":"<p>Este sudafricano ha mantenido una lucha directa con los miembros de la organizaci\u00f3n <strong>IAAF<\/strong> desde los <strong>Mundiales de Osaka 2007<\/strong>, tras la negativa inicial a su participaci\u00f3n en diversos campeonatos. Su caso ha despertado controversia entre los cient\u00edficos y entre la sociedad atl\u00e9tica en general ya que los numerosos informes presentados acerca de si sus <strong>pr\u00f3tesis de fibra de carbono<\/strong> le confieren alguna ventaja sobre el resto de participantes no alcanzan una unanimidad en su valoraci\u00f3n.<\/p>\n<p>Puede que la decisi\u00f3n final haya sido tomada m\u00e1s por la repercusi\u00f3n social que refiere su caso. Es cierto que en <strong>Pek\u00edn 2008<\/strong> le hubiera sido posible su participaci\u00f3n de haber conseguido la marca m\u00ednima exigida al apelar <strong>Pistorius<\/strong> ante el <strong>TAS<\/strong> la inicial decisi\u00f3n negativa tomada por la IAAF. As\u00ed pues, su cita y sue\u00f1o se ha demorado en el tiempo y al fin hemos podido verle en acci\u00f3n en <strong>Daegu<\/strong>, aunque finalmente su equipo le &#8216;cortara&#8217; en la final del relevo de los 400. Como atleta no puedo entrar en valoraciones de sus pr\u00f3tesis puesto que mi l\u00f3gica no es suficiente a la hora de analizar su capacidad de producci\u00f3n de potencia anaer\u00f3bica y variables biomec\u00e1nicas como longitud de zancada, frecuencia y tiempo de contacto con el suelo que parecen ser similares respecto a otros competidores de su nivel y prueba.<\/p>\n<div style=\"width: 410px\" class=\"wp-caption alignnone\"><img loading=\"lazy\" src=\"\/\/elsolonline.com\/archivos\/imagenes\/pistorius_1009338-240.jpg\" alt=\"\" width=\"400\" height=\"240\" \/><p class=\"wp-caption-text\">Pistorius en Daegu.<\/p><\/div>\n<p>El otro enfoque del debate es la repercusi\u00f3n medi\u00e1tica y social. El deporte debe ser utilizado como referente de <strong>integraci\u00f3n<\/strong> (recu\u00e9rdese la bonita an\u00e9cdota en los Juegos de <strong>Berl\u00edn en 1936<\/strong> entre el afroamericano <strong>Jessie Owens <\/strong>y el alem\u00e1n Luz Long durante el salto de longitud cuando la raza negra no estaba igual considerada a la aria) y como ejemplo del esp\u00edritu de lucha. Quiz\u00e1s esa presi\u00f3n social haya inclinado la balanza a favor de Pistorius cuando una clara ventaja en sus pr\u00f3tesis no ha sido un\u00e1nimemente demostrada. El deporte provee espect\u00e1culo y Pistorius lo ha proporcionado siendo un claro ejemplo de af\u00e1n de superaci\u00f3n.<\/p>\n<div style=\"width: 433px\" class=\"wp-caption alignnone\"><img loading=\"lazy\" class=\" \" src=\"\/\/bizlinks.files.wordpress.com\/2008\/08\/olympicsjesseowens1936.jpg\" alt=\"\" width=\"423\" height=\"389\" \/><p class=\"wp-caption-text\">Podium en Berlin 1936<\/p><\/div>\n<p>Me hace recordar que otros discapacitados han competido en pruebas de Extremadura junto con el resto de atletas (es cierto que ninguno usaba pr\u00f3tesis) o que &#8216;ellos&#8217;, han tenido que enfrentarse a los mismos circuitos, a pesar de las dificultades debidas al barro, como en el \u00faltimo Campeonato del Mundo de Triatl\u00f3n Cross celebrado en el Anillo el pasado mes de mayo. Por todo esto, creo que se sienta un referente en el mundo deportivo que transcender\u00e1 a otros \u00e1mbitos a favor de una mejor integraci\u00f3n y mayor <strong>popularidad<\/strong> del deporte practicado por discapacitados en la sociedad.<\/p>\n<p>&nbsp;<\/p>\n<!-- AddThis Advanced Settings generic via filter on the_content --><!-- AddThis Share Buttons generic via filter on the_content -->","protected":false},"excerpt":{"rendered":"<p>Este sudafricano ha mantenido una lucha directa con los miembros de la organizaci\u00f3n IAAF desde los Mundiales de Osaka 2007, tras la negativa inicial a su participaci\u00f3n en diversos campeonatos. Su caso ha despertado controversia entre los cient\u00edficos y entre la sociedad atl\u00e9tica en general ya que los numerosos informes presentados acerca de si sus [&hellip;]<!-- AddThis Advanced Settings generic via filter on get_the_excerpt --><!-- AddThis Share Buttons generic via filter on get_the_excerpt --><\/p>\n","protected":false},"author":15,"featured_media":0,"comment_status":"open","ping_status":"closed","sticky":false,"template":"","format":"standard","meta":[],"categories":[2],"tags":[],"_links":{"self":[{"href":"https:\/\/blogs.hoy.es\/soniabejarano\/wp-json\/wp\/v2\/posts\/12"}],"collection":[{"href":"https:\/\/blogs.hoy.es\/soniabejarano\/wp-json\/wp\/v2\/posts"}],"about":[{"href":"https:\/\/blogs.hoy.es\/soniabejarano\/wp-json\/wp\/v2\/types\/post"}],"author":[{"embeddable":true,"href":"https:\/\/blogs.hoy.es\/soniabejarano\/wp-json\/wp\/v2\/users\/15"}],"replies":[{"embeddable":true,"href":"https:\/\/blogs.hoy.es\/soniabejarano\/wp-json\/wp\/v2\/comments?post=12"}],"version-history":[{"count":0,"href":"https:\/\/blogs.hoy.es\/soniabejarano\/wp-json\/wp\/v2\/posts\/12\/revisions"}],"wp:attachment":[{"href":"https:\/\/blogs.hoy.es\/soniabejarano\/wp-json\/wp\/v2\/media?parent=12"}],"wp:term":[{"taxonomy":"category","embeddable":true,"href":"https:\/\/blogs.hoy.es\/soniabejarano\/wp-json\/wp\/v2\/categories?post=12"},{"taxonomy":"post_tag","embeddable":true,"href":"https:\/\/blogs.hoy.es\/soniabejarano\/wp-json\/wp\/v2\/tags?post=12"}],"curies":[{"name":"wp","href":"https:\/\/api.w.org\/{rel}","templated":true}]}}