{"id":14,"date":"2011-09-10T08:04:47","date_gmt":"2011-09-10T08:04:47","guid":{"rendered":"http:\/\/blogs.hoy.es\/soniabejarano\/?p=14"},"modified":"2011-09-10T08:04:47","modified_gmt":"2011-09-10T08:04:47","slug":"el-mantra-acomodaticio","status":"publish","type":"post","link":"https:\/\/blogs.hoy.es\/soniabejarano\/2011\/09\/10\/el-mantra-acomodaticio\/","title":{"rendered":"El mantra acomodaticio"},"content":{"rendered":"<p>Desde que terminara el Mundial de Daegu no he dejado de leer informaciones sobre la decepci\u00f3n que ha supuesto la ausencia de \u00e9xitos de los atletas espa\u00f1oles en este campeonato. Descontento que se traduce en duras <strong>cr\u00edticas<\/strong> sobre su <strong>rendimiento<\/strong>. Es verdad que en los \u00faltimos a\u00f1os se ha notado una regresi\u00f3n; para ser m\u00e1s exactos, en Sevilla 99 se consigui\u00f3 el mejor resultado de Espa\u00f1a y a partir de Edmonton 2001 el nivel de Espa\u00f1a ha bajado hasta terminar en un discreto puesto 26 en la clasificaci\u00f3n por pa\u00edses en Daegu.<\/p>\n<p>A pesar de esto, considero injustas las cr\u00edticas vertidas sobre los atletas en las que se nos acusa de habernos acomodado. Injustamente se argumenta contra nosotros que mantenemos el m\u00ednimo nivel que nos permite mantener las becas y ganar dinero en carreras f\u00e1ciles en Espa\u00f1a dejando mal atendidas citas internacionales m\u00e1s importantes.<\/p>\n<p>A los atletas se nos <strong>exige<\/strong> cada temporada estar a pleno rendimiento, conseguir ciertas <strong>marcas<\/strong> y acudir a campeonatos internacionales para optar a esa \u2018<strong>recompensa<\/strong>\u2019 en forma de beca Nos recriminan una falta de motivaci\u00f3n de cara a pruebas en el extranjero cuando son dichas pruebas las que nos proporcionan <strong>satisfacci\u00f3n<\/strong> personal y cach\u00e9. Un atleta de nivel regional sue\u00f1a con participar en un campeonato de Espa\u00f1a, y el que pelea por medalla en el nacional anhela acudir a un campeonato del Mundo o unos Juegos Ol\u00edmpicos.<\/p>\n<p>La realidad es justo la contraria. La <strong>ambici\u00f3n<\/strong> est\u00e1 en nuestra naturaleza humana. La competici\u00f3n empez\u00f3 para todos como un juego desde ni\u00f1os y por eso seguimos, porque nos compensa los peque\u00f1os sacrificios diarios. El atleta lleva el <strong>car\u00e1cter competitivo<\/strong> por bandera cada d\u00eda y lo acrecienta hasta su l\u00edmite el d\u00eda de la prueba. Cada d\u00eda cuida su alimentaci\u00f3n, las horas de sue\u00f1o y descanso para dar lo mejor de s\u00ed. Un mal resultado le afecta sobremanera y enseguida busca otro objetivo que le haga <strong>levantar.<\/strong><\/p>\n<p>Dicen que estamos acomodados quiz\u00e1s porque un atleta profesional no pasa penurias para poder entrenar a deshoras despu\u00e9s del trabajo o malcomer para mantenerse en un supuesto peso ideal. \u00a0Pocos somos los <strong>afortunados <\/strong>que podemos permitirnos el entrenar ma\u00f1ana y tarde siendo el correr nuestra ocupaci\u00f3n y forma de vida. Pero tambi\u00e9n es cierto que la incertidumbre sobre nuestro futuro es mucha porque depende exclusivamente de nuestra <strong>fortaleza f\u00edsica y mental<\/strong>.<\/p>\n<p>&nbsp;<\/p>\n<!-- AddThis Advanced Settings generic via filter on the_content --><!-- AddThis Share Buttons generic via filter on the_content -->","protected":false},"excerpt":{"rendered":"<p>Desde que terminara el Mundial de Daegu no he dejado de leer informaciones sobre la decepci\u00f3n que ha supuesto la ausencia de \u00e9xitos de los atletas espa\u00f1oles en este campeonato. Descontento que se traduce en duras cr\u00edticas sobre su rendimiento. Es verdad que en los \u00faltimos a\u00f1os se ha notado una regresi\u00f3n; para ser m\u00e1s [&hellip;]<!-- AddThis Advanced Settings generic via filter on get_the_excerpt --><!-- AddThis Share Buttons generic via filter on get_the_excerpt --><\/p>\n","protected":false},"author":15,"featured_media":0,"comment_status":"open","ping_status":"closed","sticky":false,"template":"","format":"standard","meta":[],"categories":[2],"tags":[],"_links":{"self":[{"href":"https:\/\/blogs.hoy.es\/soniabejarano\/wp-json\/wp\/v2\/posts\/14"}],"collection":[{"href":"https:\/\/blogs.hoy.es\/soniabejarano\/wp-json\/wp\/v2\/posts"}],"about":[{"href":"https:\/\/blogs.hoy.es\/soniabejarano\/wp-json\/wp\/v2\/types\/post"}],"author":[{"embeddable":true,"href":"https:\/\/blogs.hoy.es\/soniabejarano\/wp-json\/wp\/v2\/users\/15"}],"replies":[{"embeddable":true,"href":"https:\/\/blogs.hoy.es\/soniabejarano\/wp-json\/wp\/v2\/comments?post=14"}],"version-history":[{"count":0,"href":"https:\/\/blogs.hoy.es\/soniabejarano\/wp-json\/wp\/v2\/posts\/14\/revisions"}],"wp:attachment":[{"href":"https:\/\/blogs.hoy.es\/soniabejarano\/wp-json\/wp\/v2\/media?parent=14"}],"wp:term":[{"taxonomy":"category","embeddable":true,"href":"https:\/\/blogs.hoy.es\/soniabejarano\/wp-json\/wp\/v2\/categories?post=14"},{"taxonomy":"post_tag","embeddable":true,"href":"https:\/\/blogs.hoy.es\/soniabejarano\/wp-json\/wp\/v2\/tags?post=14"}],"curies":[{"name":"wp","href":"https:\/\/api.w.org\/{rel}","templated":true}]}}