{"id":15,"date":"2011-09-20T08:44:11","date_gmt":"2011-09-20T08:44:11","guid":{"rendered":"http:\/\/blogs.hoy.es\/soniabejarano\/?p=15"},"modified":"2011-09-20T08:44:11","modified_gmt":"2011-09-20T08:44:11","slug":"practicar-deporte-es-aprender","status":"publish","type":"post","link":"https:\/\/blogs.hoy.es\/soniabejarano\/2011\/09\/20\/practicar-deporte-es-aprender\/","title":{"rendered":"Practicar deporte es aprender"},"content":{"rendered":"<p>Hace poco que las vacaciones han finalizado y todos hemos vuelto a la normalidad. El colegio de los ni\u00f1os ha empezado y con ello se ponen tambi\u00e9n en marcha las escuelas deportivas y actividades extraescolares promotoras de deporte. Es importante que desde peque\u00f1os practiquemos alguna <strong>actividad f\u00edsica<\/strong>, no s\u00f3lo para desarrollar aptitudes motoras, coordinaci\u00f3n y percepci\u00f3n espacial, sino tambi\u00e9n para estimular la psicomotricidad, la interacci\u00f3n cuerpo-mente del individuo y del movimiento y su importancia en el desarrollo personal as\u00ed como en la capacidad de relacionarse con el mundo que lo rodea.<\/p>\n<p><strong>Educaci\u00f3n<\/strong> es algo m\u00e1s que aprender conceptos y materias necesarias, es tambi\u00e9n conocernos y relacionarnos entre nosotros y nuestro medio y la actividad f\u00edsica provee de un instrumento excepcional para el desarrollo de estas capacidades.<\/p>\n<p>Hay multitud de ofertas para introducir a los ni\u00f1os en la pr\u00e1ctica deportiva. Est\u00e1n las actividades extraescolares propuestas por cada centro educativo, tambi\u00e9n existen las <strong>escuelas municipales<\/strong> de los ayuntamientos con una gran variedad de deportes a elegir (por supuesto entre ellos el atletismo), o podemos acudir a clubes o entidades si nos quedamos sin plaza o nos olvidamos de solicitarla. En la web de la Federaci\u00f3n Extreme\u00f1a de atletismo (www.atletismo-ext.com) podr\u00e9is encontrar un listado de clubes de la regi\u00f3n donde informaros de sus escuelas deportivas.<\/p>\n<p>Seguramente muchos de vosotros record\u00e9is cuando de peque\u00f1os practicabais alg\u00fan tipo de deporte al salir de clase y disfrutabais de las competiciones los fines de semana contra otros centros. Yo sol\u00eda bajar en un autob\u00fas a las pistas de <strong>&#8216;El Cuartillo&#8217; en C\u00e1ceres<\/strong> junto con otros ni\u00f1os. Siempre he concebido el deporte como parte de mi vida y considero que debe ser accesible a todos mediante propuestas p\u00fablicas adem\u00e1s de la necesaria iniciativa privada. Sin embargo, no debemos olvidar que una clase de nataci\u00f3n puede llegar a ser tan importante para el desarrollo de un ni\u00f1o como una de ingl\u00e9s y es este concepto el que no llegamos a comprender del todo.<\/p>\n<p>Por otro lado, creemos que el deporte y el juego y por ende, el aprendizaje, es cosa de ni\u00f1os cuando en realidad es algo continuado que influye en nuestro desarrollo. Muchos cortan esta etapa dejando de practicar deporte al alcanzar la edad adulta, bien sea por falta de tiempo o de ganas. Para los que quieren dejar de buscar excusas existen multitud de recursos, como la nueva secci\u00f3n <strong>&#8216;S\u00f3lo Mujeres&#8217;<\/strong> propuesta de la <strong>Escuela<\/strong><strong> de Atletismo de Plasencia <\/strong>o las actividades y eventos deportivos que pod\u00e9is encontrar en <strong>www.deportextremadura.org<\/strong> promocionado por la Junta a trav\u00e9s de la Direcci\u00f3n General de Deportes y Diputaciones Provinciales.<\/p>\n<p>Quiz\u00e1s s\u00f3lo <strong>Juvenal<\/strong> es capaz de trasmitir con sus palabras de manera precisa todo de lo que yo he tratado de convenceros: \u00abMens sana in corpore sano\u00bb.<\/p>\n<p>&nbsp;<\/p>\n<!-- AddThis Advanced Settings generic via filter on the_content --><!-- AddThis Share Buttons generic via filter on the_content -->","protected":false},"excerpt":{"rendered":"<p>Hace poco que las vacaciones han finalizado y todos hemos vuelto a la normalidad. El colegio de los ni\u00f1os ha empezado y con ello se ponen tambi\u00e9n en marcha las escuelas deportivas y actividades extraescolares promotoras de deporte. Es importante que desde peque\u00f1os practiquemos alguna actividad f\u00edsica, no s\u00f3lo para desarrollar aptitudes motoras, coordinaci\u00f3n y [&hellip;]<!-- AddThis Advanced Settings generic via filter on get_the_excerpt --><!-- AddThis Share Buttons generic via filter on get_the_excerpt --><\/p>\n","protected":false},"author":15,"featured_media":0,"comment_status":"open","ping_status":"closed","sticky":false,"template":"","format":"standard","meta":[],"categories":[2],"tags":[],"_links":{"self":[{"href":"https:\/\/blogs.hoy.es\/soniabejarano\/wp-json\/wp\/v2\/posts\/15"}],"collection":[{"href":"https:\/\/blogs.hoy.es\/soniabejarano\/wp-json\/wp\/v2\/posts"}],"about":[{"href":"https:\/\/blogs.hoy.es\/soniabejarano\/wp-json\/wp\/v2\/types\/post"}],"author":[{"embeddable":true,"href":"https:\/\/blogs.hoy.es\/soniabejarano\/wp-json\/wp\/v2\/users\/15"}],"replies":[{"embeddable":true,"href":"https:\/\/blogs.hoy.es\/soniabejarano\/wp-json\/wp\/v2\/comments?post=15"}],"version-history":[{"count":0,"href":"https:\/\/blogs.hoy.es\/soniabejarano\/wp-json\/wp\/v2\/posts\/15\/revisions"}],"wp:attachment":[{"href":"https:\/\/blogs.hoy.es\/soniabejarano\/wp-json\/wp\/v2\/media?parent=15"}],"wp:term":[{"taxonomy":"category","embeddable":true,"href":"https:\/\/blogs.hoy.es\/soniabejarano\/wp-json\/wp\/v2\/categories?post=15"},{"taxonomy":"post_tag","embeddable":true,"href":"https:\/\/blogs.hoy.es\/soniabejarano\/wp-json\/wp\/v2\/tags?post=15"}],"curies":[{"name":"wp","href":"https:\/\/api.w.org\/{rel}","templated":true}]}}