{"id":21,"date":"2011-10-26T09:19:41","date_gmt":"2011-10-26T09:19:41","guid":{"rendered":"http:\/\/blogs.hoy.es\/soniabejarano\/?p=21"},"modified":"2011-10-26T09:19:41","modified_gmt":"2011-10-26T09:19:41","slug":"atletas-extremenos-internacionales","status":"publish","type":"post","link":"https:\/\/blogs.hoy.es\/soniabejarano\/2011\/10\/26\/atletas-extremenos-internacionales\/","title":{"rendered":"Atletas extreme\u00f1os internacionales"},"content":{"rendered":"<p>A pocos d\u00edas para que en noviembre arranque la nueva temporada de atletismo se me antoja necesario hacer un breve resumen de los resultados m\u00e1s sustanciosos que ha conseguido el atletismo extreme\u00f1o en la pasada. Y para que nadie sea m\u00e1s que otro lo voy a hacer cronol\u00f3gico<\/p>\n<p>En diciembre pasado, se celebr\u00f3 en Albufeira (Portugal) el Campeonato de Europa de cross, donde la casare\u00f1a <strong>Cristina Jord\u00e1n<\/strong> consigui\u00f3 una sorprendente medalla de plata en categor\u00eda promesa. La otra extreme\u00f1a de la expedici\u00f3n espa\u00f1ola fue la junior <strong>Tania Carretero<\/strong>. Ambas ya sab\u00edan lo que supone correr con la selecci\u00f3n espa\u00f1ola y sin duda tendr\u00e1n que seguir entrenando duro para poder asistir en futuras ediciones y en categor\u00edas superiores.<\/p>\n<p>En marzo, se celebr\u00f3 en Par\u00eds (Francia) el Europeo de pista cubierta donde estuvimos presentes <strong>Javier Alves<\/strong> y yo en las pruebas de 3.000 m tras ganarnos sendas plazas de igual forma; por marca y bronce conseguidos en el Campeonato de Espa\u00f1a. Ambos sabemos lo duro que es llegar a una competici\u00f3n de esta \u00edndole, sin embargo supuso y supondr\u00e1 una buena referencia para seguir exigi\u00e9ndonos y volver a hacer que sea posible. Por otra parte, <strong>Kike M\u00e1rquez<\/strong> acud\u00eda en calidad de entrenador de una de sus pupilas del C.A.R de Soria de donde actualmente es t\u00e9cnico.<\/p>\n<p>Tambi\u00e9n en marzo, en Hamburgo (Alemania), hubo un encuentro de lanzamientos de promesas y junior de Alemania, Espa\u00f1a, Francia e Italia. En esta ocasi\u00f3n acud\u00edan con la selecci\u00f3n j\u00f3venes promesas como<strong> Javier Carretero<\/strong> y <strong>Maria Barba\u00f1o Acevedo<\/strong> en lanzamiento de martillo categor\u00eda junior y <strong>Javi Cienfuegos<\/strong> en lanzamiento martillo categor\u00eda promesa quien tambi\u00e9n acudir\u00eda en marzo a la Copa de Europa de lanzamientos acogida en Sof\u00eda (Bulgaria). Tendremos que seguir los pasos de Javier y Mar\u00eda que sin duda apuntan ya buenas maneras.<\/p>\n<p>Avanzado mayo tuvo lugar la Copa Europea de marcha en Olhao (Portugal) donde acudi\u00f3 en la prueba de 10 kil\u00f3metros vistiendo la camiseta roja por primera vez el juvenil <strong>\u00c1lvaro Mart\u00edn Uriol<\/strong>. Tendremos que esperar a\u00fan mucho para saber por qu\u00e9 prueba se decidir\u00e1 en el futuro, 20 o 50 kmil\u00f3metros marcha.<\/p>\n<p>En junio, en la Copa de Europa de 10 kil\u00f3metros celebrada en Oslo (Noruega), <strong>Pablo Villalobos<\/strong> fue la \u00fanica representaci\u00f3n extreme\u00f1a as\u00ed como Javi Cienfuegos en lanzamiento de martillo fue el \u00fanico representante en el Campeonato de Europa por selecciones celebrado en Estocolmo (Suecia). Ambos con mucha experiencia ya a sus espaldas.<\/p>\n<p>En julio, se desarrollaron varias competiciones; por un lado el Campeonato del Mundo Juvenil de pista en Lille (Francia), donde fueron seleccionados \u00c1lvaro Mart\u00edn Uriol en la prueba de 10 kil\u00f3metros marcha y Mar\u00eda Barba\u00f1o Acevedo en martillo.En el Campeonato de Europa Junior de Tallin (Estonia), s\u00f3lo <strong>Juan Carlos D\u00edaz Navarro<\/strong> acudi\u00f3 cubriendo su prueba, los 800 metros tras una re\u00f1ida disputa por dicha plaza entre los &#8216;top 5&#8217; del ranking nacional junior. Seguramente escucharemos este nombre en el futuro a pesar de que el 800 es una prueba de mucho nivel en Espa\u00f1a.\u00a0\u00a0\u00a0\u00a0\u00a0\u00a0\u00a0\u00a0\u00a0\u00a0\u00a0\u00a0\u00a0\u00a0\u00a0\u00a0\u00a0\u00a0\u00a0\u00a0\u00a0\u00a0\u00a0\u00a0\u00a0\u00a0\u00a0\u00a0\u00a0\u00a0\u00a0\u00a0\u00a0\u00a0\u00a0\u00a0\u00a0\u00a0\u00a0\u00a0\u00a0\u00a0\u00a0\u00a0\u00a0\u00a0\u00a0\u00a0\u00a0\u00a0\u00a0\u00a0\u00a0\u00a0\u00a0\u00a0\u00a0\u00a0\u00a0\u00a0\u00a0\u00a0\u00a0\u00a0\u00a0\u00a0\u00a0\u00a0\u00a0\u00a0\u00a0\u00a0\u00a0\u00a0\u00a0\u00a0\u00a0\u00a0\u00a0\u00a0\u00a0 Una \u00fanica representaci\u00f3n Extreme\u00f1a en el Europeo Sub-23 celebrado en Ostrava (Rep\u00fablica Checa) vino nuevamente de la mano de Javi Cienfuegos, veterano pese a su juventud en este tipo de campeonatos internacionales.<\/p>\n<p>Agosto fue el mes m\u00e1s importante de la temporada ya que tuvo lugar el Campeonato del Mundo al que acudieron Javi Alves en la prueba de 5.000 metros, Pablo Villalobos en marat\u00f3n y el incombustible Javi Cienfuegos en lanzamiento de martillo. Cienfuegos tambi\u00e9n acudi\u00f3 posteriormente en septiembre al Decanation celebrado en Niza (Francia), un encuentro internacional entre pa\u00edses como Francia, Espa\u00f1a, Alemania, Rusia, Ukrania y Estados Unidos, poniendo as\u00ed el broche final a la actuaci\u00f3n internacional extreme\u00f1a en esta temporada. No debemos olvidar que Cienfuegos, pese a las grandes citas internacionales por las que se ha prodigado y su gran experiencia internacional, es un atleta que a\u00fan no ha alcanzado la categor\u00eda absoluta. Por eso deber\u00e1 asimilar la presi\u00f3n a la que le someten los medios de ser la promesa de la que todo se espera. <strong>\u00a1Mucho \u00e1nimo y a seguir trabajando!<\/strong><\/p>\n<p>&nbsp;<\/p>\n<!-- AddThis Advanced Settings generic via filter on the_content --><!-- AddThis Share Buttons generic via filter on the_content -->","protected":false},"excerpt":{"rendered":"<p>A pocos d\u00edas para que en noviembre arranque la nueva temporada de atletismo se me antoja necesario hacer un breve resumen de los resultados m\u00e1s sustanciosos que ha conseguido el atletismo extreme\u00f1o en la pasada. Y para que nadie sea m\u00e1s que otro lo voy a hacer cronol\u00f3gico En diciembre pasado, se celebr\u00f3 en Albufeira [&hellip;]<!-- AddThis Advanced Settings generic via filter on get_the_excerpt --><!-- AddThis Share Buttons generic via filter on get_the_excerpt --><\/p>\n","protected":false},"author":15,"featured_media":0,"comment_status":"open","ping_status":"closed","sticky":false,"template":"","format":"standard","meta":[],"categories":[2],"tags":[],"_links":{"self":[{"href":"https:\/\/blogs.hoy.es\/soniabejarano\/wp-json\/wp\/v2\/posts\/21"}],"collection":[{"href":"https:\/\/blogs.hoy.es\/soniabejarano\/wp-json\/wp\/v2\/posts"}],"about":[{"href":"https:\/\/blogs.hoy.es\/soniabejarano\/wp-json\/wp\/v2\/types\/post"}],"author":[{"embeddable":true,"href":"https:\/\/blogs.hoy.es\/soniabejarano\/wp-json\/wp\/v2\/users\/15"}],"replies":[{"embeddable":true,"href":"https:\/\/blogs.hoy.es\/soniabejarano\/wp-json\/wp\/v2\/comments?post=21"}],"version-history":[{"count":0,"href":"https:\/\/blogs.hoy.es\/soniabejarano\/wp-json\/wp\/v2\/posts\/21\/revisions"}],"wp:attachment":[{"href":"https:\/\/blogs.hoy.es\/soniabejarano\/wp-json\/wp\/v2\/media?parent=21"}],"wp:term":[{"taxonomy":"category","embeddable":true,"href":"https:\/\/blogs.hoy.es\/soniabejarano\/wp-json\/wp\/v2\/categories?post=21"},{"taxonomy":"post_tag","embeddable":true,"href":"https:\/\/blogs.hoy.es\/soniabejarano\/wp-json\/wp\/v2\/tags?post=21"}],"curies":[{"name":"wp","href":"https:\/\/api.w.org\/{rel}","templated":true}]}}