{"id":22,"date":"2011-10-31T16:27:56","date_gmt":"2011-10-31T16:27:56","guid":{"rendered":"http:\/\/blogs.hoy.es\/soniabejarano\/?p=22"},"modified":"2011-10-31T16:27:56","modified_gmt":"2011-10-31T16:27:56","slug":"deporte-de-elite-vs-deporte-de-base","status":"publish","type":"post","link":"https:\/\/blogs.hoy.es\/soniabejarano\/2011\/10\/31\/deporte-de-elite-vs-deporte-de-base\/","title":{"rendered":"Deporte de \u00e9lite VS deporte de base"},"content":{"rendered":"<p>Desde mi punto de vista no entiendo uno sin el otro. Es evidente que el deporte profesional se nutre de aquellos que se iniciaron en la base a edades tempranas y que por su actitud y aptitud destacaron y se abrieron camino en ese mundo tan competitivo. As\u00ed, en el modelo piramidal que suele reflejar cualquier deporte en nuestro pa\u00eds la base comprender\u00eda el deporte de promoci\u00f3n, practicado de manera masiva entre las edades de 5-12 a\u00f1os, coincidiendo con la edad escolar. El siguiente escal\u00f3n lo compondr\u00edan edades entre 13-18 a\u00f1os (que con la etapa de entrada en la pubertad suele desembocar en la falta de inter\u00e9s ante la continuidad de la pr\u00e1ctica deportiva). El siguiente escal\u00f3n superior lo ocupar\u00eda un rango entre 19-23 a\u00f1os (estudios universitarios y\/o trabajo har\u00e1 que algunos desistan en su carrera deportiva desperdici\u00e1ndose algunos talentos deportivos). El \u00faltimo escal\u00f3n, de edades superiores a 23 a\u00f1os, s\u00f3lo ser\u00e1 asequible para aquellos atletas con \u00e9xitos reconocidos a sus espaldas que apostando por su futuro deportivo dejan de lado temporalmente el \u00e1mbito laboral para centrarse en sus objetivos deportivos. La lectura de este modelo indica que a medida que la poblaci\u00f3n va pasando a edades adultas, paulatinamente abandona la pr\u00e1ctica competida de alto nivel. Por eso aunque la actualidad m\u00e1s inmediata nos informa de que cada vez m\u00e1s personas de edades superiores a 30 a\u00f1os empiezan a practicar deportes de fondo como marat\u00f3n o triatlones, nada tiene que ver el deporte de amateur con el deporte de alto rendimiento al que me refiero donde los resultados son los que garantizar\u00edan la supervivencia del atleta profesional. Los deportistas de la c\u00faspide de la pir\u00e1mide, con todo su aprendizaje adquirido por el bagaje de los a\u00f1os y experiencia empiezan a encontrar dificultades en los apoyos financieros garantizados hasta ahora por un sistema que les ha ido apoyando, en especial en la fase de j\u00f3venes promesas pero cuando dicho atleta llega a su madurez, el trabajo duro debe reforzarse no s\u00f3lo en el terreno f\u00edsico sino en la b\u00fasqueda de recursos propios para garantizarse su supervivencia, ya que una \u00fanica instituci\u00f3n no puede abarcar todas las necesidades que requiere el atleta para mantenerse en la alta competici\u00f3n.<\/p>\n<!-- AddThis Advanced Settings generic via filter on the_content --><!-- AddThis Share Buttons generic via filter on the_content -->","protected":false},"excerpt":{"rendered":"<p>Desde mi punto de vista no entiendo uno sin el otro. Es evidente que el deporte profesional se nutre de aquellos que se iniciaron en la base a edades tempranas y que por su actitud y aptitud destacaron y se abrieron camino en ese mundo tan competitivo. As\u00ed, en el modelo piramidal que suele reflejar [&hellip;]<!-- AddThis Advanced Settings generic via filter on get_the_excerpt --><!-- AddThis Share Buttons generic via filter on get_the_excerpt --><\/p>\n","protected":false},"author":15,"featured_media":0,"comment_status":"open","ping_status":"closed","sticky":false,"template":"","format":"standard","meta":[],"categories":[2],"tags":[],"_links":{"self":[{"href":"https:\/\/blogs.hoy.es\/soniabejarano\/wp-json\/wp\/v2\/posts\/22"}],"collection":[{"href":"https:\/\/blogs.hoy.es\/soniabejarano\/wp-json\/wp\/v2\/posts"}],"about":[{"href":"https:\/\/blogs.hoy.es\/soniabejarano\/wp-json\/wp\/v2\/types\/post"}],"author":[{"embeddable":true,"href":"https:\/\/blogs.hoy.es\/soniabejarano\/wp-json\/wp\/v2\/users\/15"}],"replies":[{"embeddable":true,"href":"https:\/\/blogs.hoy.es\/soniabejarano\/wp-json\/wp\/v2\/comments?post=22"}],"version-history":[{"count":0,"href":"https:\/\/blogs.hoy.es\/soniabejarano\/wp-json\/wp\/v2\/posts\/22\/revisions"}],"wp:attachment":[{"href":"https:\/\/blogs.hoy.es\/soniabejarano\/wp-json\/wp\/v2\/media?parent=22"}],"wp:term":[{"taxonomy":"category","embeddable":true,"href":"https:\/\/blogs.hoy.es\/soniabejarano\/wp-json\/wp\/v2\/categories?post=22"},{"taxonomy":"post_tag","embeddable":true,"href":"https:\/\/blogs.hoy.es\/soniabejarano\/wp-json\/wp\/v2\/tags?post=22"}],"curies":[{"name":"wp","href":"https:\/\/api.w.org\/{rel}","templated":true}]}}