{"id":23,"date":"2011-11-05T08:46:05","date_gmt":"2011-11-05T08:46:05","guid":{"rendered":"http:\/\/blogs.hoy.es\/soniabejarano\/?p=23"},"modified":"2011-11-05T08:46:05","modified_gmt":"2011-11-05T08:46:05","slug":"arranca-la-temporada-invernal-2011-2012","status":"publish","type":"post","link":"https:\/\/blogs.hoy.es\/soniabejarano\/2011\/11\/05\/arranca-la-temporada-invernal-2011-2012\/","title":{"rendered":"Arranca la temporada invernal 2011-2012"},"content":{"rendered":"<p>El domingo 13 de noviembre se inaugurar\u00e1 la <strong>temporada de<\/strong> <strong>cross<\/strong> en Extremadura y como preludio se celebrar\u00e1 en <strong>Berlanga<\/strong> la primera de las <strong>seis jornadas de campo a trav\u00e9s<\/strong> que compondr\u00e1n la <strong>liga extreme\u00f1a de cross<\/strong>. Las otras citas ser\u00e1n el 27 de noviembre<strong> \u201cLa Encamis\u00e1\u201d<\/strong> en <strong>Torrejoncillo\u00a0<\/strong>, el 11 de diciembre el <strong>Trofeo Villa de\u00a0 Almaraz<\/strong>, el 18 de diciembre el <strong>Trofeo Ciudad de Villanueva<\/strong>, el 22 de enero el <strong>Cross del Queso en Casar de C\u00e1ceres<\/strong> y el 29 de enero el <strong>Trofeo de Campo a Trav\u00e9s en Don Benito<\/strong>. Podr\u00e9is consultar las bases, informaci\u00f3n de premios, lugar de celebraci\u00f3n, horarios y fechas de inscripci\u00f3n en la web de la Federaci\u00f3n Extreme\u00f1a de Atletismo. Pod\u00e9is inscribiros en pruebas puntuales si no quer\u00e9is hacer el circuito completo. Tampoco es necesario que pertenezc\u00e1is a ning\u00fan club ya que la inscripci\u00f3n est\u00e1 abierta tanto a atletas independientes como a los pertenecientes a alg\u00fan club regional o de fuera de la autonom\u00eda.<\/p>\n<p>As\u00ed mismo no hay que olvidar otras citas \u00a0importantes del calendario extreme\u00f1o que se desarrollar\u00e1n durante el mes de noviembre. Una de mis favoritas es el <strong>Trofeo Diputaci\u00f3n Provincial de C\u00e1ceres<\/strong> y que se celebrar\u00e1 el d\u00eda 19 en el Complejo de \u201cEl Cuartillo\u201d en C\u00e1ceres, en el circuito que en diversas ocasiones ha acogido campeonatos de Espa\u00f1a y de Europa de cross. La fecha de inscripci\u00f3n termina el \u00a0dia 16. Es especial para m\u00ed porque adem\u00e1s de celebrarse en uno de mis lugares favoritos de entrenamiento en C\u00e1ceres,\u00a0 fue la prueba donde me inici\u00e9 en la competici\u00f3n. Especial atenci\u00f3n merecen aqu\u00ed los atletas de categor\u00edas menores; los 3 primeros clasificados y 3 m\u00e1s elegidos por la organizaci\u00f3n de dichas categor\u00edas ser\u00e1n seleccionados para participar en una competici\u00f3n de car\u00e1cter nacional el 4 de diciembre, el Cross Internacional en Alcobendas (Madrid) que supone una gran oportunidad para que los j\u00f3venes experimenten un gran fin de semana atl\u00e9tico.<\/p>\n<p>Especial menci\u00f3n merecen otras citas en nuestro calendario auton\u00f3mico, como el <strong>Campeonato de Extremadura de cross<\/strong> el 5 de febrero y el <strong>Gran Premio de C\u00e1ceres de Campo a Trav\u00e9s<\/strong> el 12 de febrero. Ambos a\u00fan sin lugar designado para su celebraci\u00f3n ya que como en el caso del Gran Premio de C\u00e1ceres, que es as\u00ed mismo prueba \u00a0nacional, tiene una sede itinerante puesto que su organizador Jose Ignacio Fern\u00e1ndez opta en cada edici\u00f3n por un nuevo paraje de la geograf\u00eda extreme\u00f1a convirti\u00e9ndola en una de las pruebas m\u00e1s seductoras de nuestro programa invernal.<\/p>\n<p>Por \u00faltimo, si piensas que lo tuyo no es el cross quiz\u00e1s el arranque de temporada de asfalto con la Marat\u00f3n de Nueva York el d\u00eda 6 de noviembre te motive para buscar pruebas de ruta en nuestra autonom\u00eda como la \u00a0<strong>Media Marat\u00f3n Valdehuncar-Navalmoral<\/strong> el 18 de diciembre.<\/p>\n<p>Posibilidades infinitas en disciplinas como cross, ruta o pista. No dejes de practicar atletismo y busca cualquier excusa para calzarte tus zapatillas de competici\u00f3n!<\/p>\n<p>&nbsp;<\/p>\n<p>&nbsp;<\/p>\n<p>&nbsp;<\/p>\n<!-- AddThis Advanced Settings generic via filter on the_content --><!-- AddThis Share Buttons generic via filter on the_content -->","protected":false},"excerpt":{"rendered":"<p>El domingo 13 de noviembre se inaugurar\u00e1 la temporada de cross en Extremadura y como preludio se celebrar\u00e1 en Berlanga la primera de las seis jornadas de campo a trav\u00e9s que compondr\u00e1n la liga extreme\u00f1a de cross. Las otras citas ser\u00e1n el 27 de noviembre \u201cLa Encamis\u00e1\u201d en Torrejoncillo\u00a0, el 11 de diciembre el Trofeo [&hellip;]<!-- AddThis Advanced Settings generic via filter on get_the_excerpt --><!-- AddThis Share Buttons generic via filter on get_the_excerpt --><\/p>\n","protected":false},"author":15,"featured_media":0,"comment_status":"open","ping_status":"closed","sticky":false,"template":"","format":"standard","meta":[],"categories":[2],"tags":[],"_links":{"self":[{"href":"https:\/\/blogs.hoy.es\/soniabejarano\/wp-json\/wp\/v2\/posts\/23"}],"collection":[{"href":"https:\/\/blogs.hoy.es\/soniabejarano\/wp-json\/wp\/v2\/posts"}],"about":[{"href":"https:\/\/blogs.hoy.es\/soniabejarano\/wp-json\/wp\/v2\/types\/post"}],"author":[{"embeddable":true,"href":"https:\/\/blogs.hoy.es\/soniabejarano\/wp-json\/wp\/v2\/users\/15"}],"replies":[{"embeddable":true,"href":"https:\/\/blogs.hoy.es\/soniabejarano\/wp-json\/wp\/v2\/comments?post=23"}],"version-history":[{"count":0,"href":"https:\/\/blogs.hoy.es\/soniabejarano\/wp-json\/wp\/v2\/posts\/23\/revisions"}],"wp:attachment":[{"href":"https:\/\/blogs.hoy.es\/soniabejarano\/wp-json\/wp\/v2\/media?parent=23"}],"wp:term":[{"taxonomy":"category","embeddable":true,"href":"https:\/\/blogs.hoy.es\/soniabejarano\/wp-json\/wp\/v2\/categories?post=23"},{"taxonomy":"post_tag","embeddable":true,"href":"https:\/\/blogs.hoy.es\/soniabejarano\/wp-json\/wp\/v2\/tags?post=23"}],"curies":[{"name":"wp","href":"https:\/\/api.w.org\/{rel}","templated":true}]}}