{"id":26,"date":"2011-11-16T22:49:21","date_gmt":"2011-11-16T22:49:21","guid":{"rendered":"http:\/\/blogs.hoy.es\/soniabejarano\/?p=26"},"modified":"2011-11-16T22:49:21","modified_gmt":"2011-11-16T22:49:21","slug":"en-busca-de-una-plaza-para-el-europeo-de-cross","status":"publish","type":"post","link":"https:\/\/blogs.hoy.es\/soniabejarano\/2011\/11\/16\/en-busca-de-una-plaza-para-el-europeo-de-cross\/","title":{"rendered":"En busca de una plaza para el Europeo de Cross"},"content":{"rendered":"<div id=\"story-texto\">\n<div>Como cada temporada, el mes de <strong>noviembre<\/strong> destaca por marcar el inicio de las competiciones de cross, siendo para los atletas de dicha especialidad un mes de referencia debido a que su rendimiento durante los pr\u00f3ximos fines de semana ser\u00e1 evaluado. As\u00ed, s\u00f3lo unos pocos alcanzar\u00e1n el nivel necesario para garantizarse una plaza para poder participar con la selecci\u00f3n espa\u00f1ola de atletismo en el pr\u00f3ximo <strong>Campeonato de Europa de cross.<\/strong><\/div>\n<div>Este a\u00f1o tendr\u00e1n especial consideraci\u00f3n las pruebas de <strong>Atapuerca<\/strong> (Burgos), disputada ayer, y el cross de <strong>Soria<\/strong>, el 20 de noviembre, de manera que todos los atletas que crean tener opciones a ganar una plaza para el Europeo de cross tendr\u00e1n que darse cita en dichas localidades y medirse cuerpo a cuerpo.<\/div>\n<div>Escasas son las ediciones de Campeonatos de Europa en las que un atleta extreme\u00f1o no forme parte. Este a\u00f1o <strong>Velenge<\/strong> (Eslovenia), acoge por segunda vez dicho campeonato, como ya lo hiciera en 1999 donde Javier Alves, Miriam Solanas y yo misma compartimos una gran experiencia internacional.<\/div>\n<div>Los \u00e9xitos m\u00e1s destacados de extreme\u00f1os en esta prueba han sido la <strong>plata<\/strong> en categor\u00eda promesa de Cristina Jord\u00e1n en 2010, la medalla de <strong>oro<\/strong> del equipo absoluto masculino del que Javier Alves form\u00f3 parte en 2008 o las medallas de <strong>oro y bronce<\/strong> conseguidas por el equipo absoluto femenino en las que particip\u00e9 en 2007 y 2009.<\/div>\n<div>Las esperanzas extreme\u00f1as de acudir al pr\u00f3ximo Europeo se ir\u00e1n dibujando con el transcurso de las pruebas de cross. De momento este domingo en Atapuerca, Cristina Jord\u00e1n fue la mejor espa\u00f1ola en categor\u00eda promesa con su octava plaza.<\/div>\n<div>Mucha suerte!<\/div>\n<\/div>\n<!-- AddThis Advanced Settings generic via filter on the_content --><!-- AddThis Share Buttons generic via filter on the_content -->","protected":false},"excerpt":{"rendered":"<p>Como cada temporada, el mes de noviembre destaca por marcar el inicio de las competiciones de cross, siendo para los atletas de dicha especialidad un mes de referencia debido a que su rendimiento durante los pr\u00f3ximos fines de semana ser\u00e1 evaluado. As\u00ed, s\u00f3lo unos pocos alcanzar\u00e1n el nivel necesario para garantizarse una plaza para poder [&hellip;]<!-- AddThis Advanced Settings generic via filter on get_the_excerpt --><!-- AddThis Share Buttons generic via filter on get_the_excerpt --><\/p>\n","protected":false},"author":15,"featured_media":0,"comment_status":"open","ping_status":"closed","sticky":false,"template":"","format":"standard","meta":[],"categories":[2],"tags":[],"_links":{"self":[{"href":"https:\/\/blogs.hoy.es\/soniabejarano\/wp-json\/wp\/v2\/posts\/26"}],"collection":[{"href":"https:\/\/blogs.hoy.es\/soniabejarano\/wp-json\/wp\/v2\/posts"}],"about":[{"href":"https:\/\/blogs.hoy.es\/soniabejarano\/wp-json\/wp\/v2\/types\/post"}],"author":[{"embeddable":true,"href":"https:\/\/blogs.hoy.es\/soniabejarano\/wp-json\/wp\/v2\/users\/15"}],"replies":[{"embeddable":true,"href":"https:\/\/blogs.hoy.es\/soniabejarano\/wp-json\/wp\/v2\/comments?post=26"}],"version-history":[{"count":0,"href":"https:\/\/blogs.hoy.es\/soniabejarano\/wp-json\/wp\/v2\/posts\/26\/revisions"}],"wp:attachment":[{"href":"https:\/\/blogs.hoy.es\/soniabejarano\/wp-json\/wp\/v2\/media?parent=26"}],"wp:term":[{"taxonomy":"category","embeddable":true,"href":"https:\/\/blogs.hoy.es\/soniabejarano\/wp-json\/wp\/v2\/categories?post=26"},{"taxonomy":"post_tag","embeddable":true,"href":"https:\/\/blogs.hoy.es\/soniabejarano\/wp-json\/wp\/v2\/tags?post=26"}],"curies":[{"name":"wp","href":"https:\/\/api.w.org\/{rel}","templated":true}]}}