{"id":28,"date":"2011-11-21T11:27:18","date_gmt":"2011-11-21T11:27:18","guid":{"rendered":"http:\/\/blogs.hoy.es\/soniabejarano\/?p=28"},"modified":"2011-11-21T11:27:18","modified_gmt":"2011-11-21T11:27:18","slug":"urbanismo-deporte-y-medio-ambiente","status":"publish","type":"post","link":"https:\/\/blogs.hoy.es\/soniabejarano\/2011\/11\/21\/urbanismo-deporte-y-medio-ambiente\/","title":{"rendered":"Urbanismo, deporte y medio ambiente."},"content":{"rendered":"<p>Podria debatirse durante horas los <strong>dise\u00f1os urban\u00edsticos<\/strong> que definir\u00e1n una ciudad. En dichos dise\u00f1os ha primado en numerosas ocasiones un <strong>beneficio econ\u00f3mico<\/strong> que hemos aceptado como \u00fanico modelo de construcci\u00f3n y desarrollo. Nos hemos preocupado de que la ciudad siga creciendo construyendo edificios cada vez m\u00e1s grandes y m\u00e1s altos pero se nos olvida plantear <strong>zonas verdes extensas<\/strong> donde se pueda practicar deporte adem\u00e1s de ser zona de esparcimiento. Estos parques no son naturaleza sino un suced\u00e1neo necesario en las urbes que estamos creando. En las ciudades de Extremadura, este problema no esta muy acentuado a\u00fan porque son ciudades accesibles en las que puedes encontrarte r\u00e1pidamente recorriendo una ca\u00f1ada real o un camino pecuario. Todo esto hace que quiera trasmitir el valor de<strong> conservar y cuidar el estado natural de lo que ya tenemos<\/strong>, evitando en todo caso su transformaci\u00f3n antropog\u00e9nica. Dichos parajes pueden ser utilizados y disfrutados con fines deportivos si es necesario que sean viables y no un lastre para ning\u00fan ayuntamiento para su\u00a0 conservaci\u00f3n. Podr\u00edamos hablar as\u00ed de un t\u00e9rmino de <strong>sostenibilidad<\/strong> donde se plantea un <strong>crecimiento cualitativo<\/strong>, potenciando aquello que nos caracteriza, nuestro <strong>medio ambiente<\/strong> y espacio fundamental por otro lado para la pr\u00e1ctica deportiva, una de las caracter\u00edsticas de las que puede beneficiarse el viajero y residente en Extremadura. Puede ser una utop\u00eda si comparamos el rendimiento econ\u00f3mico por m2 de un edificio de oficinas a un parque pero deseable y necesario. De hecho, en algunas grandes ciudades de otros paises he podido encontrar un parque de al menos 3km de per\u00edmetro en unos 2km a la redonda partiendo de cualquier punto de esa cuidad encontrabas un parque o zona verde extensa si andabas como m\u00e1ximo 2km en cualquier direcci\u00f3n, no sin plantearse otro balance; el de crecimiento horizontal frente al vertical. Insisto en que hoy en d\u00eda a las ciudades extreme\u00f1as no concierne esta realidad pero que tenemos que tener presente a la hora de decidir <strong>qu\u00e9 tipo de desarrollo<\/strong> aceptamos (el cuidado y apuesta por nuestros campos \u2013como espacios naturales, actividades de agricultura y ganader\u00eda- prima al ser una de nuestras fuentes principales de desarrollo).<\/p>\n<p>Por otro lado, planteo el debate de construcci\u00f3n o funciones de mejora de <strong>infraestructura deportiva<\/strong> acorde con las <strong>necesidades<\/strong> de la poblaci\u00f3n de manera que se le saque el m\u00e1ximo partido y rendimiento. Una nueva infraestructura ser\u00e1 siempre bien acogida cuando pueda mantenerse y tenga una funci\u00f3n definida y espec\u00edfica contextualizada en su entorno. No se trata de construir por construir, sino atender a la <strong>finalidad y causalidad<\/strong> del por qu\u00e9 y c\u00f3mo hacerlo. Son algunas de las premisas del <strong>crecimiento cualitativo<\/strong> contra el cuantitativo. Tenemos en nuestra regi\u00f3n varias infraestructuras en entornos naturales, de manera que se han acondicionado dichas zonas para favorecer un turismo deportivo <strong>respetuoso<\/strong> que ayude a dar a conocer y valorar dichos parajes pero son acciones que est\u00e1n todav\u00eda desarroll\u00e1ndose puesto que la actividad en s\u00ed no termina con la finalizaci\u00f3n de la obra que le dio origen, sino que seguir\u00e1 necesitando de <strong>contendido y gesti\u00f3n<\/strong> para evitar que el desuso o falta de mantenimiento acabe con ese proyecto a los que tantos euros se invirtieron. El fin de la obra no es la finalidad en si misma sino el punto de inicio para el desarrollo de determinadas actividades deportivas.<\/p>\n<p>&nbsp;<\/p>\n<!-- AddThis Advanced Settings generic via filter on the_content --><!-- AddThis Share Buttons generic via filter on the_content -->","protected":false},"excerpt":{"rendered":"<p>Podria debatirse durante horas los dise\u00f1os urban\u00edsticos que definir\u00e1n una ciudad. En dichos dise\u00f1os ha primado en numerosas ocasiones un beneficio econ\u00f3mico que hemos aceptado como \u00fanico modelo de construcci\u00f3n y desarrollo. Nos hemos preocupado de que la ciudad siga creciendo construyendo edificios cada vez m\u00e1s grandes y m\u00e1s altos pero se nos olvida plantear [&hellip;]<!-- AddThis Advanced Settings generic via filter on get_the_excerpt --><!-- AddThis Share Buttons generic via filter on get_the_excerpt --><\/p>\n","protected":false},"author":15,"featured_media":0,"comment_status":"open","ping_status":"closed","sticky":false,"template":"","format":"standard","meta":[],"categories":[2],"tags":[],"_links":{"self":[{"href":"https:\/\/blogs.hoy.es\/soniabejarano\/wp-json\/wp\/v2\/posts\/28"}],"collection":[{"href":"https:\/\/blogs.hoy.es\/soniabejarano\/wp-json\/wp\/v2\/posts"}],"about":[{"href":"https:\/\/blogs.hoy.es\/soniabejarano\/wp-json\/wp\/v2\/types\/post"}],"author":[{"embeddable":true,"href":"https:\/\/blogs.hoy.es\/soniabejarano\/wp-json\/wp\/v2\/users\/15"}],"replies":[{"embeddable":true,"href":"https:\/\/blogs.hoy.es\/soniabejarano\/wp-json\/wp\/v2\/comments?post=28"}],"version-history":[{"count":0,"href":"https:\/\/blogs.hoy.es\/soniabejarano\/wp-json\/wp\/v2\/posts\/28\/revisions"}],"wp:attachment":[{"href":"https:\/\/blogs.hoy.es\/soniabejarano\/wp-json\/wp\/v2\/media?parent=28"}],"wp:term":[{"taxonomy":"category","embeddable":true,"href":"https:\/\/blogs.hoy.es\/soniabejarano\/wp-json\/wp\/v2\/categories?post=28"},{"taxonomy":"post_tag","embeddable":true,"href":"https:\/\/blogs.hoy.es\/soniabejarano\/wp-json\/wp\/v2\/tags?post=28"}],"curies":[{"name":"wp","href":"https:\/\/api.w.org\/{rel}","templated":true}]}}