{"id":30,"date":"2011-11-28T22:30:20","date_gmt":"2011-11-28T22:30:20","guid":{"rendered":"http:\/\/blogs.hoy.es\/soniabejarano\/?p=30"},"modified":"2011-11-28T22:30:20","modified_gmt":"2011-11-28T22:30:20","slug":"los-extremenos-en-el-europeo-de-cross","status":"publish","type":"post","link":"https:\/\/blogs.hoy.es\/soniabejarano\/2011\/11\/28\/los-extremenos-en-el-europeo-de-cross\/","title":{"rendered":"Los extreme\u00f1os en el Europeo de cross"},"content":{"rendered":"<p>Se me antoja indispensable hacer un repaso por las actuaciones de los extreme\u00f1os en dichos campeonatos. A falta de pocos d\u00edas para que se haga p\u00fablica la selecci\u00f3n de atletas que acudir\u00e1 el pr\u00f3ximo d\u00eda 11 de diciembre a Velenge (Eslovenia) para participar en el <strong>18\u00ba Campeonato de Europa de cross<\/strong>.<\/p>\n<div>El Campeonato de Europa celebr\u00f3 su primera edici\u00f3n oficial en el a\u00f1o 1994. En su 2\u00aa edici\u00f3n de 1995 en Alnwick (GBR), <strong>Marisa Martinez<\/strong> inaugur\u00f3 la actuaci\u00f3n extreme\u00f1a con el equipo <strong>senior<\/strong>, consiguiendo un cuarto puesto por equipos. De nuevo en 1996 en Charleroi (BEL) y 1997 en Oeiras (POR), Marisa volvi\u00f3 a formar parte del equipo nacional, en el 1997 consiguiendo una <strong>medalla de bronce por equipos<\/strong>, la primera del equipo espa\u00f1ol en esta categor\u00eda. Aparecieron en las ediciones del 1996, <strong>Pablo Villalobos<\/strong> y en 1997 <strong>Manoli Dominguez<\/strong> (atleta ya retirada) con la selecci\u00f3n junior.<\/div>\n<div>En la edici\u00f3n de 1999 en Velenge (SLO) hubo 3 juniors extreme\u00f1os en el equipo nacional,<strong> Miriam Solanas<\/strong> (exatleta), <strong>Javier Alves<\/strong> y <strong>yo misma<\/strong> adem\u00e1s del jefe de equipo, <strong>Jose Ignacio Fern\u00e1ndez<\/strong>, organizador del <strong>Trofeo Diputaci\u00f3n de C\u00e1ceres y del Gran Premio de C\u00e1ceres de Campo a Trav\u00e9s,<\/strong> quien a d\u00eda de hoy sigue desempe\u00f1ando dicha funci\u00f3n en cada edici\u00f3n del campeonato.<\/div>\n<div>En el 2000 en Malmoe (SWE), de nuevo Marisa Mart\u00ednez acude con el equipo senior acompa\u00f1\u00e1ndola<strong> Jos\u00e9 Manuel Moreno<\/strong> (ex atleta profesional) en categor\u00eda junior.<\/div>\n<div>En 2001, en Thurn (SUI), Conchi Hidalgo se col\u00f3 en la selecci\u00f3n junior y en 2003 en Edimburgo (GRB), lo hicieron M\u00f3nica Guti\u00e9rrez y Teresa Urbina quien tambi\u00e9n estuvo con el equipo junior en 2004 en Heringsdorf (GER), junto con <strong>Javier Garc\u00eda<\/strong> y <strong>Juan Diego Bote<\/strong>, as\u00ed como en el 2006 en San Giorgio (ITA), cuando se inagur\u00f3 la categor\u00eda sub-23 en este Campeonato de Europa donde tambi\u00e9n se dej\u00f3 ver por primera vez con la selecci\u00f3n <strong>Cristina Jord\u00e1n<\/strong> en categor\u00eda junior. En la edici\u00f3n de 2005 en Tilburg (NED), <strong>Jose Lu\u00eds Galv\u00e1n<\/strong> entraba en la selecci\u00f3n nacional junior para repetir en la edici\u00f3n de 2007 como promesa junto con la todav\u00eda junior Cristina Jord\u00e1n.<\/div>\n<div>En esa edici\u00f3n de 2007 celebrada en<strong> Toro<\/strong>, el equipo espa\u00f1ol femenino del que form\u00e9 parte consegu\u00eda la primera<strong> medalla de oro<\/strong> por equipos.<\/div>\n<div>En 2008 en Bruselas (BEL),<strong> Tania Carretero<\/strong> y Jord\u00e1n compitieron en categor\u00eda junior, Jose Lu\u00eds Galv\u00e1n,<strong> Carlos Gazapo<\/strong> en promesa y Urbina en categor\u00eda absoluta, Javier Alves form\u00f3 parte del equipo absoluto masculino consiguiendo la<strong> medalla del oro<\/strong> por equipos para Espa\u00f1a.<\/div>\n<div>En 2009 en <strong>Dublin<\/strong> (IRL), form\u00e9 parte del equipo absoluto femenino que consigui\u00f3 el<strong> bronce<\/strong> y donde tambi\u00e9n participaron Jord\u00e1n y <strong>M\u00aa Carmen Ledesma<\/strong> en categor\u00eda promesa y <strong>Mario Mirabel<\/strong> en junior.<\/div>\n<div>En 2010 en Albufeira (POR), la represetaci\u00f3n extreme\u00f1a estuvo a cargo de <strong>Tania Carretero<\/strong> en categor\u00eda junior y Cristina Jord\u00e1n quien consigui\u00f3 una <strong>plata<\/strong> en categor\u00eda promesa.<\/div>\n<div>Tendremos que esperar al comunicado oficial que emitir\u00e1 en los pr\u00f3ximos d\u00edas la<strong> Real Federaci\u00f3n Espa\u00f1ola de Atletismo<\/strong> para conocer los atletas que viajar\u00e1n a Velenge (SLO) siendo Cristina Jord\u00e1n la representante extreme\u00f1a con m\u00e1s posibilidades de acudir.<\/div>\n<!-- AddThis Advanced Settings generic via filter on the_content --><!-- AddThis Share Buttons generic via filter on the_content -->","protected":false},"excerpt":{"rendered":"<p>Se me antoja indispensable hacer un repaso por las actuaciones de los extreme\u00f1os en dichos campeonatos. A falta de pocos d\u00edas para que se haga p\u00fablica la selecci\u00f3n de atletas que acudir\u00e1 el pr\u00f3ximo d\u00eda 11 de diciembre a Velenge (Eslovenia) para participar en el 18\u00ba Campeonato de Europa de cross. El Campeonato de Europa [&hellip;]<!-- AddThis Advanced Settings generic via filter on get_the_excerpt --><!-- AddThis Share Buttons generic via filter on get_the_excerpt --><\/p>\n","protected":false},"author":15,"featured_media":0,"comment_status":"open","ping_status":"closed","sticky":false,"template":"","format":"standard","meta":[],"categories":[2],"tags":[],"_links":{"self":[{"href":"https:\/\/blogs.hoy.es\/soniabejarano\/wp-json\/wp\/v2\/posts\/30"}],"collection":[{"href":"https:\/\/blogs.hoy.es\/soniabejarano\/wp-json\/wp\/v2\/posts"}],"about":[{"href":"https:\/\/blogs.hoy.es\/soniabejarano\/wp-json\/wp\/v2\/types\/post"}],"author":[{"embeddable":true,"href":"https:\/\/blogs.hoy.es\/soniabejarano\/wp-json\/wp\/v2\/users\/15"}],"replies":[{"embeddable":true,"href":"https:\/\/blogs.hoy.es\/soniabejarano\/wp-json\/wp\/v2\/comments?post=30"}],"version-history":[{"count":0,"href":"https:\/\/blogs.hoy.es\/soniabejarano\/wp-json\/wp\/v2\/posts\/30\/revisions"}],"wp:attachment":[{"href":"https:\/\/blogs.hoy.es\/soniabejarano\/wp-json\/wp\/v2\/media?parent=30"}],"wp:term":[{"taxonomy":"category","embeddable":true,"href":"https:\/\/blogs.hoy.es\/soniabejarano\/wp-json\/wp\/v2\/categories?post=30"},{"taxonomy":"post_tag","embeddable":true,"href":"https:\/\/blogs.hoy.es\/soniabejarano\/wp-json\/wp\/v2\/tags?post=30"}],"curies":[{"name":"wp","href":"https:\/\/api.w.org\/{rel}","templated":true}]}}