{"id":33,"date":"2011-12-19T10:13:51","date_gmt":"2011-12-19T10:13:51","guid":{"rendered":"http:\/\/blogs.hoy.es\/soniabejarano\/?p=33"},"modified":"2011-12-19T10:13:51","modified_gmt":"2011-12-19T10:13:51","slug":"idolos","status":"publish","type":"post","link":"https:\/\/blogs.hoy.es\/soniabejarano\/2011\/12\/19\/idolos\/","title":{"rendered":"\u00cddolos"},"content":{"rendered":"<p>En estos tiempos que corren donde la urgencia por los resultados prima sobre las trayectorias deportivas, los deportistas est\u00e1n obligados a exprimirse de tal forma que durante todo el a\u00f1o pelean por conseguir \u00e9xitos aunque \u00e9stos sean de segundo orden con el fin de rellenar con sus nombres los titulares de la prensa deportiva. Algunos consiguen lidiar esta doble tarea de no perder su objetivo principal, ese que le situar\u00e1 donde merece y que le dar\u00e1 cach\u00e9 como deportista, mientras se prodiga por otro tipo de circuitos y competiciones nacionales de manera competitiva. Aquellos que lo consiguen y vencen torneos y carreras de manera consecutivas son admirados y marcan un referente a seguir para adultos y j\u00f3venes.<\/p>\n<div>Con frecuencia queremos parecernos a esa figura que todo lo gana. En ocasiones, tambi\u00e9n influye la publicidad o el marketing que realzan la figura triunfadora para idolatrar a un deportista. Nos fijamos en el \u00e9xito inmediato conseguido y no valoramos en numerosas ocasiones las dificultades por las que ha atravesado a lo largo de su carrera profesional. Si en alguna ocasi\u00f3n el deportista no est\u00e1 a la altura se le olvida y ser\u00e1 otra figura la que lidere la clasificaci\u00f3n y acapare toda la atenci\u00f3n sobre \u00e9l o ella.<\/div>\n<div>No niego la figura del \u00eddolo o que se admire a una persona que sobresale por su rendimiento, sin embargo s\u00ed me gustar\u00eda reflexionar sobre los motivos que nos llevan a admirar a una persona o deportista. No sabemos nada personal de ese \u00eddolo salvo sus cualidades concretas mostradas medi\u00e1ticamente y eso a veces puede llevar a desenga\u00f1os.<\/div>\n<div>Yo prefiero tener referentes cercanos de los que conozco su trayectoria. Aquellas figuras que con trabajo y lucha quiz\u00e1s no ganen cada fin de semana, pero que un d\u00eda consiguieron algo que se propusieron. Admiro a la gente que consigue sus prop\u00f3sitos y me interesa conocer c\u00f3mo hicieron por alcanzarlos. Me gustan las personas que sienten placer por hacer las cosas bien y aquellos atletas que respetan sus procesos biol\u00f3gicos y fisiol\u00f3gicos sin acelerarlos artificialmente. Las que consiguen victorias por gustarles su deporte en lugar de las que les gusta el deporte por sus victorias.<\/div>\n<div>Es importante considerar y reflexionar sobre qu\u00e9 tipo de persona acapara nuestra atenci\u00f3n y plantearnos si realmente la consideramos un referente v\u00e1lido.<\/div>\n<!-- AddThis Advanced Settings generic via filter on the_content --><!-- AddThis Share Buttons generic via filter on the_content -->","protected":false},"excerpt":{"rendered":"<p>En estos tiempos que corren donde la urgencia por los resultados prima sobre las trayectorias deportivas, los deportistas est\u00e1n obligados a exprimirse de tal forma que durante todo el a\u00f1o pelean por conseguir \u00e9xitos aunque \u00e9stos sean de segundo orden con el fin de rellenar con sus nombres los titulares de la prensa deportiva. Algunos [&hellip;]<!-- AddThis Advanced Settings generic via filter on get_the_excerpt --><!-- AddThis Share Buttons generic via filter on get_the_excerpt --><\/p>\n","protected":false},"author":15,"featured_media":0,"comment_status":"open","ping_status":"closed","sticky":false,"template":"","format":"standard","meta":[],"categories":[2],"tags":[],"_links":{"self":[{"href":"https:\/\/blogs.hoy.es\/soniabejarano\/wp-json\/wp\/v2\/posts\/33"}],"collection":[{"href":"https:\/\/blogs.hoy.es\/soniabejarano\/wp-json\/wp\/v2\/posts"}],"about":[{"href":"https:\/\/blogs.hoy.es\/soniabejarano\/wp-json\/wp\/v2\/types\/post"}],"author":[{"embeddable":true,"href":"https:\/\/blogs.hoy.es\/soniabejarano\/wp-json\/wp\/v2\/users\/15"}],"replies":[{"embeddable":true,"href":"https:\/\/blogs.hoy.es\/soniabejarano\/wp-json\/wp\/v2\/comments?post=33"}],"version-history":[{"count":0,"href":"https:\/\/blogs.hoy.es\/soniabejarano\/wp-json\/wp\/v2\/posts\/33\/revisions"}],"wp:attachment":[{"href":"https:\/\/blogs.hoy.es\/soniabejarano\/wp-json\/wp\/v2\/media?parent=33"}],"wp:term":[{"taxonomy":"category","embeddable":true,"href":"https:\/\/blogs.hoy.es\/soniabejarano\/wp-json\/wp\/v2\/categories?post=33"},{"taxonomy":"post_tag","embeddable":true,"href":"https:\/\/blogs.hoy.es\/soniabejarano\/wp-json\/wp\/v2\/tags?post=33"}],"curies":[{"name":"wp","href":"https:\/\/api.w.org\/{rel}","templated":true}]}}