{"id":36,"date":"2012-01-16T10:06:41","date_gmt":"2012-01-16T10:06:41","guid":{"rendered":"http:\/\/blogs.hoy.es\/soniabejarano\/?p=36"},"modified":"2012-01-16T10:06:41","modified_gmt":"2012-01-16T10:06:41","slug":"tradicion-y-cultura-atletica","status":"publish","type":"post","link":"https:\/\/blogs.hoy.es\/soniabejarano\/2012\/01\/16\/tradicion-y-cultura-atletica\/","title":{"rendered":"Tradici\u00f3n y cultura atl\u00e9tica."},"content":{"rendered":"<p>Soy asidua espectadora de la San Silvestre cacere\u00f1a. Cada a\u00f1o, desde mi \u00faltima participaci\u00f3n en el 97 acudo puntualmente para presenciar el desarrollo de la prueba. Me gusta observar actitudes, el comportamiento de los atletas antes y durante la competici\u00f3n as\u00ed como el de los espectadores.<\/p>\n<p>Mientras esperaba en lo alto de la cuesta del Gran Teatro, en Gran V\u00eda, la aparici\u00f3n de los primeros atletas a\u00fan pod\u00eda encontrarse gente que apresurada intentaba llegar a tiempo a la salida. En cabeza alg\u00fan corredor con ropa poco apropiada desentonaba incitando a pensar que su puesto podr\u00eda haberlo conseguido tras colarse. Ya a la altura de la Fuente Luminosa algunos chicos bien j\u00f3venes recurr\u00edan a la picaresca buscando atajos por cruces y aceras y todo esto no hace si no entristecerme y pensar que no es cuesti\u00f3n de mala educaci\u00f3n sino de falta de educaci\u00f3n.<\/p>\n<p>Ciertamente falta una tradici\u00f3n y cultura atl\u00e9tica. No sabemos comportarnos en eventos deportivos, ni como espectadores (cuando nos cruzamos, insultamos y faltamos el respeto) ni como deportistas (cuando no sabemos ocupar nuestro lugar en la salida, no obedecemos las reglas o no atendemos a las \u00f3rdenes de un juez \u00e1rbitro). Es cierto que el comportamiento incorrecto de una minor\u00eda destaca frente al correcto por mayor\u00eda pero creo deben corregirse las malas pr\u00e1cticas y es la organizaci\u00f3n la que debe ayudar a solventarlas insistiendo en unos h\u00e1bitos acordes con lo que se supone una disciplina deportiva; puntualidad y organizaci\u00f3n en la salida, completar el recorrido.. aspectos b\u00e1sicos que no deber\u00edan saltarse por alto a pesar de que una prueba no sea catalogada de competitiva sino como l\u00fadico-deportiva.<\/p>\n<p>La buena praxis es la que educa y cada a\u00f1o no hacemos sino insistir en una tradici\u00f3n que dista de lo que entender\u00eda por cultura atl\u00e9tica. Mientras, en otras localidades se van arraigando las ganas de hacerlo bien, de mezclar atletismo competitivo y popular de manera que ambos sectores se vean potenciados al consolidarse esta relaci\u00f3n que se retroalimenta y favorece a ambos cuya consecuencia m\u00e1s directa es que cada a\u00f1o la prueba tenga m\u00e1s relevancia siendo referente y donde asisten corredores de todas partes de la regi\u00f3n. Lo que hace unos a\u00f1os funcionaba no tiene que seguir haci\u00e9ndolo en el presente, es momento de observar hacia aquello que funcione, adaptarlo a nuestras demandas, cambiar y mejorar.<\/p>\n<p>&nbsp;<\/p>\n<p>&nbsp;<\/p>\n<p>&nbsp;<\/p>\n<p>&nbsp;<\/p>\n<!-- AddThis Advanced Settings generic via filter on the_content --><!-- AddThis Share Buttons generic via filter on the_content -->","protected":false},"excerpt":{"rendered":"<p>Soy asidua espectadora de la San Silvestre cacere\u00f1a. Cada a\u00f1o, desde mi \u00faltima participaci\u00f3n en el 97 acudo puntualmente para presenciar el desarrollo de la prueba. Me gusta observar actitudes, el comportamiento de los atletas antes y durante la competici\u00f3n as\u00ed como el de los espectadores. Mientras esperaba en lo alto de la cuesta del [&hellip;]<!-- AddThis Advanced Settings generic via filter on get_the_excerpt --><!-- AddThis Share Buttons generic via filter on get_the_excerpt --><\/p>\n","protected":false},"author":15,"featured_media":0,"comment_status":"open","ping_status":"closed","sticky":false,"template":"","format":"standard","meta":[],"categories":[2],"tags":[],"_links":{"self":[{"href":"https:\/\/blogs.hoy.es\/soniabejarano\/wp-json\/wp\/v2\/posts\/36"}],"collection":[{"href":"https:\/\/blogs.hoy.es\/soniabejarano\/wp-json\/wp\/v2\/posts"}],"about":[{"href":"https:\/\/blogs.hoy.es\/soniabejarano\/wp-json\/wp\/v2\/types\/post"}],"author":[{"embeddable":true,"href":"https:\/\/blogs.hoy.es\/soniabejarano\/wp-json\/wp\/v2\/users\/15"}],"replies":[{"embeddable":true,"href":"https:\/\/blogs.hoy.es\/soniabejarano\/wp-json\/wp\/v2\/comments?post=36"}],"version-history":[{"count":0,"href":"https:\/\/blogs.hoy.es\/soniabejarano\/wp-json\/wp\/v2\/posts\/36\/revisions"}],"wp:attachment":[{"href":"https:\/\/blogs.hoy.es\/soniabejarano\/wp-json\/wp\/v2\/media?parent=36"}],"wp:term":[{"taxonomy":"category","embeddable":true,"href":"https:\/\/blogs.hoy.es\/soniabejarano\/wp-json\/wp\/v2\/categories?post=36"},{"taxonomy":"post_tag","embeddable":true,"href":"https:\/\/blogs.hoy.es\/soniabejarano\/wp-json\/wp\/v2\/tags?post=36"}],"curies":[{"name":"wp","href":"https:\/\/api.w.org\/{rel}","templated":true}]}}