{"id":40,"date":"2012-02-10T16:12:13","date_gmt":"2012-02-10T16:12:13","guid":{"rendered":"http:\/\/blogs.hoy.es\/soniabejarano\/?p=40"},"modified":"2012-02-10T16:12:13","modified_gmt":"2012-02-10T16:12:13","slug":"la-emocion-del-cross","status":"publish","type":"post","link":"https:\/\/blogs.hoy.es\/soniabejarano\/2012\/02\/10\/la-emocion-del-cross\/","title":{"rendered":"La emoci\u00f3n del cross"},"content":{"rendered":"<div id=\"story-texto\">\n<div>Enero y febrero son meses importantes para nuestro atletismo. No s\u00f3lo est\u00e1 en su punto \u00e1lgido la liga extreme\u00f1a de cross, sino que tambi\u00e9n abundan las pruebas de pista de invierno. El pasado enero concluy\u00f3 la liga de cross con la proclamaci\u00f3n de los campeones de cada categor\u00eda. Estos meritorios primeros puestos les servir\u00e1n a los atletas para ganarse su inclusi\u00f3n en el equipo regional que acudir\u00e1 al Campeonato de Espa\u00f1a que se disputar\u00e1 en Gij\u00f3n el 4 de marzo.<\/div>\n<div>Adem\u00e1s, el pasado domingo se celebr\u00f3 en &#8216;El Cuartillo&#8217; de C\u00e1ceres el Campeonato de Extremadura de campo a trav\u00e9s. De igual manera que sucede con los campeones de la liga de cross, los dos primeros de cada categor\u00eda tambi\u00e9n tienen asegurada su participaci\u00f3n en Gij\u00f3n como establecen los criterios del comit\u00e9 t\u00e9cnico publicados en la p\u00e1gina de la Federaci\u00f3n, dejando a criterio de dicho comit\u00e9 los atletas que completar\u00e1n la expedici\u00f3n con la intenci\u00f3n de formar el mejor equipo posible e intentar mejorar los resultados anteriores.<\/div>\n<div>En esta ocasi\u00f3n, el Campeonato de Espa\u00f1a no servir\u00e1 como clasificatorio para un Mundial de cross, porque en 2011 se decidi\u00f3 que se celebrar\u00eda cada dos a\u00f1os en lugar de todas las temporadas.<\/div>\n<div>Algunas de las actuaciones estelares de nuestras fondistas han sido precisamente la clasificaci\u00f3n para ese Mundial absoluto de atletas todav\u00eda promesas como fue el caso de la ya retirada Manoli Dom\u00ednguez en 1999, Cristina Jord\u00e1n en 2008, o el de la que firma en 2003. Tampoco debemos olvidar las actuaciones en Mundiales de Roc\u00edo Mart\u00ednez y Marisa Mart\u00ednez, atletas absolutas que abrieron un camino a los que ahora seguimos disputando.<\/div>\n<div>Me gustar\u00eda repetir la experiencia de un Mundial de cross vivida en 2003, 2004 y 2005, una de las experiencias m\u00e1s exigentes f\u00edsicamente que pueda recordar, aunque habr\u00e1 que esperar hasta 2013 para intentar luchar por esa clasificaci\u00f3n.<\/div>\n<div>El cross es una disciplina quiz\u00e1s injustamente valorada por no ser ol\u00edmpica, pero que supera a cualquier otra prueba o distancia atl\u00e9tica puesto que todas las especialistas de diferentes modalidades convergen en un mismo evento. S\u00f3lo las seis mejores de cada pa\u00eds acuden a un Mundial, y s\u00f3lo las seis mejores de cada autonom\u00eda competir\u00e1n en el Campeonato de Espa\u00f1a, siendo esta la prueba m\u00e1s selectiva que determina el nivel de cada atleta al enfrentarlos directamente, aunque al no tener condiciones est\u00e1ndar no puede valorarse con objetividad las diferencias de nivel como en la pista.<\/div>\n<div>En otros deportes, el enfrentamiento directo determina al mejor, en la pista es el cron\u00f3metro el que manda, pero nada de eso ocurre en el cross, y precisamente es eso lo que seduce a muchos, una dosis de emoci\u00f3n que anima las pruebas.<\/div>\n<div>La adaptaci\u00f3n al circuito es primordial, la resistencia y fuerza, cualidades b\u00e1sicas. El invierno acent\u00faa esos atributos y embellecer un evento que ha sido y ser\u00e1 la cuna de los mejores atletas que la pista pueda ver.<\/div>\n<\/div>\n<!-- AddThis Advanced Settings generic via filter on the_content --><!-- AddThis Share Buttons generic via filter on the_content -->","protected":false},"excerpt":{"rendered":"<p>Enero y febrero son meses importantes para nuestro atletismo. No s\u00f3lo est\u00e1 en su punto \u00e1lgido la liga extreme\u00f1a de cross, sino que tambi\u00e9n abundan las pruebas de pista de invierno. El pasado enero concluy\u00f3 la liga de cross con la proclamaci\u00f3n de los campeones de cada categor\u00eda. Estos meritorios primeros puestos les servir\u00e1n a [&hellip;]<!-- AddThis Advanced Settings generic via filter on get_the_excerpt --><!-- AddThis Share Buttons generic via filter on get_the_excerpt --><\/p>\n","protected":false},"author":15,"featured_media":0,"comment_status":"open","ping_status":"closed","sticky":false,"template":"","format":"standard","meta":[],"categories":[2],"tags":[],"_links":{"self":[{"href":"https:\/\/blogs.hoy.es\/soniabejarano\/wp-json\/wp\/v2\/posts\/40"}],"collection":[{"href":"https:\/\/blogs.hoy.es\/soniabejarano\/wp-json\/wp\/v2\/posts"}],"about":[{"href":"https:\/\/blogs.hoy.es\/soniabejarano\/wp-json\/wp\/v2\/types\/post"}],"author":[{"embeddable":true,"href":"https:\/\/blogs.hoy.es\/soniabejarano\/wp-json\/wp\/v2\/users\/15"}],"replies":[{"embeddable":true,"href":"https:\/\/blogs.hoy.es\/soniabejarano\/wp-json\/wp\/v2\/comments?post=40"}],"version-history":[{"count":0,"href":"https:\/\/blogs.hoy.es\/soniabejarano\/wp-json\/wp\/v2\/posts\/40\/revisions"}],"wp:attachment":[{"href":"https:\/\/blogs.hoy.es\/soniabejarano\/wp-json\/wp\/v2\/media?parent=40"}],"wp:term":[{"taxonomy":"category","embeddable":true,"href":"https:\/\/blogs.hoy.es\/soniabejarano\/wp-json\/wp\/v2\/categories?post=40"},{"taxonomy":"post_tag","embeddable":true,"href":"https:\/\/blogs.hoy.es\/soniabejarano\/wp-json\/wp\/v2\/tags?post=40"}],"curies":[{"name":"wp","href":"https:\/\/api.w.org\/{rel}","templated":true}]}}