{"id":41,"date":"2012-02-22T12:04:42","date_gmt":"2012-02-22T12:04:42","guid":{"rendered":"http:\/\/blogs.hoy.es\/soniabejarano\/?p=41"},"modified":"2012-02-22T12:04:42","modified_gmt":"2012-02-22T12:04:42","slug":"gran-premio-de-caceres","status":"publish","type":"post","link":"https:\/\/blogs.hoy.es\/soniabejarano\/2012\/02\/22\/gran-premio-de-caceres\/","title":{"rendered":"Gran Premio de C\u00e1ceres"},"content":{"rendered":"<div id=\"story-texto\">\n<div>La pasada semana se celebraba en Trujillo, en su circuito de La Dehesilla, una edici\u00f3n m\u00e1s del Gran Premio de C\u00e1ceres, que este a\u00f1o cumpl\u00eda ya su cuadrag\u00e9simo segundo aniversario. Para algunos puede que simplemente sea una cifra m\u00e1s, pero para los amantes de este deporte, as\u00ed como para los organizadores y pioneros en poner en marcha este proyecto, esa cifra significa algo m\u00e1s. Marca la relevancia de la prueba, situ\u00e1ndola en uno de los eventos m\u00e1s antiguos del calendario nacional. S\u00f3lo crosses tan m\u00edticos como algunos del Pa\u00eds Vasco (82\u00aa Cross Internacional Gimn\u00e1stica de Ul\u00eda, 69\u00aa Cross de Elgoibar, 58\u00aa Cross de Amorebieta o 57\u00aa Cross Internacional de San Sebasti\u00e1n) superan en antig\u00fcedad y quiz\u00e1s relevancia a nuestra competici\u00f3n. Sin embargo no debemos olvidar que la comunidad vasca ha marcado un referente en cuanto a devoci\u00f3n por el atletismo y m\u00e1s concretamente en lo que a pasi\u00f3n por el campo a trav\u00e9s se refiere. S\u00f3lo otro cross fuera del Pa\u00eds Vasco supera en antig\u00fcedad al nuestro como el 53\u00ba Trofeo Marat\u00f3n de Madrid y solo otra prueba atl\u00e9tica fuera del cross como es la 47\u00aa San Silvestre Vallecana. Todo esto hace plantearse que la celebraci\u00f3n de nuestro cross sea un \u00e9xito absoluto y un evento que la provincia cacere\u00f1a debe aprovechar como escaparate para seducir al extranjero o como promoci\u00f3n auton\u00f3mica en materia de atletismo, estructura y cultura atl\u00e9tica, adem\u00e1s de disfrute de tiempo de ocio debido al espect\u00e1culo que aportan los deportistas.<\/div>\n<div>Este cross, a diferencia de todos los dem\u00e1s, se ha caracterizado desde sus inicios por su sede itinerante. Los organizadores cambian su emplazamiento por todo el territorio de la provincia cacere\u00f1a. El motivo inicial era dar a conocer nuestra tierra y llevar a cada localidad esta fiesta del cross. Quiz\u00e1s un emplazamiento fijo en C\u00e1ceres podr\u00eda hacer de estar prueba un emblema propio de la ciudad donde se volcaran m\u00e1s recursos institucionales, empresariales y m\u00e1s p\u00fablico pudiera acudir a verlo, pues de sobras es conocida la buena reputaci\u00f3n y exquisita organizaci\u00f3n de nuestro cross. No en vano, son los mismos organizadores que en anteriores ocasiones han dispuesto campeonatos de Espa\u00f1a de cross individual y de clubes y Campeonatos de Europa de clubes en el circuito permanente de El Cuartillo. Desde mi punto de vista creo que la provincia a todos lo niveles deber\u00eda volcarse m\u00e1s a\u00fan si cabe en esta prueba, pues es una de nuestras ventanas particulares para dar a conocer nuestras capacidades al resto del Espa\u00f1a, adem\u00e1s de ser una ocasi\u00f3n \u00fanica para valorar y comparar el esfuerzo de los atletas extreme\u00f1os frente a otros de gran nivel nacional e internacional.<\/div>\n<\/div>\n<!-- AddThis Advanced Settings generic via filter on the_content --><!-- AddThis Share Buttons generic via filter on the_content -->","protected":false},"excerpt":{"rendered":"<p>La pasada semana se celebraba en Trujillo, en su circuito de La Dehesilla, una edici\u00f3n m\u00e1s del Gran Premio de C\u00e1ceres, que este a\u00f1o cumpl\u00eda ya su cuadrag\u00e9simo segundo aniversario. Para algunos puede que simplemente sea una cifra m\u00e1s, pero para los amantes de este deporte, as\u00ed como para los organizadores y pioneros en poner [&hellip;]<!-- AddThis Advanced Settings generic via filter on get_the_excerpt --><!-- AddThis Share Buttons generic via filter on get_the_excerpt --><\/p>\n","protected":false},"author":15,"featured_media":0,"comment_status":"open","ping_status":"closed","sticky":false,"template":"","format":"standard","meta":[],"categories":[2],"tags":[],"_links":{"self":[{"href":"https:\/\/blogs.hoy.es\/soniabejarano\/wp-json\/wp\/v2\/posts\/41"}],"collection":[{"href":"https:\/\/blogs.hoy.es\/soniabejarano\/wp-json\/wp\/v2\/posts"}],"about":[{"href":"https:\/\/blogs.hoy.es\/soniabejarano\/wp-json\/wp\/v2\/types\/post"}],"author":[{"embeddable":true,"href":"https:\/\/blogs.hoy.es\/soniabejarano\/wp-json\/wp\/v2\/users\/15"}],"replies":[{"embeddable":true,"href":"https:\/\/blogs.hoy.es\/soniabejarano\/wp-json\/wp\/v2\/comments?post=41"}],"version-history":[{"count":0,"href":"https:\/\/blogs.hoy.es\/soniabejarano\/wp-json\/wp\/v2\/posts\/41\/revisions"}],"wp:attachment":[{"href":"https:\/\/blogs.hoy.es\/soniabejarano\/wp-json\/wp\/v2\/media?parent=41"}],"wp:term":[{"taxonomy":"category","embeddable":true,"href":"https:\/\/blogs.hoy.es\/soniabejarano\/wp-json\/wp\/v2\/categories?post=41"},{"taxonomy":"post_tag","embeddable":true,"href":"https:\/\/blogs.hoy.es\/soniabejarano\/wp-json\/wp\/v2\/tags?post=41"}],"curies":[{"name":"wp","href":"https:\/\/api.w.org\/{rel}","templated":true}]}}