{"id":42,"date":"2012-02-27T21:07:03","date_gmt":"2012-02-27T21:07:03","guid":{"rendered":"http:\/\/blogs.hoy.es\/soniabejarano\/?p=42"},"modified":"2012-02-27T21:07:03","modified_gmt":"2012-02-27T21:07:03","slug":"atletismo","status":"publish","type":"post","link":"https:\/\/blogs.hoy.es\/soniabejarano\/2012\/02\/27\/atletismo\/","title":{"rendered":"Atletismo"},"content":{"rendered":"<div id=\"story-texto\">\n<div>En febrero bulle nuestro deporte en todas sus modalidades. El cross es el protagonista desde noviembre. A falta de disputar la \u00faltima y la m\u00e1s importante competici\u00f3n de esta temporada de campo a trav\u00e9s, el Campeonato de Espa\u00f1a por autonom\u00edas del 4 de marzo en Gij\u00f3n, la Federaci\u00f3n Extreme\u00f1a ya ha hecho p\u00fablica la selecci\u00f3n que acudir\u00e1 por lo que m\u00e1s adelante estaremos atentos al rendimiento de los extreme\u00f1os en esa cita.<\/div>\n<div>Pero volviendo la vista atr\u00e1s, este \u00faltimo fin de semana diversos clubes de la regi\u00f3n disputaron en Oropesa del Mar el Campeonato de Espa\u00f1a de clubes. Destacables actuaciones tuvieron el equipo junior femenino del Atletismo Olivenza que alcanz\u00f3 la cuarta posici\u00f3n a s\u00f3lo 2 puntos del tercero y segundo clasificado, F.C. Barcelona y Atletismo Toledo respectivamente. El equipo juvenil masculino de Almendralejo obtuvo tambi\u00e9n la cuarta posici\u00f3n, qued\u00e1ndose a las puertas del podio, y su equipo de chicos cadetes luch\u00f3 duramente por una quinta posici\u00f3n. Otros clubes extreme\u00f1os que disputaron esta prueba fueron el equipo cadete femenino del Em\u00e9rita Atl\u00e9tica (17\u00aa) y del Almaraz (35\u00aa), as\u00ed como su equipo cadete masculino (33\u00ba). El equipo juvenil femenino del Zafra (14\u00aa), Almendralejo (23\u00aa), Em\u00e9rita Atl\u00e9tica (28\u00aa) y Almaraz (45\u00aa). El equipo juvenil masculino del Em\u00e9rita Atl\u00e9tica (44\u00ba), el equipo junior masculino del Almendralejo (13\u00ba), el equipo absoluto de cross corto masculino del Badajoz (42\u00ba) y Almendralejo (47\u00ba) o el del cross largo masculino del Olivenza (30\u00ba).<\/div>\n<div>Pero el atletismo es algo m\u00e1s que una sola disciplina, a pesar de que el cross sea protagonista en los meses de invierno. En este mes de febrero se han seguido disputando competiciones de pista como los JUDEX. Ayer mismo la Ciudad Deportiva de C\u00e1ceres acogi\u00f3 en jornada de ma\u00f1ana y tarde una concentraci\u00f3n escolar que por la tarde coincidir\u00e1 con el control de marcas que la Federaci\u00f3n Extreme\u00f1a programaba en las modalidades de vallas, disco, altura y 800 metros.<\/div>\n<div>No hay que dejar pasar por alto la Jornada Pr\u00e1ctica de Salto, destinada a la tecnificaci\u00f3n de p\u00e9rtiga y longitud que tuvo lugar el jueves 23 de febrero en Villafranca de los Barros organizada por el Club Atletismo Perceiana, club al que pertenece el atleta C\u00e9sar \u00c1lvarez que hace pocas semanas fijaba en 4m10 el nuevo r\u00e9cord de Extremadura de p\u00e9rtiga.<\/div>\n<div>Los atletas extreme\u00f1os siempre han destacado a nivel nacional en disciplinas de fondo y medio fondo y a pesar de que siempre ha emergido alguna figura en pruebas t\u00e9cnicas como altura, lanzamiento de martillo o marcha son pocos los atletas que se dedican a los concursos por lo que es necesario seguir con estas inquietudes en cuanto a tecnificaci\u00f3n de dichas disciplinas con el fin de favorecer su aprendizaje y de acercarlas a los j\u00f3venes. El atletismo es un deporte simple y complejo al mismo tiempo en el que diferentes eventos convergen bajo un mismo nombre.<\/div>\n<\/div>\n<!-- AddThis Advanced Settings generic via filter on the_content --><!-- AddThis Share Buttons generic via filter on the_content -->","protected":false},"excerpt":{"rendered":"<p>En febrero bulle nuestro deporte en todas sus modalidades. El cross es el protagonista desde noviembre. A falta de disputar la \u00faltima y la m\u00e1s importante competici\u00f3n de esta temporada de campo a trav\u00e9s, el Campeonato de Espa\u00f1a por autonom\u00edas del 4 de marzo en Gij\u00f3n, la Federaci\u00f3n Extreme\u00f1a ya ha hecho p\u00fablica la selecci\u00f3n [&hellip;]<!-- AddThis Advanced Settings generic via filter on get_the_excerpt --><!-- AddThis Share Buttons generic via filter on get_the_excerpt --><\/p>\n","protected":false},"author":15,"featured_media":0,"comment_status":"open","ping_status":"closed","sticky":false,"template":"","format":"standard","meta":[],"categories":[2],"tags":[],"_links":{"self":[{"href":"https:\/\/blogs.hoy.es\/soniabejarano\/wp-json\/wp\/v2\/posts\/42"}],"collection":[{"href":"https:\/\/blogs.hoy.es\/soniabejarano\/wp-json\/wp\/v2\/posts"}],"about":[{"href":"https:\/\/blogs.hoy.es\/soniabejarano\/wp-json\/wp\/v2\/types\/post"}],"author":[{"embeddable":true,"href":"https:\/\/blogs.hoy.es\/soniabejarano\/wp-json\/wp\/v2\/users\/15"}],"replies":[{"embeddable":true,"href":"https:\/\/blogs.hoy.es\/soniabejarano\/wp-json\/wp\/v2\/comments?post=42"}],"version-history":[{"count":0,"href":"https:\/\/blogs.hoy.es\/soniabejarano\/wp-json\/wp\/v2\/posts\/42\/revisions"}],"wp:attachment":[{"href":"https:\/\/blogs.hoy.es\/soniabejarano\/wp-json\/wp\/v2\/media?parent=42"}],"wp:term":[{"taxonomy":"category","embeddable":true,"href":"https:\/\/blogs.hoy.es\/soniabejarano\/wp-json\/wp\/v2\/categories?post=42"},{"taxonomy":"post_tag","embeddable":true,"href":"https:\/\/blogs.hoy.es\/soniabejarano\/wp-json\/wp\/v2\/tags?post=42"}],"curies":[{"name":"wp","href":"https:\/\/api.w.org\/{rel}","templated":true}]}}