{"id":46,"date":"2012-03-20T23:07:38","date_gmt":"2012-03-20T23:07:38","guid":{"rendered":"http:\/\/blogs.hoy.es\/soniabejarano\/?p=46"},"modified":"2012-03-20T23:07:38","modified_gmt":"2012-03-20T23:07:38","slug":"trabajo-desde-el-silencio","status":"publish","type":"post","link":"https:\/\/blogs.hoy.es\/soniabejarano\/2012\/03\/20\/trabajo-desde-el-silencio\/","title":{"rendered":"Trabajo desde el silencio"},"content":{"rendered":"<p>Quiz\u00e1s sean pocos los que conocen a \u00c4lvaro Mart\u00edn Uriol, marchador llenerense que entrena en el centro de alto rendimiento de Madrid. Con su juventud y sin saberlo ha dado una lecci\u00f3n importante a muchos entre los que me incluyo. Mientras algunos hemos predicado a bombo y platillo en diferentes medios nuestras posibilidades de acudir a unos JJOO, este chico se ha plantado directamente a 4 meses de los Juegos Olimpicos con una m\u00ednima A, lo que le permitir\u00eda por m\u00e9ritos propios acudir a Londres. Sin embargo, ocurre en la marcha lo mismo que en la marat\u00f3n y otras pruebas, hay m\u00e1s atletas con m\u00ednima acreditada que plazas disponibles y muchas competiciones por delante donde otros atletas tendr\u00e1n la posibilidad de lograr m\u00ednimas ol\u00edmpicas y actuaciones relevantes que les hagan \u201cganar puntos\u201d para considerar su inclusi\u00f3n en la lista de los atletas que acudir\u00e1n a los juegos. Los billetes ol\u00edmpicos no son nominales y cada uno deber\u00e1 gan\u00e1rselo a partir de ahora y \u00a0hasta que se publique la relaci\u00f3n definitiva de participantes a finales de junio.<\/p>\n<p>Lo que si es definitivo es nuevo record que ha fijado Uriol en la prueba de 20km donde ha establecido un nuevo registro en su categor\u00eda junior as\u00ed como que se ha convertido en el atleta extreme\u00f1o m\u00e1s joven con posibilidades de acudir a unos juegos. Al lograr tal haza\u00f1a dar\u00eda continuidad al sue\u00f1o de muchos entrenadores extreme\u00f1os de ver a sus pupilos en un gran campeonato pues hasta la fecha s\u00f3lo el entrenador de la ex atleta Marisa M\u00e1rtinez ha tendido la satisfacci\u00f3n de contar entre su grupo con una atleta ol\u00edmpica; Es la estoica recompensa de un trabajo duro y bien hecho.<\/p>\n<p>Otro balance importante que puede hacerse es la importancia que est\u00e1 tomando la prueba de marcha en nuestra comunidad hasta la fecha reconocida por los atletas que han dado de fondo y medio fondo. En el \u00faltimo campeonato de Espa\u00f1a de marcha fue nutrida la participaci\u00f3n extreme\u00f1a y fueron 3 las medallas conseguidas (oro de Uriol en 10km marcha junior, plata de Ivan Pajuelo y bronce de Javier Monterrubio en 5km marcha cadete) adem\u00e1s de varios puestos de finalistas. Todo esto no hace sino entrever que el atletismo a pesar de la crisis sigue evolucionando en nuestra tierra a costa de la ilusi\u00f3n personal y desinteresada entregada al crecimiento de clubes, eventos deportivos y formaci\u00f3n de atletas.<\/p>\n<p>Enhorabuena Uriol y enhorabuena a todos aquellos que hacen posible sacar a atletas como \u00e9l.<\/p>\n<!-- AddThis Advanced Settings generic via filter on the_content --><!-- AddThis Share Buttons generic via filter on the_content -->","protected":false},"excerpt":{"rendered":"<p>Quiz\u00e1s sean pocos los que conocen a \u00c4lvaro Mart\u00edn Uriol, marchador llenerense que entrena en el centro de alto rendimiento de Madrid. Con su juventud y sin saberlo ha dado una lecci\u00f3n importante a muchos entre los que me incluyo. Mientras algunos hemos predicado a bombo y platillo en diferentes medios nuestras posibilidades de acudir [&hellip;]<!-- AddThis Advanced Settings generic via filter on get_the_excerpt --><!-- AddThis Share Buttons generic via filter on get_the_excerpt --><\/p>\n","protected":false},"author":15,"featured_media":0,"comment_status":"open","ping_status":"closed","sticky":false,"template":"","format":"standard","meta":[],"categories":[2],"tags":[],"_links":{"self":[{"href":"https:\/\/blogs.hoy.es\/soniabejarano\/wp-json\/wp\/v2\/posts\/46"}],"collection":[{"href":"https:\/\/blogs.hoy.es\/soniabejarano\/wp-json\/wp\/v2\/posts"}],"about":[{"href":"https:\/\/blogs.hoy.es\/soniabejarano\/wp-json\/wp\/v2\/types\/post"}],"author":[{"embeddable":true,"href":"https:\/\/blogs.hoy.es\/soniabejarano\/wp-json\/wp\/v2\/users\/15"}],"replies":[{"embeddable":true,"href":"https:\/\/blogs.hoy.es\/soniabejarano\/wp-json\/wp\/v2\/comments?post=46"}],"version-history":[{"count":0,"href":"https:\/\/blogs.hoy.es\/soniabejarano\/wp-json\/wp\/v2\/posts\/46\/revisions"}],"wp:attachment":[{"href":"https:\/\/blogs.hoy.es\/soniabejarano\/wp-json\/wp\/v2\/media?parent=46"}],"wp:term":[{"taxonomy":"category","embeddable":true,"href":"https:\/\/blogs.hoy.es\/soniabejarano\/wp-json\/wp\/v2\/categories?post=46"},{"taxonomy":"post_tag","embeddable":true,"href":"https:\/\/blogs.hoy.es\/soniabejarano\/wp-json\/wp\/v2\/tags?post=46"}],"curies":[{"name":"wp","href":"https:\/\/api.w.org\/{rel}","templated":true}]}}