{"id":52,"date":"2012-05-02T19:06:49","date_gmt":"2012-05-02T19:06:49","guid":{"rendered":"http:\/\/blogs.hoy.es\/soniabejarano\/?p=52"},"modified":"2012-05-02T19:06:49","modified_gmt":"2012-05-02T19:06:49","slug":"la-magia-de-la-maraton","status":"publish","type":"post","link":"https:\/\/blogs.hoy.es\/soniabejarano\/2012\/05\/02\/la-magia-de-la-maraton\/","title":{"rendered":"La magia de la marat\u00f3n."},"content":{"rendered":"<p>Casi 10.000 corredores, seg\u00fan la organizaci\u00f3n, recorrieron las calles de Madrid el pasado 22 de abril. Una ma\u00f1ana soleada y de temperatura agradable de la que no s\u00f3lo disfrutaron atletas sino tambi\u00e9n espectadores. Es en d\u00edas como estos cuando la ciudad se torna amable, con un ambiente festivo y distendido donde nadie, salvo los deportistas, parece tener prisa. Para los que vivimos esta distancia desde fuera, es momento de pararse, observar y reflexionar. Pasan ante m\u00ed caras de alegr\u00eda y satisfacci\u00f3n, tambi\u00e9n de sufrimiento aunque son las sonrisas en respuesta a los \u00e1nimos recibidos las protagonistas este d\u00eda.<\/p>\n<p>Quiz\u00e1s sea esa atm\u00f3sfera de emoci\u00f3n durante la competici\u00f3n la que seduce y hace que los que empiezan con una marat\u00f3n repitan y los que la viven desde fuera se planteen su preparaci\u00f3n. O quiz\u00e1s lo que engancha sea el mismo proceso de preparaci\u00f3n en el que existe tanto componentes f\u00edsicos como psicol\u00f3gicos. La posibilidad de superaci\u00f3n de un reto de no f\u00e1cil consecuci\u00f3n hace que nos mantengamos vivos durante el tiempo que dura esa preparaci\u00f3n y el mismo d\u00eda de la prueba aflora en el ambiente la emoci\u00f3n contenida durante la larga espera.<\/p>\n<p>Parece que terminar corriendo maratones es la evoluci\u00f3n l\u00f3gica de un atleta de fondo. Para m\u00ed ser\u00eda un proyecto bonito que no descarto en un futuro y sin embargo es una decisi\u00f3n, a mi modo de ver, irreversible, y aunque tengo ejemplos de atletas que acertaron con el cambio de distancia, mi mentalidad es la de seguir exprimi\u00e9ndome en distancias inferiores pues no deja de ser la marat\u00f3n una prueba respetable. Me gustar\u00eda puntualizar que no es cuesti\u00f3n de distancia sino de ritmo ya que posiblemente completar una marat\u00f3n podamos muchos pero terminarla en ritmos acordes a nuestras capacidades s\u00f3lo podr\u00e1n aquellos disciplinados que sigan el plan de entrenamientos y permanezcan fieles a su objetivo con tes\u00f3n.<\/p>\n<p>En la prueba de Madrid ech\u00e9 en falta alguna de las estratosf\u00e9ricas marcas con que nos tienen habituado los africanos y a alguno de los nuestros en posiciones delanteras, aunque por ser este a\u00f1o ol\u00edmpico los &#8216;seleccionables&#8217; guardan sus bazas para maratones m\u00e1s ben\u00e9volos. El pr\u00f3ximo 8 de mayo se har\u00e1 p\u00fablica la relaci\u00f3n de atletas que estar\u00e1n en la marat\u00f3n de Londres, nuestro Pablo Villalobos que tuvo que decir adi\u00f3s antes de luchar sus posibilidades en la marat\u00f3n de Hamburgo, ha sido uno de los muchos que en alguna ocasi\u00f3n ha vivido los sinsabores que esta prueba puede llegar a ofrecer. Una temporada entregada a la preparaci\u00f3n de un objetivo, lo que no garantiza su consecuci\u00f3n. Esperamos con impaciencia el devenir de los acontecimientos y en qu\u00e9 termina la lucha por las plazas ol\u00edmpicas a pesar de saber de antemano que ning\u00fan extreme\u00f1o estar\u00e1 finalmente en la ansiada lista, ya que ha sido una de las m\u00e1s disputadas de las que recuerdo, lo que denota que la marat\u00f3n es un objetivo ambicioso para muchos atletas espa\u00f1oles que buscan su oportunidad de ser internacional en otras distancias fuera de la pista.<\/p>\n<!-- AddThis Advanced Settings generic via filter on the_content --><!-- AddThis Share Buttons generic via filter on the_content -->","protected":false},"excerpt":{"rendered":"<p>Casi 10.000 corredores, seg\u00fan la organizaci\u00f3n, recorrieron las calles de Madrid el pasado 22 de abril. Una ma\u00f1ana soleada y de temperatura agradable de la que no s\u00f3lo disfrutaron atletas sino tambi\u00e9n espectadores. Es en d\u00edas como estos cuando la ciudad se torna amable, con un ambiente festivo y distendido donde nadie, salvo los deportistas, [&hellip;]<!-- AddThis Advanced Settings generic via filter on get_the_excerpt --><!-- AddThis Share Buttons generic via filter on get_the_excerpt --><\/p>\n","protected":false},"author":15,"featured_media":0,"comment_status":"open","ping_status":"closed","sticky":false,"template":"","format":"standard","meta":[],"categories":[2],"tags":[],"_links":{"self":[{"href":"https:\/\/blogs.hoy.es\/soniabejarano\/wp-json\/wp\/v2\/posts\/52"}],"collection":[{"href":"https:\/\/blogs.hoy.es\/soniabejarano\/wp-json\/wp\/v2\/posts"}],"about":[{"href":"https:\/\/blogs.hoy.es\/soniabejarano\/wp-json\/wp\/v2\/types\/post"}],"author":[{"embeddable":true,"href":"https:\/\/blogs.hoy.es\/soniabejarano\/wp-json\/wp\/v2\/users\/15"}],"replies":[{"embeddable":true,"href":"https:\/\/blogs.hoy.es\/soniabejarano\/wp-json\/wp\/v2\/comments?post=52"}],"version-history":[{"count":0,"href":"https:\/\/blogs.hoy.es\/soniabejarano\/wp-json\/wp\/v2\/posts\/52\/revisions"}],"wp:attachment":[{"href":"https:\/\/blogs.hoy.es\/soniabejarano\/wp-json\/wp\/v2\/media?parent=52"}],"wp:term":[{"taxonomy":"category","embeddable":true,"href":"https:\/\/blogs.hoy.es\/soniabejarano\/wp-json\/wp\/v2\/categories?post=52"},{"taxonomy":"post_tag","embeddable":true,"href":"https:\/\/blogs.hoy.es\/soniabejarano\/wp-json\/wp\/v2\/tags?post=52"}],"curies":[{"name":"wp","href":"https:\/\/api.w.org\/{rel}","templated":true}]}}