{"id":6,"date":"2011-08-05T21:35:05","date_gmt":"2011-08-05T21:35:05","guid":{"rendered":"http:\/\/blogs.hoy.es\/soniabejarano\/?p=4"},"modified":"2011-08-05T21:35:05","modified_gmt":"2011-08-05T21:35:05","slug":"bienvenida-a-tods","status":"publish","type":"post","link":"https:\/\/blogs.hoy.es\/soniabejarano\/2011\/08\/05\/bienvenida-a-tods\/","title":{"rendered":"Bienvenida a tod@s"},"content":{"rendered":"<p>Antes de publicar un post que trate un contenido determinado me gustar\u00eda presentarme y agradeceros el que est\u00e9is leyendo estas l\u00edneas.<\/p>\n<p>Soy Sonia Bejarano, amante del deporte y del atletismo en particular y actualmente atleta de \u00e9lite profesional. Mi distancia son los 5.000m en pista y cross en invierno aunque de cara a la temporada que viene planeo hacer un salto de distancia as\u00ed como iniciar incursiones en pruebas de ruta. Disfruto de mi pasi\u00f3n que a su vez la he convertido en mi profesi\u00f3n, algo al alcance de muy pocos.<\/p>\n<p>Espero que disfrut\u00e9is al igual que yo con las l\u00edneas que aqu\u00ed escribo y que os sirvan para acercaros m\u00e1s a este deporte a la vez que os informen de la relevancia que los atletas extreme\u00f1os van adquiriendo en el panorama nacional e internacional.<\/p>\n<p>Un saludo y gracias por estar ah\u00ed.<\/p>\n<p>Sonia.<\/p>\n<!-- AddThis Advanced Settings generic via filter on the_content --><!-- AddThis Share Buttons generic via filter on the_content -->","protected":false},"excerpt":{"rendered":"<p>Antes de publicar un post que trate un contenido determinado me gustar\u00eda presentarme y agradeceros el que est\u00e9is leyendo estas l\u00edneas. Soy Sonia Bejarano, amante del deporte y del atletismo en particular y actualmente atleta de \u00e9lite profesional. Mi distancia son los 5.000m en pista y cross en invierno aunque de cara a la temporada [&hellip;]<!-- AddThis Advanced Settings generic via filter on get_the_excerpt --><!-- AddThis Share Buttons generic via filter on get_the_excerpt --><\/p>\n","protected":false},"author":15,"featured_media":0,"comment_status":"open","ping_status":"closed","sticky":false,"template":"","format":"standard","meta":[],"categories":[2],"tags":[],"_links":{"self":[{"href":"https:\/\/blogs.hoy.es\/soniabejarano\/wp-json\/wp\/v2\/posts\/6"}],"collection":[{"href":"https:\/\/blogs.hoy.es\/soniabejarano\/wp-json\/wp\/v2\/posts"}],"about":[{"href":"https:\/\/blogs.hoy.es\/soniabejarano\/wp-json\/wp\/v2\/types\/post"}],"author":[{"embeddable":true,"href":"https:\/\/blogs.hoy.es\/soniabejarano\/wp-json\/wp\/v2\/users\/15"}],"replies":[{"embeddable":true,"href":"https:\/\/blogs.hoy.es\/soniabejarano\/wp-json\/wp\/v2\/comments?post=6"}],"version-history":[{"count":0,"href":"https:\/\/blogs.hoy.es\/soniabejarano\/wp-json\/wp\/v2\/posts\/6\/revisions"}],"wp:attachment":[{"href":"https:\/\/blogs.hoy.es\/soniabejarano\/wp-json\/wp\/v2\/media?parent=6"}],"wp:term":[{"taxonomy":"category","embeddable":true,"href":"https:\/\/blogs.hoy.es\/soniabejarano\/wp-json\/wp\/v2\/categories?post=6"},{"taxonomy":"post_tag","embeddable":true,"href":"https:\/\/blogs.hoy.es\/soniabejarano\/wp-json\/wp\/v2\/tags?post=6"}],"curies":[{"name":"wp","href":"https:\/\/api.w.org\/{rel}","templated":true}]}}