{"id":8,"date":"2011-08-12T16:30:11","date_gmt":"2011-08-12T16:30:11","guid":{"rendered":"http:\/\/blogs.hoy.es\/soniabejarano\/?p=6"},"modified":"2011-08-12T16:30:11","modified_gmt":"2011-08-12T16:30:11","slug":"con-paso-firme","status":"publish","type":"post","link":"https:\/\/blogs.hoy.es\/soniabejarano\/2011\/08\/12\/con-paso-firme\/","title":{"rendered":"Con paso firme"},"content":{"rendered":"<p>Es s\u00e1bado 6 de agosto y me dirijo hacia el estadio Ciudad de M\u00e1laga para disfrutar de la primera jornada del Campeonato de Espa\u00f1a. Compito el segundo d\u00eda, pero no dejo pasar la oportunidad de ver a mis compa\u00f1eros de selecci\u00f3n y de familiarizarme con el entorno. Entro por la puerta de los atletas y bajo las escaleras hacia la zona de calentamiento dejando las bulliciosas gradas a mi espalda.<br \/>\nPor el camino me encuentro con atletas que competir\u00e1n ese d\u00eda, su semblante y mirada de determinaci\u00f3n les delata. Reina, como en un hormiguero, un caos organizado. Un centenar de personas ajetreadas e integrados en una atm\u00f3sfera que emana ilusi\u00f3n, nervios y ambici\u00f3n. Avanzar sin tropezar con alguien resulta imposible si eres un extra\u00f1o, solo cuando desarrollas una tarea determinada y confluyes con el objetivo general del grupo ves los huecos por donde te puedes moverte sin encontronazos.<br \/>\nLos m\u00e9dicos y fisios hacen su trabajo algo apartados, me dirijo hacia ellos para tratar mi lesi\u00f3n y hacer lo imposible para poder terminar mi carrera. Por el camino me encuentro con Javi Alves que correr\u00e1 el 5.000 junto a Carlos Gazapo y Pablo Villalobos. Alves realiz\u00f3 una carrera muy inteligente, atento en todo momento a los cambios de ritmo. Logr\u00f3 una valiosa medalla de bronce, que sumada a su marca m\u00ednima lograda en el meeting de Barcelona, le asegura pr\u00e1cticamente su inclusi\u00f3n en la selecci\u00f3n nacional para Campeonato del Mundo de Daewo. Pablo Villalobos, que tambi\u00e9n ser\u00e1 internacional en Daewo en marat\u00f3n, termin\u00f3 en una sorprendente y grata cuarta posici\u00f3n; mientras que Carlos Gazapo termin\u00f3 noveno falt\u00e1ndole muy poquito para ser finalista.<br \/>\nAlbert Naugle disputo las semifinales de los 100, Mar\u00eda Barba\u00f1o Acevedo qued\u00f3 s\u00e9ptima en la final de martillo y en el 3.000 obst\u00e1culos Conchi Hidalgo entro en d\u00e9cimo primera posici\u00f3n, mientras que Raquel G\u00f3mez pudo haber luchado por las medallas de no haber tropezado en una r\u00eda. Al d\u00eda siguiente intentar\u00eda tambi\u00e9n el 5.000 donde qued\u00f3 novena. Yo tuve que abandonar en ese 5.000 al acusar una lesi\u00f3n en mi pie izquierdo que me imposibilitaba impulsarme con normalidad y tuve que ceder en mi lucha por conseguir una medalla. Ese d\u00eda, la suerte no estuvo del lado de los extreme\u00f1os ya que Cienfuegos arriesg\u00f3 y con tres nulos no pas\u00f3 a la mejora. Deber\u00e1 aprender para pr\u00f3ximas ocasiones como Daewo. Enrique M\u00e1rquez como entrenador de la saltadora de altura R\u00e1quel \u00c1lvarez, logr\u00f3 un merecido bronce tambi\u00e9n el domingo.<\/p>\n<p>Un grupo de extreme\u00f1os reducido el que acudi\u00f3 a M\u00e1laga, pero de gran calidad. Quiz\u00e1s s\u00f3lo Alves fue capaz de traer una medalla a casa, pero es deber remarcar la importancia y orgullo de poder contar a priori (hasta que no se haga oficial la selecci\u00f3n nacional no hay nada definitivo), con tres extreme\u00f1os; Javi Alves en 5.000, Pablo Villalobos en marat\u00f3n y Cienfuegos en martillo.<br \/>\nSer\u00eda una alegr\u00eda poder seguir a los tres por televisi\u00f3n.<\/p>\n<!-- AddThis Advanced Settings generic via filter on the_content --><!-- AddThis Share Buttons generic via filter on the_content -->","protected":false},"excerpt":{"rendered":"<p>Es s\u00e1bado 6 de agosto y me dirijo hacia el estadio Ciudad de M\u00e1laga para disfrutar de la primera jornada del Campeonato de Espa\u00f1a. Compito el segundo d\u00eda, pero no dejo pasar la oportunidad de ver a mis compa\u00f1eros de selecci\u00f3n y de familiarizarme con el entorno. Entro por la puerta de los atletas y [&hellip;]<!-- AddThis Advanced Settings generic via filter on get_the_excerpt --><!-- AddThis Share Buttons generic via filter on get_the_excerpt --><\/p>\n","protected":false},"author":15,"featured_media":0,"comment_status":"open","ping_status":"closed","sticky":false,"template":"","format":"standard","meta":[],"categories":[2],"tags":[],"_links":{"self":[{"href":"https:\/\/blogs.hoy.es\/soniabejarano\/wp-json\/wp\/v2\/posts\/8"}],"collection":[{"href":"https:\/\/blogs.hoy.es\/soniabejarano\/wp-json\/wp\/v2\/posts"}],"about":[{"href":"https:\/\/blogs.hoy.es\/soniabejarano\/wp-json\/wp\/v2\/types\/post"}],"author":[{"embeddable":true,"href":"https:\/\/blogs.hoy.es\/soniabejarano\/wp-json\/wp\/v2\/users\/15"}],"replies":[{"embeddable":true,"href":"https:\/\/blogs.hoy.es\/soniabejarano\/wp-json\/wp\/v2\/comments?post=8"}],"version-history":[{"count":0,"href":"https:\/\/blogs.hoy.es\/soniabejarano\/wp-json\/wp\/v2\/posts\/8\/revisions"}],"wp:attachment":[{"href":"https:\/\/blogs.hoy.es\/soniabejarano\/wp-json\/wp\/v2\/media?parent=8"}],"wp:term":[{"taxonomy":"category","embeddable":true,"href":"https:\/\/blogs.hoy.es\/soniabejarano\/wp-json\/wp\/v2\/categories?post=8"},{"taxonomy":"post_tag","embeddable":true,"href":"https:\/\/blogs.hoy.es\/soniabejarano\/wp-json\/wp\/v2\/tags?post=8"}],"curies":[{"name":"wp","href":"https:\/\/api.w.org\/{rel}","templated":true}]}}