{"id":9,"date":"2011-08-22T21:43:46","date_gmt":"2011-08-22T21:43:46","guid":{"rendered":"http:\/\/blogs.hoy.es\/soniabejarano\/?p=7"},"modified":"2011-08-22T21:43:46","modified_gmt":"2011-08-22T21:43:46","slug":"por-supuesto-atletismo-tambien-en-verano","status":"publish","type":"post","link":"https:\/\/blogs.hoy.es\/soniabejarano\/2011\/08\/22\/por-supuesto-atletismo-tambien-en-verano\/","title":{"rendered":"Tres billetes para Daegu"},"content":{"rendered":"<p>El pasado mi\u00e9rcoles la <strong>Real Federaci\u00f3n Espa\u00f1ola de Atletismo<\/strong> hac\u00eda p\u00fablica la relaci\u00f3n de atletas que acudir\u00e1n al pr\u00f3ximo mundial de pista que tendr\u00e1 lugar del 27 de agosto al 4 de septiembre en Daegu (Korea). Entre los nombres que componen la representaci\u00f3n espa\u00f1ola tres de ellos nos son familiares por todos los \u00e9xitos de los que los medios se han hecho eco durante su carrera deportiva. Se trata de <strong>Pablo Villalobos<\/strong> que correr\u00e1 la marat\u00f3n, <strong>Javier Alves<\/strong> que competir\u00e1 en el 5.000m y <strong>Javier Cienfuegos<\/strong>, lanzador de martillo. Estos d\u00edas ellos&nbsp; son&nbsp; protagonistas. Est\u00e1n marcando un referente en el deporte extreme\u00f1o y su \u00e9xito contribuye no s\u00f3lo a su satisfacci\u00f3n personal sino a instaurar unas metas y modelo de consecuci\u00f3n de un sue\u00f1o. Los que conocemos de cerca las historias individuales de cada uno nos alegramos enormemente de que por fin est\u00e9n consiguiendo todo por lo que tanto han estado luchando durante tantos a\u00f1os de entrenamiento y competici\u00f3n. <strong>Villalobos<\/strong> estudi\u00f3 Ciencias del Deporte en C\u00e1ceres, posteriormente se traslad\u00f3 a Madrid por motivos personales donde se puso a las \u00f3rdenes de Antonio&nbsp; Serrano en el segundo a\u00f1o de estancia. A pesar de haber cosechado \u00e9xitos en distancias de <strong>5.000m<\/strong> (final G\u00f6teborg 2006), tras algunas decepciones&nbsp; y sinsabores decidi\u00f3 en 2010 dar un giro motivacional a su carrera deportiva, lo que le est\u00e1 llevando a cumplir el sue\u00f1o de todo atleta acudiendo a campeonatos internacionales y viendo recompensada la dedicaci\u00f3n entregada. <strong>Alves<\/strong> reside actualmente en C\u00e1ceres, su entrenador <strong>Manolo Ordiales<\/strong> le ha ido acompa\u00f1ando en todos los episodios deportivos desde categor\u00eda cadete. Ambos han hecho frente a momentos dif\u00edciles como en el \u00faltimo Campeonato de Europa de pista cubierta en Paris, cuando Alves no logr\u00f3 el paso a la final por tiempos a pesar de haber realizado una magn\u00edfica carrera en los 3.000m. Estaba bastante decepcionado al terminar&nbsp; y&nbsp; esta internacionalidad en el mundial al aire libre es&nbsp; la mejor forma de resarcirse. <strong>Cienfuegos<\/strong>, que tambi\u00e9n reside en Madrid bajo supervisi\u00f3n de su entrenador Ra\u00fal Jimeno, siempre ha&nbsp; brillado en <strong>lanzamiento de martillo<\/strong>, lo hac\u00eda como joven promesa y lo sigue haciendo desde 2009 en el panorama nacional e internacional absoluto a pesar de su juventud. Grandes \u00e9xitos se auguran para este campe\u00f3n que tambi\u00e9n lucha a diario para establecerse entre los mejores del ranking.<\/p>\n<p><img loading=\"lazy\" class=\"alignnone\" src=\"\/\/www.radiorebelde.cu\/images\/images\/deportes\/atletismo-mundial-daegu-2011.jpg\" alt=\"\" height=\"388\" width=\"275\"><\/p>\n<p>Estos tres deportistas son unos magn\u00edficos luchadores, hoy nos fijamos en ellos por el \u00e9xito conseguido. S\u00f3lo Villalobos, Alves y Cienfuegos, sus entrenadores y allegados&nbsp; saben lo que han luchado y lo que cuesta llegar a una meta. Lo han conseguido y se merecen un reconocimiento&nbsp; a pesar de que no se admitan descansos y de que desde que se hizo p\u00fablica la selecci\u00f3n iniciaran otra lucha para llegar en el mejor estado de forma posible a la cita con la que tanto tiempo han estado so\u00f1ando, un<strong> Campeonato del Mundo en Korea del Sur, en Daegu<\/strong>.<\/p>\n<!-- AddThis Advanced Settings generic via filter on the_content --><!-- AddThis Share Buttons generic via filter on the_content -->","protected":false},"excerpt":{"rendered":"<p>El pasado mi\u00e9rcoles la Real Federaci\u00f3n Espa\u00f1ola de Atletismo hac\u00eda p\u00fablica la relaci\u00f3n de atletas que acudir\u00e1n al pr\u00f3ximo mundial de pista que tendr\u00e1 lugar del 27 de agosto al 4 de septiembre en Daegu (Korea). Entre los nombres que componen la representaci\u00f3n espa\u00f1ola tres de ellos nos son familiares por todos los \u00e9xitos de [&hellip;]<!-- AddThis Advanced Settings generic via filter on get_the_excerpt --><!-- AddThis Share Buttons generic via filter on get_the_excerpt --><\/p>\n","protected":false},"author":15,"featured_media":0,"comment_status":"open","ping_status":"closed","sticky":false,"template":"","format":"standard","meta":[],"categories":[2],"tags":[],"_links":{"self":[{"href":"https:\/\/blogs.hoy.es\/soniabejarano\/wp-json\/wp\/v2\/posts\/9"}],"collection":[{"href":"https:\/\/blogs.hoy.es\/soniabejarano\/wp-json\/wp\/v2\/posts"}],"about":[{"href":"https:\/\/blogs.hoy.es\/soniabejarano\/wp-json\/wp\/v2\/types\/post"}],"author":[{"embeddable":true,"href":"https:\/\/blogs.hoy.es\/soniabejarano\/wp-json\/wp\/v2\/users\/15"}],"replies":[{"embeddable":true,"href":"https:\/\/blogs.hoy.es\/soniabejarano\/wp-json\/wp\/v2\/comments?post=9"}],"version-history":[{"count":0,"href":"https:\/\/blogs.hoy.es\/soniabejarano\/wp-json\/wp\/v2\/posts\/9\/revisions"}],"wp:attachment":[{"href":"https:\/\/blogs.hoy.es\/soniabejarano\/wp-json\/wp\/v2\/media?parent=9"}],"wp:term":[{"taxonomy":"category","embeddable":true,"href":"https:\/\/blogs.hoy.es\/soniabejarano\/wp-json\/wp\/v2\/categories?post=9"},{"taxonomy":"post_tag","embeddable":true,"href":"https:\/\/blogs.hoy.es\/soniabejarano\/wp-json\/wp\/v2\/tags?post=9"}],"curies":[{"name":"wp","href":"https:\/\/api.w.org\/{rel}","templated":true}]}}