{"id":105,"date":"2014-06-03T22:53:30","date_gmt":"2014-06-03T20:53:30","guid":{"rendered":"http:\/\/blogs.hoy.es\/todorunning\/?p=105"},"modified":"2014-06-03T22:53:30","modified_gmt":"2014-06-03T20:53:30","slug":"cambiar-para-correr-en-verano","status":"publish","type":"post","link":"https:\/\/blogs.hoy.es\/todorunning\/2014\/06\/03\/cambiar-para-correr-en-verano\/","title":{"rendered":"Cambia de estrategia para correr en verano"},"content":{"rendered":"<div id=\"attachment_109\" style=\"width: 560px\" class=\"wp-caption aligncenter\"><a href=\"\/todorunning\/wp-content\/uploads\/sites\/92\/2014\/06\/CORREDOR.jpg\"><img aria-describedby=\"caption-attachment-109\" loading=\"lazy\" class=\"size-full wp-image-109\" title=\"Si quer\u00e9is correr en verano, aprovechad las horas m\u00e1s frescas del d\u00eda.\" src=\"\/todorunning\/wp-content\/uploads\/sites\/92\/2014\/06\/CORREDOR.jpg\" alt=\"Si quer\u00e9is correr en verano, aprovechad las horas m\u00e1s frescas del d\u00eda.\" width=\"550\" height=\"383\" srcset=\"https:\/\/static-blogs.hoy.es\/wp-content\/uploads\/sites\/92\/2014\/06\/CORREDOR.jpg 550w, https:\/\/static-blogs.hoy.es\/wp-content\/uploads\/sites\/92\/2014\/06\/CORREDOR-300x209.jpg 300w\" sizes=\"(max-width: 550px) 100vw, 550px\" \/><\/a><p id=\"caption-attachment-109\" class=\"wp-caption-text\">Si quer\u00e9is correr en verano, aprovechad las horas m\u00e1s frescas del d\u00eda.<\/p><\/div>\n<p>Hola a todos,<\/p>\n<p>&nbsp;<\/p>\n<p>Para los <strong>atletas populares<\/strong> comienza una nueva temporada estos d\u00edas. Ya acaban las largas carreras, acaba la temporada de maratones y medias maratones, sin duda, debido el calor que empieza a hacer en estas latitudes. Y si no hay maratones ni medias maratones en estas fechas es por algo&#8230; es porque est\u00e1 totalmente comprobado que <strong>correr con este calor no es bueno<\/strong> para la salud, m\u00e1s bien todo lo contrario.<\/p>\n<p>No es bueno correr con mucho calor, el<strong> calor corporal<\/strong> es m\u00e1s alto, y el riesgo de tener un problema cardiorespiratorio o de <strong>deshidrataci\u00f3n<\/strong> es m\u00e1s grande. Por eso en verano desaparecen en Espa\u00f1a las carreras largas.<\/p>\n<p>Y ante la ausencia de carreras largas, empiezan las <strong>carreras cortas<\/strong>, que no tienen nada que ver con lo que hemos venido corriendo hasta ahora. Empieza en junio la temporada de<strong> carreras populares<\/strong>, carreras de entre 3 y 7 kil\u00f3metros que son muy r\u00e1pidas, que se corren de otra forma, con menos reservas, y que por tanto hay que entrenar de otra forma.<\/p>\n<p><strong>Supone cambiar la forma de entrenar y la forma de preparar<\/strong> todo lo que hemos hecho los ocho meses anteriores, pero supone tambi\u00e9n ser inteligente para aprovechar todo el trabajo realizado. Ya no necesitamos entrenar tantas tiradas largas , ni es bueno con este calor, <strong>necesitamos entrenar distancias m\u00e1s cortas<\/strong> y de forma m\u00e1s intensa. Esto supone <strong>un poco m\u00e1s de autoexigencia<\/strong> porque salir a trotar no requiere de mucho esfuerzo mental, pero salir a entrenar en ritmos fuertes, intensos y menos tiempo&#8230;requiere estar preparado para ello. \u00bflo estamos?<\/p>\n<p>Si estamos preparados, es el momento de ponerse y aprovechar todo e<strong>l trabajo aer\u00f3bico<\/strong> que llevamos meses trabajando para meter <strong>anaer\u00f3bico<\/strong> mucho m\u00e1s intenso. Y a correr carreras, de verdad. Entrenar as\u00ed es m\u00e1s sufrido solo, pero\u00a0\u00a0 <strong>habr\u00e1 carreras en Extremadura cada fin de semana<\/strong> de aqu\u00ed a septiembre.<\/p>\n<p>Pod\u00e9is por ejemplo comprobar como <strong>este s\u00e1bado<\/strong> ya tenemos la <a href=\"http:\/\/www.aacb-sd.es\/index.php?option=com_content&#038;view=article&#038;id=227:carrera-de-las-empresas&#038;catid=4:carreras&#038;Itemid=13\">Running4Future<\/a> el S\u00e1bado en Badajoz, y si veis el calendario no faltar\u00e1n carreras cortas hasta despu\u00e9s del verano, porque creo que se acaba a mediados deseptiembre con la <strong>carrera contra el C\u00e1ncer en Badajoz<\/strong>.<\/p>\n<p>Si no\u00a0 estamos suficientemente preparados para iniciar un entrenamiento m\u00e1s exigente, tenemos que tener<strong> cuidado en verano.<\/strong> En cualquier caso, no debemos abusar de las tiradas largas, y m\u00e1s en horas de sol. Si quer\u00e9is seguir con<strong> tiradas largas<\/strong> en verano, hacedlo en las horas en las que m\u00e1s fresco haga para evitar al m\u00e1ximo ese sobrecalentamiento corporal. Y si podeis, <strong>corred con una botella de agua en la mano<\/strong>. Os vendr\u00e1 bien.<\/p>\n<p>Lo dicho, llega el verano&#8230;y hay que <strong>cambiar nuestra forma de correr<\/strong>.<\/p>\n<!-- AddThis Advanced Settings generic via filter on the_content --><!-- AddThis Share Buttons generic via filter on the_content -->","protected":false},"excerpt":{"rendered":"<p>Hola a todos, &nbsp; Para los atletas populares comienza una nueva temporada estos d\u00edas. Ya acaban las largas carreras, acaba la temporada de maratones y medias maratones, sin duda, debido el calor que empieza a hacer en estas latitudes. Y si no hay maratones ni medias maratones en estas fechas es por algo&#8230; es porque [&hellip;]<!-- AddThis Advanced Settings generic via filter on get_the_excerpt --><!-- AddThis Share Buttons generic via filter on get_the_excerpt --><\/p>\n","protected":false},"author":115,"featured_media":0,"comment_status":"open","ping_status":"closed","sticky":false,"template":"","format":"standard","meta":[],"categories":[2,3,5],"tags":[18,25,35,58,69,107,127,128,140,152,153],"_links":{"self":[{"href":"https:\/\/blogs.hoy.es\/todorunning\/wp-json\/wp\/v2\/posts\/105"}],"collection":[{"href":"https:\/\/blogs.hoy.es\/todorunning\/wp-json\/wp\/v2\/posts"}],"about":[{"href":"https:\/\/blogs.hoy.es\/todorunning\/wp-json\/wp\/v2\/types\/post"}],"author":[{"embeddable":true,"href":"https:\/\/blogs.hoy.es\/todorunning\/wp-json\/wp\/v2\/users\/115"}],"replies":[{"embeddable":true,"href":"https:\/\/blogs.hoy.es\/todorunning\/wp-json\/wp\/v2\/comments?post=105"}],"version-history":[{"count":0,"href":"https:\/\/blogs.hoy.es\/todorunning\/wp-json\/wp\/v2\/posts\/105\/revisions"}],"wp:attachment":[{"href":"https:\/\/blogs.hoy.es\/todorunning\/wp-json\/wp\/v2\/media?parent=105"}],"wp:term":[{"taxonomy":"category","embeddable":true,"href":"https:\/\/blogs.hoy.es\/todorunning\/wp-json\/wp\/v2\/categories?post=105"},{"taxonomy":"post_tag","embeddable":true,"href":"https:\/\/blogs.hoy.es\/todorunning\/wp-json\/wp\/v2\/tags?post=105"}],"curies":[{"name":"wp","href":"https:\/\/api.w.org\/{rel}","templated":true}]}}