{"id":133,"date":"2014-09-15T11:09:00","date_gmt":"2014-09-15T09:09:00","guid":{"rendered":"http:\/\/blogs.hoy.es\/todorunning\/?p=133"},"modified":"2014-09-15T11:09:00","modified_gmt":"2014-09-15T09:09:00","slug":"mucho-mas-que-running","status":"publish","type":"post","link":"https:\/\/blogs.hoy.es\/todorunning\/2014\/09\/15\/mucho-mas-que-running\/","title":{"rendered":"Mucho m\u00e1s que Running&#8230;"},"content":{"rendered":"<p><a href=\"\/todorunning\/wp-content\/uploads\/sites\/92\/2014\/09\/pau_1.jpg\"><img loading=\"lazy\" class=\"aligncenter size-medium wp-image-135\" title=\"Foto Extraida de carreraspormontana.com\" src=\"\/todorunning\/wp-content\/uploads\/sites\/92\/2014\/09\/pau_1.jpg\" alt=\"\" width=\"300\" height=\"170\" srcset=\"https:\/\/static-blogs.hoy.es\/wp-content\/uploads\/sites\/92\/2014\/09\/pau_1.jpg 660w, https:\/\/static-blogs.hoy.es\/wp-content\/uploads\/sites\/92\/2014\/09\/pau_1-300x170.jpg 300w\" sizes=\"(max-width: 300px) 100vw, 300px\" \/><\/a>Hola a todos,<\/p>\n<p>&nbsp;<\/p>\n<p>Muchos quiz\u00e1s llev\u00e1is a\u00f1os haciendo running y nunca os hab\u00e9is planteado ni tan siquiera participar en una <strong>carrera popular<\/strong>, much\u00edsimos de vosotros dir\u00eda yo que os pasa eso. Otros muchos comenz\u00e1steis \u00a0hace relativamente poco a correr y a\u00fan est\u00e1is en esa fase en la que os planteais una media marat\u00f3n&#8230;y veis a largo plazo una marat\u00f3n.<\/p>\n<p>Y luego est\u00e1is el tercer grupo&#8230;el de , y permitirme el apelativo cari\u00f1oso,<strong> los locos del running<\/strong>. Porque realmente hay que estar loco para participar en<strong> Ultra Trails de 100 kms<\/strong> por el monte o en carreras como la de<a href=\"http:\/\/www.donanatrailmarathon.com\/\"> Do\u00f1ana<\/a> atravesando 75 kms por el parque nacional o otras en las que te convierte en un <a href=\"http:\/\/dabaruz.wix.com\/iidesafiosanfernando\">Marine americano en formaci\u00f3n<\/a>&#8230;realmente eso es un paso m\u00e1s&#8230;<\/p>\n<p>Por partes. Yo entiendo que estas cosas pasan. Cuando has corrido tu primera marat\u00f3n ves que puedes con los retos que te has ido planteando&#8230;que un d\u00eda despu\u00e9s de meses corriendo dijiste de participar en un 10k, como el de este DOMINGO <strong>CONTRA EL CANCER EN BADAJOZ<\/strong>, y lo hic\u00edsteis. Que poco despu\u00e9s pensasteis que <a href=\"http:\/\/www.aytobadajoz.es\/es\/fmd\/especiales\/especial\/17927\/27-media-maratn-elvas-badajoz\/#.VBarOPl_t8E\">la Elvas Badajoz<\/a> , que los que no corren dicen que es f\u00e1cil porque es cuesta abajo&#8230;ser\u00eda un buen bautizo en las medias maratones&#8230;y tambi\u00e9n lo lograsteis.<\/p>\n<p>Despu\u00e9s se os ocurri\u00f3 la bendita locura de <strong>correr un marat\u00f3n<\/strong>&#8230;y no es correrlo, es prepararlo&#8230;y se bien de lo que hablo porque en tres semanas si las lesiones me respetan correr\u00e9 (y espero acabar) <strong>mi segundo marat\u00f3n<\/strong>&#8230; y preparar un marat\u00f3n es lo m\u00e1s duro que pod\u00e9is hacer. Yo me hice unos an\u00e1lisis esta semana&#8230;y para que deciros como andan las defensas&#8230;y eso que tomo mis vitaminas y mis complementos&#8230;pero es lo que es&#8230;son 70-80 kil\u00f3metros semanales y las defensas se resienten. Bueno, corr\u00e9is y acab\u00e1is vuestro marat\u00f3n&#8230;y llega el momento de deciros \u00bfque reto me planteo ahora? \u00bf<strong>m\u00e1s maratones<\/strong>? o me vuelvo loco&#8230;<\/p>\n<p>Y si uno est\u00e1 en volverse loco&#8230;ahora es f\u00e1cil hacerlo. A mi a\u00fan no me ha dado por los <strong>trails y ultratrails,<\/strong> aunque no descarto alg\u00fan d\u00eda correr los 101 Kms de Ronda o el Buff Ultratrail de los pirineos&#8230;quien sabe&#8230; a mi me ha dado por el <strong>Ironman<\/strong>, o mejor dicho por el medio Ironman&#8230;no para ahora&#8230;ni para el pr\u00f3ximo a\u00f1o&#8230;pero el primer paso para hacer algo es haberlo pensado antes&#8230;y yo ya lo tengo ah\u00ed dando vueltas&#8230;y os hablo de una prueba que a\u00fana 1,9 kms nadando, 90 kms en bicicleta y 21,1 Kms de running&#8230; supongo que es una manera como otra de asumir<strong> retos cada vez m\u00e1s complicados<\/strong>.<\/p>\n<p>Correr , como todo en la vida, hay que hacerlo con la moderaci\u00f3n y tranquilidad que exige un deporte en el que pones al l\u00edmite a tu cuerpo. Yo no voy a recomendar a nadie que haga ultratrails de 150 kil\u00f3metros y se queda 24 horas perdido en la monta\u00f1a&#8230;supongo que cada uno sois mayores y pod\u00e9is asumir <strong>vuestros retos<\/strong>. Siempre lo dije, yo no corro contra nadie, sino contra mis fantasmas, contra la obesidad que ten\u00eda&#8230;contra la pereza y la vida sedentaria&#8230; y para ello ir\u00e9 asumiendo retos cada vez m\u00e1s complicados. Vosotros <strong>buscad vuestra motivaci\u00f3n<\/strong> y acompasarlo con vuestras capacidades&#8230;de la ponderaci\u00f3n de estas dos variables seguro que sale algo bueno. Si una de las dos cojeas&#8230;mejor pensarlo bien antes de meterse en mitad del monte a las 10 de la noche en una carrera de 18 horas de duraci\u00f3n&#8230;<\/p>\n<p>Ayer Badajoz vibr\u00f3 con el Atletismo Popular&#8230;ayer fue un gran d\u00eda para todos, con una organizaci\u00f3n perfecta y una participaci\u00f3n masiva y con ganas de disfrutar del deporte. \u00bfPorqu\u00e9 nos engancha el Running? por cosas como las de ayer, porque corriendo peleamos contra el Cancer y aportamos miles de euros a su investigaci\u00f3n&#8230;y porque correr con 500 personas alrededor es una pasada. Ten\u00e9is que probarlo si a\u00fan no lo hab\u00e9is hecho&#8230;<\/p>\n<p>Un saludo!<\/p>\n<p>&nbsp;<\/p>\n<!-- AddThis Advanced Settings generic via filter on the_content --><!-- AddThis Share Buttons generic via filter on the_content -->","protected":false},"excerpt":{"rendered":"<p>Hola a todos, &nbsp; Muchos quiz\u00e1s llev\u00e1is a\u00f1os haciendo running y nunca os hab\u00e9is planteado ni tan siquiera participar en una carrera popular, much\u00edsimos de vosotros dir\u00eda yo que os pasa eso. Otros muchos comenz\u00e1steis \u00a0hace relativamente poco a correr y a\u00fan est\u00e1is en esa fase en la que os planteais una media marat\u00f3n&#8230;y veis [&hellip;]<!-- AddThis Advanced Settings generic via filter on get_the_excerpt --><!-- AddThis Share Buttons generic via filter on get_the_excerpt --><\/p>\n","protected":false},"author":115,"featured_media":0,"comment_status":"open","ping_status":"closed","sticky":false,"template":"","format":"standard","meta":[],"categories":[2,3,4,5],"tags":[18,35,75,94,120,127,141,146,147],"_links":{"self":[{"href":"https:\/\/blogs.hoy.es\/todorunning\/wp-json\/wp\/v2\/posts\/133"}],"collection":[{"href":"https:\/\/blogs.hoy.es\/todorunning\/wp-json\/wp\/v2\/posts"}],"about":[{"href":"https:\/\/blogs.hoy.es\/todorunning\/wp-json\/wp\/v2\/types\/post"}],"author":[{"embeddable":true,"href":"https:\/\/blogs.hoy.es\/todorunning\/wp-json\/wp\/v2\/users\/115"}],"replies":[{"embeddable":true,"href":"https:\/\/blogs.hoy.es\/todorunning\/wp-json\/wp\/v2\/comments?post=133"}],"version-history":[{"count":0,"href":"https:\/\/blogs.hoy.es\/todorunning\/wp-json\/wp\/v2\/posts\/133\/revisions"}],"wp:attachment":[{"href":"https:\/\/blogs.hoy.es\/todorunning\/wp-json\/wp\/v2\/media?parent=133"}],"wp:term":[{"taxonomy":"category","embeddable":true,"href":"https:\/\/blogs.hoy.es\/todorunning\/wp-json\/wp\/v2\/categories?post=133"},{"taxonomy":"post_tag","embeddable":true,"href":"https:\/\/blogs.hoy.es\/todorunning\/wp-json\/wp\/v2\/tags?post=133"}],"curies":[{"name":"wp","href":"https:\/\/api.w.org\/{rel}","templated":true}]}}