{"id":14,"date":"2014-01-27T15:05:48","date_gmt":"2014-01-27T14:05:48","guid":{"rendered":"http:\/\/blogs.hoy.es\/todorunning\/?p=14"},"modified":"2014-01-27T15:05:48","modified_gmt":"2014-01-27T14:05:48","slug":"leccion-aprendida-tener-respeto-a-las-carreras","status":"publish","type":"post","link":"https:\/\/blogs.hoy.es\/todorunning\/2014\/01\/27\/leccion-aprendida-tener-respeto-a-las-carreras\/","title":{"rendered":"Lecci\u00f3n aprendida: Tener respeto a las carreras"},"content":{"rendered":"<div class=\"mceTemp mceIEcenter\" style=\"text-align: center;\">\n<dl id=\"attachment_16\" class=\"wp-caption   aligncenter\" style=\"width: 310px;\">\n<dt class=\"wp-caption-dt\"><a href=\"\/todorunning\/wp-content\/uploads\/sites\/92\/2014\/01\/5kcontracancer1.jpg\"><img loading=\"lazy\" class=\"size-medium wp-image-16\" title=\"Foto Cortes\u00eda de Atletismoextremadura.es\" src=\"\/todorunning\/wp-content\/uploads\/sites\/92\/2014\/01\/5kcontracancer1.jpg\" alt=\"\" width=\"300\" height=\"199\" srcset=\"https:\/\/static-blogs.hoy.es\/wp-content\/uploads\/sites\/92\/2014\/01\/5kcontracancer1.jpg 800w, https:\/\/static-blogs.hoy.es\/wp-content\/uploads\/sites\/92\/2014\/01\/5kcontracancer1-300x200.jpg 300w, https:\/\/static-blogs.hoy.es\/wp-content\/uploads\/sites\/92\/2014\/01\/5kcontracancer1-768x511.jpg 768w\" sizes=\"(max-width: 300px) 100vw, 300px\" \/><\/a><\/dt>\n<dd class=\"wp-caption-dd\">Foto Cortes\u00eda de Atletismoextremadura.es<\/dd>\n<\/dl>\n<\/div>\n<p>Hola a todos,<\/p>\n<p>&nbsp;<\/p>\n<p>Ahora que se ha puesto de moda el atletismo popular de forma casi exponencial , como ayer mismo el Diario HOY explicaba en <a title=\"Art\u00edculo del Diario HOY\" href=\"http:\/\/www.hoy.es\/v\/20140126\/regional\/correr-evasion-extremenos-20140126.html\">este art\u00edculo<\/a> y que por ejemplo m\u00e1s de 1300 runners acabaron<a title=\"Vuelta al Baluarte\" href=\"http:\/\/www.hoy.es\/v\/20140127\/deportes\/mas-deporte\/corredores-arrasan-baluartes-20140127.html\"> la Vuelta al Baluarte <\/a>en <strong>Badajoz<\/strong> es el momento justo de poner en valor el ejercicio f\u00edsico y su moderaci\u00f3n. Y hablo por experiencia personal.<\/p>\n<p>Cuando somos capaces de correr una carrera de 10k y acabarla, damos el salto a la media maraton y somos capaces de acabarla, vamos bajando las marcas y acabamos con la sonrisa en la cara&#8230;cuando todo esto pasa muchas veces hay cosas que pasan simult\u00e1neamente sin darnos cuenta\u00a0 y es que le <strong>perdemos el respeto a las distancias y a las carreras<\/strong>. Hay muchos que cruzamos esa l\u00ednea, que sin darnos cuentas vamos m\u00e1s all\u00e1 de lo que nuestro cuerpo es capaz de dar o no hacemos caso a los mensajes que este nos manda&#8230;y nos los manda, solo hay que saber escuchar.<\/p>\n<p>Yo ayer sufr\u00ed mucho en la <a title=\"Media Marat\u00f3n Isla de la Cartuja\" href=\"http:\/\/www.mediomaratoncartuja.es\/\">Media Marat\u00f3n de Sevilla<\/a> , much\u00edsimo. Hac\u00eda mucho calor y yo iba preparado para fr\u00edo. Corr\u00ed excesivamente abrigado cuando <strong>HAY QUE HACER TODO LO CONTARIO<\/strong> ( mejor pasar fr\u00edo que calor) y me deshidrat\u00e9 en los \u00faltimos dos kil\u00f3metros, <a href=\"http:\/\/running3vm.blogcindario.com\/2011\/10\/00253-marathon-la-pajara.html\">lo que los ciclistas llaman p\u00e1jara<\/a>. Desde entonces he<strong> reflexionado mucho<\/strong>, reconozco que lo he hecho desde el susto que pas\u00e9 y desde la congoja de la situaci\u00f3n, pero lo he hecho con el coraz\u00f3n en la mano y con el alma en los pies, porque ah\u00ed se me qued\u00f3 ayer por la ma\u00f1ana.<\/p>\n<p>A la reflexi\u00f3n me ha ayudado mucha gente con sus \u00e1nimos y sus palabras de cari\u00f1o,<strong> mis compa\u00f1eros<\/strong> de club de la <a href=\"www.aacb-sd.es\">AACB<\/a> de Badajoz , amigos, compa\u00f1eros de entrenamiento, <a href=\"http:\/\/blogs.hoy.es\/funcionario-hoy\/\">blogueros de Hoy como Marcelino<\/a> que tambi\u00e9n son runners o compa\u00f1eros de fatigas que vivieron todo como <a href=\"@davidvigario\">David Vigario<\/a>. Esta reflexi\u00f3n pasa por tener respeto a las carreras, por no sentirnos invencibles, y sobre todo por disfrutar de correr m\u00e1s all\u00e1 de sufrir haci\u00e9ndolo. Por ser capaz de balancear esto con sentido, de ser capaz de disfrutar corriendo mientras no pones en riesgo tu salud, de conseguir hacer un ejercicio saludable sin arriesgar. Y todo pasa por tener <strong>respeto a las carreras<\/strong>, por saber un poco que no solo corren tus pulmones, tu coraz\u00f3n y tus piernas&#8230;que todo el cuerpo se ve involucrado en las carreras de larga distancia y que todo tiene que estar bien para que tu puedas estar bien. El respeto pasa por ser consciente de eso en cada paso, en cada zancada en una gran carrera.<\/p>\n<p>No es cuesti\u00f3n de<strong> coger miedo<\/strong> o no a nada, no es mi caso. Es cuesti\u00f3n de<strong> plantearte las cosas con m\u00e1s tranquilidad<\/strong>, con menos prisas, con m\u00e1s sosiego y con m\u00e1s sentido l\u00fadico. Yo no voy a ganar nada nunca con esto, y <strong>no quiero perder todo lo que tengo<\/strong>. Tengo dos ni\u00f1os peque\u00f1os preciosos y una mujer maravillosa y eso es lo m\u00e1s importante. Hago todo lo posible para que les guste el deporte, ayer<strong> mi hija Clara<\/strong> acab\u00f3 conmigo la carrera y vivi\u00f3 toda la escena posterior. Espero que se le olvide pronto y recuerde solo que corri\u00f3 300 metros por un estadio ol\u00edmipico con mucha gente en las grandas que la animaba&#8230;y que gan\u00f3 a su padre.<\/p>\n<p>Y a vosotros que me le\u00e9is muchos buscando ayuda y soluciones. Os puedo decir que la que <strong>os puedo dar por experiencia es la tranquilidad<\/strong>, y sobre todo el respeto a las carreras.Respetar las carreras es fundamental para poder disfrutar de ellas\u00a0 corriendo. Nunca os pens\u00e9is que podeis vencerla,<strong> como mucho podr\u00e9is empatar con ella<\/strong>&#8230;si os deja.<\/p>\n<p>&nbsp;<\/p>\n<p>&nbsp;<\/p>\n<!-- AddThis Advanced Settings generic via filter on the_content --><!-- AddThis Share Buttons generic via filter on the_content -->","protected":false},"excerpt":{"rendered":"<p>Foto Cortes\u00eda de Atletismoextremadura.es Hola a todos, &nbsp; Ahora que se ha puesto de moda el atletismo popular de forma casi exponencial , como ayer mismo el Diario HOY explicaba en este art\u00edculo y que por ejemplo m\u00e1s de 1300 runners acabaron la Vuelta al Baluarte en Badajoz es el momento justo de poner en [&hellip;]<!-- AddThis Advanced Settings generic via filter on get_the_excerpt --><!-- AddThis Share Buttons generic via filter on get_the_excerpt --><\/p>\n","protected":false},"author":115,"featured_media":0,"comment_status":"open","ping_status":"closed","sticky":false,"template":"","format":"standard","meta":[],"categories":[3],"tags":[33,70,84,88,104,127,131,134,137],"_links":{"self":[{"href":"https:\/\/blogs.hoy.es\/todorunning\/wp-json\/wp\/v2\/posts\/14"}],"collection":[{"href":"https:\/\/blogs.hoy.es\/todorunning\/wp-json\/wp\/v2\/posts"}],"about":[{"href":"https:\/\/blogs.hoy.es\/todorunning\/wp-json\/wp\/v2\/types\/post"}],"author":[{"embeddable":true,"href":"https:\/\/blogs.hoy.es\/todorunning\/wp-json\/wp\/v2\/users\/115"}],"replies":[{"embeddable":true,"href":"https:\/\/blogs.hoy.es\/todorunning\/wp-json\/wp\/v2\/comments?post=14"}],"version-history":[{"count":0,"href":"https:\/\/blogs.hoy.es\/todorunning\/wp-json\/wp\/v2\/posts\/14\/revisions"}],"wp:attachment":[{"href":"https:\/\/blogs.hoy.es\/todorunning\/wp-json\/wp\/v2\/media?parent=14"}],"wp:term":[{"taxonomy":"category","embeddable":true,"href":"https:\/\/blogs.hoy.es\/todorunning\/wp-json\/wp\/v2\/categories?post=14"},{"taxonomy":"post_tag","embeddable":true,"href":"https:\/\/blogs.hoy.es\/todorunning\/wp-json\/wp\/v2\/tags?post=14"}],"curies":[{"name":"wp","href":"https:\/\/api.w.org\/{rel}","templated":true}]}}