{"id":51,"date":"2014-03-16T23:26:10","date_gmt":"2014-03-16T22:26:10","guid":{"rendered":"http:\/\/blogs.hoy.es\/todorunning\/?p=51"},"modified":"2014-03-16T23:26:10","modified_gmt":"2014-03-16T22:26:10","slug":"mi-primera-maraton","status":"publish","type":"post","link":"https:\/\/blogs.hoy.es\/todorunning\/2014\/03\/16\/mi-primera-maraton\/","title":{"rendered":"Mi primera marat\u00f3n&#8230;."},"content":{"rendered":"<p>Hola a todos,<\/p>\n<p><a href=\"\/todorunning\/wp-content\/uploads\/sites\/92\/2014\/03\/800_18535.cartel_maraton_2014_web.jpg\"><img loading=\"lazy\" class=\"aligncenter size-medium wp-image-52\" title=\"800_18535.cartel_maraton_2014_web\" src=\"\/todorunning\/wp-content\/uploads\/sites\/92\/2014\/03\/800_18535.cartel_maraton_2014_web.jpg\" alt=\"\" width=\"215\" height=\"300\" srcset=\"https:\/\/static-blogs.hoy.es\/wp-content\/uploads\/sites\/92\/2014\/03\/800_18535.cartel_maraton_2014_web.jpg 460w, https:\/\/static-blogs.hoy.es\/wp-content\/uploads\/sites\/92\/2014\/03\/800_18535.cartel_maraton_2014_web-216x300.jpg 216w\" sizes=\"(max-width: 215px) 100vw, 215px\" \/><\/a><\/p>\n<p>En mi perfil de Twitter @vicpiriz pod\u00e9is leer una frase de <strong>Emil Zatopek<\/strong> que resume un poco las sensaciones de esta semana previa al debut en una marat\u00f3n. &#8220;<strong>Si quieres correr, corre una milla. Si quieres experimentar una vida diferente, corre un marat\u00f3n<\/strong>&#8220;.<\/p>\n<p>As\u00ed se siente uno a escasos 7 d\u00edas del debut en su ciudad, en <strong>Badajoz<\/strong>, en la distancia de <strong><a href=\"http:\/\/es.wikipedia.org\/wiki\/Marat%C3%B3n\">Filipides<\/a><\/strong>,esa que recorri\u00f3 este soldado griego para anunciar la victoria ante los persas.Hoy os voy a contar muy poco que os pueda valer en vuestra preparaci\u00f3n para ser mejores runners, os voy a hablar de como se siente uno, de las muchas dudas que a\u00fan tiene y de como se siente ante un reto de este tama\u00f1o , de m\u00e1s de 42 kil\u00f3metros&#8230;<\/p>\n<p><strong>DUDAS<\/strong><\/p>\n<p>Os podr\u00e9is imaginar que a estas alturas uno tiene todas las dudas del mundo. Me lo he planteado como un <strong>reto<\/strong> el acabar, no tengo ning\u00fan reto de tiempo ni de otro tipo. Solo quiero acabarla, quiero cruzar la meta y sentir que todos estos meses de trabajo han merecido la pena&#8230;quiero sentir que todo este esfuerzo personal ha servido al menos de algo.<\/p>\n<p>Y dudo, y mucho, tras los problemas en <strong>Sevilla<\/strong> tuve much\u00edsimas dudas&#8230;demasiadas, que me han afectado mucho desde entonces. Ya os digo que no me planteo ning\u00fan reto m\u00e1s all\u00e1 de acabar. Ir\u00e9 al menos 45 segundos m\u00e1s lento de mi ritmo habitual de crucero en las <strong>medias maratones<\/strong>&#8230;pero me da miedo m\u00e1s que nada muscularmente, que no est\u00e9 preparado para acabarlo. Si no lo consigo&#8230;el pr\u00f3ximo a\u00f1o volveremos, no vamos a hacer el burro, <strong>maratones hay muchas<\/strong>.<\/p>\n<p><strong>ILUSION<\/strong><\/p>\n<p>La ilusi\u00f3n toda. Tengo ganas de correr esta carrera, acabarla y parar un poco o bastante en el<strong> ritmo de carreras.<\/strong> He decidido plantearme esto de otra forma, plantearme una gran carrera por temporada, un par de medias o tres como mucho, y carreras peque\u00f1as&#8230; no creo que sea bueno para nada machacarse<strong> corriendo<\/strong> mucho tantas carreras de fondo. Tenemos que cuidar el <strong>chasis<\/strong> y en mi caso el <strong>Domingo<\/strong> cerrar\u00e9 la temporada de grandes carreras y tratar\u00e9 de descansar un poco f\u00edsica y mentalmente para no saturarme.<\/p>\n<p>Tengo toda la ilusi\u00f3n del mundo, sue\u00f1o con cruzar la meta&#8230;solo los que tengo alrededor saben los sacrificios que he hecho para llegar aqu\u00ed, sacando tiempo de donde no lo hay para correr ya sea por la noche o antes casi de amanecer. Quiero que todo este trabajo tenga su recompensa y esa es la ilusi\u00f3n que me mueve.<\/p>\n<p>Y sobre todo la ilusi\u00f3n m\u00e1s grande es hacer todo esto por las calles de <strong>mi ciudad<\/strong>&#8230;eso me pone los pelos de punto, de verdad.<\/p>\n<p><strong>COMO AFRONTARLA<\/strong><\/p>\n<p>Aqu\u00ed soy un aut\u00e9ntico novato. Yo hoy he corrido un 10k en <strong>Talavera<\/strong> a buen ritmo, y a partir de aqu\u00ed comenzar\u00e9 con el <a href=\"http:\/\/en.wikipedia.org\/wiki\/Tapering\">tappering<\/a>&#8230;poco a poco ir\u00e9 descansando piernas y sobre todo consumiendo muchos hidratos y mucha agua. Si hace calor el Domingo en Badajoz har\u00e1 falta mucha hidrataci\u00f3n. Tengo que plantear la estrategia de comidas durante la carrera. Me dicen que Badajoz no es muy generosa en ese sentido, vamos, que no hay fruta en los puntos kilom\u00e9tricos. Es un problema porque a mi me gusta alimentarme bien mientras hago estas tiradas largas&#8230;me plantear\u00e9 correr con alg\u00fan tipo de mochila.<\/p>\n<p>Tambi\u00e9n hay que preparar la estrategia de geles de glucosa, que creo que hay que repartir bien y pocos&#8230;y hay que pensar en la ropa a usar y en todo lo necesario y que no se puede olvidar: u\u00f1as de los pies cortadas a primeros de semana, vaselina, compresores de gemelos, etc,etc.<\/p>\n<p>La teor\u00eda creo que me la se. Se que sufrir\u00e9 a partir del 30 si no antes en el temido <a href=\"http:\/\/www.foroatletismo.com\/entrenamiento\/los-mejores-consejos-para-enfrentarte-al-muro-del-maraton\/\">muro<\/a>&#8230;y creo que he entrenado para estar preparado&#8230;pero si no, si no soy capaz y tengo que pararme estar\u00e9 igualmente orgulloso del trabajo y el sacrificio que esto ha supuesto. El Domingo se despide un corredor y arranca uno nuevo , con bastante m\u00e1s cabeza y m\u00e1s selectivo en los objetivos.<\/p>\n<p>El Domingo , tras vivir una experiencia diferente en el atletismo, espero poder compartir con vosotros que he sido un finisher&#8230;y si no, que al menos he disfrutado de gran compa\u00f1\u00eda y buenos amigos. En 7 d\u00edas me espera el <a href=\"http:\/\/www.aytobadajoz.es\/es\/fmd\/especiales\/especial\/15287\/22-maratn-popular-ciudad-de-badajoz-\/\">Marat\u00f3n de Badajoz.<\/a>..Filipides, prep\u00e1rate.<\/p>\n<p>Nos leemos!!!<\/p>\n<p>&nbsp;<\/p>\n<!-- AddThis Advanced Settings generic via filter on the_content --><!-- AddThis Share Buttons generic via filter on the_content -->","protected":false},"excerpt":{"rendered":"<p>Hola a todos, En mi perfil de Twitter @vicpiriz pod\u00e9is leer una frase de Emil Zatopek que resume un poco las sensaciones de esta semana previa al debut en una marat\u00f3n. &#8220;Si quieres correr, corre una milla. Si quieres experimentar una vida diferente, corre un marat\u00f3n&#8220;. As\u00ed se siente uno a escasos 7 d\u00edas del [&hellip;]<!-- AddThis Advanced Settings generic via filter on get_the_excerpt --><!-- AddThis Share Buttons generic via filter on get_the_excerpt --><\/p>\n","protected":false},"author":115,"featured_media":0,"comment_status":"open","ping_status":"closed","sticky":false,"template":"","format":"standard","meta":[],"categories":[2],"tags":[18,62,67,68,71,72,84,93,98,137,140,142],"_links":{"self":[{"href":"https:\/\/blogs.hoy.es\/todorunning\/wp-json\/wp\/v2\/posts\/51"}],"collection":[{"href":"https:\/\/blogs.hoy.es\/todorunning\/wp-json\/wp\/v2\/posts"}],"about":[{"href":"https:\/\/blogs.hoy.es\/todorunning\/wp-json\/wp\/v2\/types\/post"}],"author":[{"embeddable":true,"href":"https:\/\/blogs.hoy.es\/todorunning\/wp-json\/wp\/v2\/users\/115"}],"replies":[{"embeddable":true,"href":"https:\/\/blogs.hoy.es\/todorunning\/wp-json\/wp\/v2\/comments?post=51"}],"version-history":[{"count":0,"href":"https:\/\/blogs.hoy.es\/todorunning\/wp-json\/wp\/v2\/posts\/51\/revisions"}],"wp:attachment":[{"href":"https:\/\/blogs.hoy.es\/todorunning\/wp-json\/wp\/v2\/media?parent=51"}],"wp:term":[{"taxonomy":"category","embeddable":true,"href":"https:\/\/blogs.hoy.es\/todorunning\/wp-json\/wp\/v2\/categories?post=51"},{"taxonomy":"post_tag","embeddable":true,"href":"https:\/\/blogs.hoy.es\/todorunning\/wp-json\/wp\/v2\/tags?post=51"}],"curies":[{"name":"wp","href":"https:\/\/api.w.org\/{rel}","templated":true}]}}