{"id":55,"date":"2014-03-24T11:39:33","date_gmt":"2014-03-24T10:39:33","guid":{"rendered":"http:\/\/blogs.hoy.es\/todorunning\/?p=55"},"modified":"2014-03-24T11:39:33","modified_gmt":"2014-03-24T10:39:33","slug":"ya-soy-maratoniano","status":"publish","type":"post","link":"https:\/\/blogs.hoy.es\/todorunning\/2014\/03\/24\/ya-soy-maratoniano\/","title":{"rendered":"Ya soy maratoniano"},"content":{"rendered":"<div id=\"attachment_56\" style=\"width: 310px\" class=\"wp-caption aligncenter\"><a href=\"\/todorunning\/wp-content\/uploads\/sites\/92\/2014\/03\/mar23_0946.jpg\"><img aria-describedby=\"caption-attachment-56\" loading=\"lazy\" class=\"size-medium wp-image-56\" title=\"Foto Cortes\u00eda de www.atletismoextremadura.es\" src=\"\/todorunning\/wp-content\/uploads\/sites\/92\/2014\/03\/mar23_0946.jpg\" alt=\"Foto Cortes\u00eda de www.atletismoextremadura.es\" width=\"300\" height=\"200\" srcset=\"https:\/\/static-blogs.hoy.es\/wp-content\/uploads\/sites\/92\/2014\/03\/mar23_0946.jpg 1024w, https:\/\/static-blogs.hoy.es\/wp-content\/uploads\/sites\/92\/2014\/03\/mar23_0946-300x200.jpg 300w, https:\/\/static-blogs.hoy.es\/wp-content\/uploads\/sites\/92\/2014\/03\/mar23_0946-768x512.jpg 768w\" sizes=\"(max-width: 300px) 100vw, 300px\" \/><\/a><p id=\"caption-attachment-56\" class=\"wp-caption-text\">Foto Cortes\u00eda de www.atletismoextremadura.es<\/p><\/div>\n<p>Hola a todos,<\/p>\n<p>Ya no voy a volver a hablar de o\u00eddas de lo que es un marat\u00f3n. Hoy he acabado el primer marat\u00f3n de mi vida, el de mi ciudad,<a href=\"http:\/\/www.aytobadajoz.es\/es\/fmd\/especiales\/especial\/15287\/22-maratn-popular-ciudad-de-badajoz-\/#.UzAJfoWa9bw\"> el de Badajoz<\/a>&#8230;y es imposible expresar como me siento. En primer lugar tengo que admitir<strong> un cierto grado de locura<\/strong> para ponerse un Domingo por la ma\u00f1ana a correr 42 kil\u00f3metros. No es solo un reto f\u00edsico , es un reto mental y hay que estar preparado&#8230;muy concentrado durante 4 horas en mi caso, y muy pendiente de todas las sensaciones y de evitar los<strong> pensamientos negativos<\/strong>. En un aut\u00e9ntico reto de grandes dimesiones que he superado&#8230;y <strong>me siento genial<\/strong> por ello.<\/p>\n<p>Antes de comentar la cr\u00f3nica, mi cr\u00f3nica, de mi primera marat\u00f3n, tengo que hablaros de la carrera. Sensacional la<a href=\"http:\/\/www.aytobadajoz.es\/es\/fmd\/especiales\/especial\/15287\/22-maratn-popular-ciudad-de-badajoz-\/#.UzAJfoWa9bw\"> Marat\u00f3n de Badajoz<\/a>. Desde el d\u00eda antes con la feria del corredor muy bien preparada, muy \u00e1gil y muy bien preparada la bolsa del corredor, pasando por la comida de la pasta del S\u00e1bado, a la que no asist\u00ed pero que me consta que estuvo genial y as\u00ed me lo comentaron&#8230;al propio d\u00eda de la carrera con voluntarios amables por todo el circuito, comparsas animando la carrera a lo largo y ancho de todo el recorrido, avitualamientos constantes, esponjas, m\u00e9dicos, globos de carrera. No se otras, pero la Marat\u00f3n de Badajoz es una pasada.<\/p>\n<p>\u00bfRecord\u00e1is todos los<a href=\"https:\/\/blogs.hoy.es\/todorunning\/2014\/03\/16\/mi-primera-maraton\/\"> consejos<\/a> que os hab\u00eda dado para el d\u00eda antes o el mismo d\u00eda? Estaba tan nervioso que creo que no cumpl\u00ed ninguno. Desayun\u00e9 m\u00e1s tarde de lo aconsejable, llegu\u00e9 a la carrera m\u00e1s tarde de lo que ten\u00eda que haberlo hecho&#8230;y as\u00ed acumul\u00e9 retraso por lo que se me pas\u00f3 coger la m\u00fasica y hasta la cintilla rotuliana que uso en la rodilla derecha. Llegu\u00e9 a la salida 3 minutos antes de empezar la carrera con mi amigo Juan y enseguida buscamos a <a href=\"http:\/\/www.aacb-sd.es\">Jose Manuel Mu\u00f1oz, presidente de la AACB<\/a>, y globo de los 4 minutos al que seguir\u00edamos las siguientes cuatro horas.<\/p>\n<div id=\"attachment_58\" style=\"width: 310px\" class=\"wp-caption aligncenter\"><a href=\"\/todorunning\/wp-content\/uploads\/sites\/92\/2014\/03\/mar23_17051.jpg\"><img aria-describedby=\"caption-attachment-58\" loading=\"lazy\" class=\"size-medium wp-image-58\" title=\"Foto Cortes\u00eda de www.atletismoextremadura.es\" src=\"\/todorunning\/wp-content\/uploads\/sites\/92\/2014\/03\/mar23_17051.jpg\" alt=\"Foto Cortes\u00eda de www.atletismoextremadura.es\" width=\"300\" height=\"200\" srcset=\"https:\/\/static-blogs.hoy.es\/wp-content\/uploads\/sites\/92\/2014\/03\/mar23_17051.jpg 1024w, https:\/\/static-blogs.hoy.es\/wp-content\/uploads\/sites\/92\/2014\/03\/mar23_17051-300x200.jpg 300w, https:\/\/static-blogs.hoy.es\/wp-content\/uploads\/sites\/92\/2014\/03\/mar23_17051-768x512.jpg 768w\" sizes=\"(max-width: 300px) 100vw, 300px\" \/><\/a><p id=\"caption-attachment-58\" class=\"wp-caption-text\">Foto Cortes\u00eda de www.atletismoextremadura.es<\/p><\/div>\n<p>&nbsp;<\/p>\n<p>Para hacer 4 horas el ritmo medio tiene que ser de 5:40, algo que r\u00e1pidamente el<a href=\"http:\/\/blogs.hoy.es\/empiezoacorrerhoy\/\"> Bloguero y experto Eduardo Subir\u00e1n<\/a> nos ayud\u00f3 a hacer m\u00e1s facil: 17 minutos cada 3 kil\u00f3metros. Y as\u00ed me tuvo este hombre haciendo cuentas toda la ma\u00f1ana! jaja. Gran compa\u00f1\u00eda la que llevamos la primera parte de la carrera con una nutrida presencia del <a href=\"http:\/\/www.clubmaratonbadajoz.com\/\">Club Marat\u00f3n Badajoz<\/a> junto con Eduardo y nosotros alrededor del globo de las 4 horas de Jose Manuel.<\/p>\n<p>Y para entender nuestro \u00e9xito tengo que hablar de su responsable, porque Jos\u00e9 Manuel no solo llev\u00f3 el globo sino que nos llev\u00f3 a todos. Nos anim\u00f3 desde el primer kil\u00f3metro , <strong>nos daba consejos<\/strong> &#8221; no hables que las fuerzas se necesitan todas&#8221;, y eso que hab\u00eda gente contando chistes alrededor&#8230;vaya ambientazo en la marat\u00f3n!. A partir de ah\u00ed poco a poco nuestro grupo se fue separando de otros, aunque siempre a escasos metros de los otros que iban tambi\u00e9n al entorno de las 4 horas. Pronto Jos\u00e9 Manuel nos identific\u00f3 a todos por nuestro nombre y ya nos iba preguntando como \u00edbamos, se esperaba por el que paraba a alg\u00fan tema, o nos instaba a comer y beber en todo momento, se paraba a recoger una tirita para mi por un corte en un dedo que no dejaba de echar sangre. Fue nuestro <strong>angel de la guarda<\/strong>, nuestro lider. As\u00ed , pasado el diario HOY nos empez\u00f3 a contar lo que nos quedaba y c\u00f3mo ten\u00e1mos que ir haci\u00e9ndolo, c\u00f3mo ten\u00edamos que afrontar cada tramo, el de Ronda del Pilar, el de Avda de Col\u00f3n o el de Valdepasillas. Pasamos la media marat\u00f3n a 1:56 m\u00e1s o menos y ah\u00ed le pregunt\u00e9 a Juan que si iba a parar ( era su objetivo) y me dijo &#8220;<strong> lo que no se intenta, no se consigue<\/strong>&#8220;. Vaya valiente! un crack&#8230;<\/p>\n<p>Y Jose Manuel nos seg\u00eda llevando en volandas, nos dijo que los kms del 22 al 28 eran para relajarse que ir\u00edamos a un ritmo tranquilo y sostenido&#8230;y como lo hizo! clavamos casi 6 kil\u00f3metros al mismo ritmo, sin dejar de beber nunca y de cada uno ir tomando sus geles y su comida. Cuando llegamos a San Fernando Jose Manuel nos empez\u00f3 a decir que ah\u00ed empezaba la\u00a0 marat\u00f3n ( Km 30) que pocos hab\u00edamos corrido nunca esa distancia, creo que solo el, y que a partir de ah\u00ed todo era desconocido para todos&#8230;y que ten\u00edamos margen para el reto y pod\u00edamos permitirnos alg\u00fan kilometro m\u00e1s lento si lo necesit\u00e1bamos. y pasamos Puerta de Palmas&#8230;( km 32) y nadie se fue a la derecha al coche&#8230;todos seguimos hasta el final. A mi me ven\u00edan doliendo un rato los isquios y otros lso gemelos&#8230;pero iba bien de pulsaciones y de cabeza. Jose Manuel nos dijo que a partir de ese momento \u00e9ramos como el <strong>Atl\u00e9tico de Madrid<\/strong>, ir\u00edamos kil\u00f3metro a kil\u00f3metro, rotonda a rotonda&#8230;y as\u00ed lo hicimos. Nos avisaba al pasar por el<a href=\"http:\/\/www.hoy.es\"> HOY<\/a> de nuevo de que ese era el peor tramo&#8230;y que \u00edbamos a regular ah\u00ed. Y ah\u00ed un juez le pidi\u00f3 el dorsal a Juan que se le hab\u00eda ca\u00eddo ya a esa altura y le hicieron pararse&#8230;el sobreesfuerzo de reincorporarse lo pag\u00f3 mas tarde.<\/p>\n<p>Y la bajada por el Colegio Virgen de Guadalupe cuando ya ves que est\u00e1s llegando&#8230;pero queda tanto! y al paso por Puerta del Pilar cuando Juan dice que no puede m\u00e1s, Jose Manuel se queda con el&#8230;pero yo no pod\u00eda bajar el ritmo porque muscularmente o lo sub\u00eda o lo manten\u00eda pero si lo bajaba me romp\u00eda. Y decid\u00ed tirar&#8230;los \u00faltimos 4 kil\u00f3emtros solo, adelantando corredores, corriendo mucho, un par de ellos por debajo de 5 min\/km&#8230; disfrutando de la soledad del corredor de fondo, pensando en todos los esfuerzos que hab\u00eda hecho para llegar ah\u00ed&#8230;y de repente me encontr\u00e9 con el cartel del Km 41&#8230;y me puse a llorar. Mentalmente es una carrera muy dura, y <strong>llorar alivia<\/strong>. Pas\u00e9 la curva de los multicines casi sin ver por las l\u00e1grimas&#8230;me pasaron muchas cosas y muchas personas por la cabeza en esos \u00faltimos metros.Me pas\u00f3 la vida, la de cada uno, la m\u00eda. Y as\u00ed me plant\u00e9 en meta en 3:55, entero, fuerte, con ganas de comer y beber mucho&#8230;que es lo que hice. Si no lo has hecho&#8230;no lo puedes entender. Manu, mi gran amigo y compa\u00f1ero de entrenamiento estos meses me dijo que le pas\u00f3 lo mismo y yo le miraba raro.Que raz\u00f3n ten\u00edas tio grande!<\/p>\n<p>La marat\u00f3n supone ponernos al l\u00edmite mental y f\u00edsicamente.Y en el l\u00edmite cada uno reacciona como le sale. Es algo que te pueden contar pero que tienes que vivir al menos una vez en la vida. Ahora toca descansar y mucho. Y dar las gracias, a Jose Manuel por todo, porque<strong> una cosa es portar un globo y otra cosa es liderar un grupo<\/strong>&#8230;y como nos lider\u00f3!. A Juan por la compa\u00f1ia y por los \u00e1nimos y por las risas y al resto del grupo que hicimos, con Lourdes, Joaquin, Sergio y alguno que recuerdo el nombre. Y a mi familia, siempre a ellos.Soy un finisher de la distancia de Filipides. He sufrido y he disfrutado. He ganado.<\/p>\n<div id=\"attachment_59\" style=\"width: 210px\" class=\"wp-caption aligncenter\"><a href=\"\/todorunning\/wp-content\/uploads\/sites\/92\/2014\/03\/mar23_3121.jpg\"><img aria-describedby=\"caption-attachment-59\" loading=\"lazy\" class=\"size-medium wp-image-59\" title=\"Foto Cortes\u00eda de www.atletismoextremadura.es\" src=\"\/todorunning\/wp-content\/uploads\/sites\/92\/2014\/03\/mar23_3121.jpg\" alt=\"Foto Cortes\u00eda de www.atletismoextremadura.es\" width=\"200\" height=\"300\" srcset=\"https:\/\/static-blogs.hoy.es\/wp-content\/uploads\/sites\/92\/2014\/03\/mar23_3121.jpg 683w, https:\/\/static-blogs.hoy.es\/wp-content\/uploads\/sites\/92\/2014\/03\/mar23_3121-200x300.jpg 200w\" sizes=\"(max-width: 200px) 100vw, 200px\" \/><\/a><p id=\"caption-attachment-59\" class=\"wp-caption-text\">Foto Cortes\u00eda de www.atletismoextremadura.es<\/p><\/div>\n<p>&nbsp;<\/p>\n<p>&nbsp;<\/p>\n<!-- AddThis Advanced Settings generic via filter on the_content --><!-- AddThis Share Buttons generic via filter on the_content -->","protected":false},"excerpt":{"rendered":"<p>Hola a todos, Ya no voy a volver a hablar de o\u00eddas de lo que es un marat\u00f3n. Hoy he acabado el primer marat\u00f3n de mi vida, el de mi ciudad, el de Badajoz&#8230;y es imposible expresar como me siento. En primer lugar tengo que admitir un cierto grado de locura para ponerse un Domingo [&hellip;]<!-- AddThis Advanced Settings generic via filter on get_the_excerpt --><!-- AddThis Share Buttons generic via filter on get_the_excerpt --><\/p>\n","protected":false},"author":115,"featured_media":0,"comment_status":"open","ping_status":"closed","sticky":false,"template":"","format":"standard","meta":[],"categories":[2],"tags":[7,15,16,18,57,63,84,85,90,127,137],"_links":{"self":[{"href":"https:\/\/blogs.hoy.es\/todorunning\/wp-json\/wp\/v2\/posts\/55"}],"collection":[{"href":"https:\/\/blogs.hoy.es\/todorunning\/wp-json\/wp\/v2\/posts"}],"about":[{"href":"https:\/\/blogs.hoy.es\/todorunning\/wp-json\/wp\/v2\/types\/post"}],"author":[{"embeddable":true,"href":"https:\/\/blogs.hoy.es\/todorunning\/wp-json\/wp\/v2\/users\/115"}],"replies":[{"embeddable":true,"href":"https:\/\/blogs.hoy.es\/todorunning\/wp-json\/wp\/v2\/comments?post=55"}],"version-history":[{"count":0,"href":"https:\/\/blogs.hoy.es\/todorunning\/wp-json\/wp\/v2\/posts\/55\/revisions"}],"wp:attachment":[{"href":"https:\/\/blogs.hoy.es\/todorunning\/wp-json\/wp\/v2\/media?parent=55"}],"wp:term":[{"taxonomy":"category","embeddable":true,"href":"https:\/\/blogs.hoy.es\/todorunning\/wp-json\/wp\/v2\/categories?post=55"},{"taxonomy":"post_tag","embeddable":true,"href":"https:\/\/blogs.hoy.es\/todorunning\/wp-json\/wp\/v2\/tags?post=55"}],"curies":[{"name":"wp","href":"https:\/\/api.w.org\/{rel}","templated":true}]}}