{"id":6,"date":"2014-01-20T13:02:12","date_gmt":"2014-01-20T12:02:12","guid":{"rendered":"http:\/\/blogs.hoy.es\/todorunning\/?p=6"},"modified":"2014-01-20T13:02:12","modified_gmt":"2014-01-20T12:02:12","slug":"por-que-empezar-a-correr","status":"publish","type":"post","link":"https:\/\/blogs.hoy.es\/todorunning\/2014\/01\/20\/por-que-empezar-a-correr\/","title":{"rendered":"\u00bfPor qu\u00e9 empezar a correr?"},"content":{"rendered":"<div class=\"mceTemp\">\n<div id=\"attachment_8\" style=\"width: 394px\" class=\"wp-caption aligncenter\"><a href=\"\/todorunning\/wp-content\/uploads\/sites\/92\/2014\/01\/antes_despues1.jpg\"><img aria-describedby=\"caption-attachment-8\" loading=\"lazy\" class=\" wp-image-8   \" title=\"Mi estado f\u00edsico antes y despu\u00e9s de empezar a correr. \/ V\u00edctor P\u00edriz.\" src=\"\/todorunning\/wp-content\/uploads\/sites\/92\/2014\/01\/antes_despues1.jpg\" alt=\"Mi estado f\u00edsico antes y despu\u00e9s de empezar a correr. \/ V\u00edctor P\u00edriz.\" width=\"384\" height=\"288\" srcset=\"https:\/\/static-blogs.hoy.es\/wp-content\/uploads\/sites\/92\/2014\/01\/antes_despues1.jpg 800w, https:\/\/static-blogs.hoy.es\/wp-content\/uploads\/sites\/92\/2014\/01\/antes_despues1-300x225.jpg 300w, https:\/\/static-blogs.hoy.es\/wp-content\/uploads\/sites\/92\/2014\/01\/antes_despues1-768x576.jpg 768w\" sizes=\"(max-width: 384px) 100vw, 384px\" \/><\/a><p id=\"caption-attachment-8\" class=\"wp-caption-text\">Mi estado f\u00edsico antes y despu\u00e9s de empezar a correr. \/ V\u00edctor P\u00edriz.<\/p><\/div>\n<p>Si est\u00e1s leyendo este blog es que, o ya eres un aficionado al <strong>Running,<\/strong> y ya no puedes vivir sin correr varias veces a la semana, o te lo est\u00e1s planteando.<\/p>\n<\/div>\n<p>Yo era de los del segundo grupo. Estuve mucho tiempo plante\u00e1ndome comenzar a correr pero nunca sacaba el tiempo, las ganas, la voluntad o quiz\u00e1s la constancia para hacerlo.<\/p>\n<p>Tengo que reconocer que lo dif\u00edcil no es comenzar, si no mantener el h\u00e1bito y la constancia haga calor, fr\u00edo, llueva o nieve. Y correr de forma regular supone hacerlo en todas las condiciones, y a todas hay que habituarse. Si no se est\u00e1 dispuesto a ello, ser\u00e1 complicado poder ser constante en el tiempo.<br \/>\nY durante alg\u00fan tiempo no consegu\u00eda ponerme a correr pero sab\u00eda que lo necesitaba. Pesaba 120 kilos, 32 m\u00e1s que ahora, ten\u00eda los an\u00e1lisis siempre bastante regulares en valores como el colesterol, y ten\u00eda problemas para subir las escaleras de la oficina y mantener una conversaci\u00f3n justo al llegar arriba.<\/p>\n<p>A eso se le sumaba un stress importante que ya <strong>me estaba generando otro tipo de problemas de salud<\/strong>. Ten\u00eda que cambiar algo s\u00ed o s\u00ed.<\/p>\n<p>Y se cruz\u00f3 delante de m\u00ed un reto. Era abril de 2012 y me propuse un reto: correr en noviembre de ese a\u00f1o la <a title=\"XXV Media Maraton Elvas-Badajoz\" href=\"http:\/\/www.aytobadajoz.es\/es\/fmd\/especiales\/especial\/11982\/25-medio-maraton-elvas-badajoz\/pagina\/11989\/recorrido#.Ut0Nr7SDOUk\">Media Maraton Elvas \u2013 Badajoz<\/a>. \u00a1Y vaya reto! Os aseguro que no era capaz de correr m\u00e1s de tres kil\u00f3metros sin asfixiarme, y a ritmo casi de paseo r\u00e1pido. El primer d\u00eda hice 3,06 Kil\u00f3metros en 23:11 minutos, a un ritmo de 7:33 min\/km.<\/p>\n<p>Para que os hag\u00e1is una idea de mi progresi\u00f3n, hace unos d\u00edas, en mi \u00faltima media marat\u00f3n corr\u00ed 21,1 Kms a 4:44 min\/km. <strong><\/strong><\/p>\n<p><strong>En definitiva, querer es poder<\/strong>\u2026 No fue f\u00e1cil empezar, comet\u00ed muchos errores en el arranque porque, sinceramente, no sab\u00eda muchas cosas que ahora s\u00e9, quehe ido aprendiendo con el tiempo y que, ahora, controlo. Pero lo consegu\u00ed, lo consigo cada d\u00eda, porque cada d\u00eda es un nuevo reto.<\/p>\n<p>Y esa es una de mis motivaciones de este blog , que los que ahora empez\u00e1is en este mundillo no comet\u00e1is los errores m\u00e1s comunes de los novatos, que aprend\u00e1is de las equivociones que hemos cometido muchos, aquellas que nos han provocado lesiones, problemas f\u00edsicos, de planificaci\u00f3n ,etc,etc.<br \/>\nOtra de mis motivaciones para iniciar este blog es la de difundir el <strong>Atletismo Popular<\/strong>. Yo hab\u00eda practicado muchos deportes de equipo, pero ninguno tan solidario como este deporte individual. Intentar\u00e9 a lo largo de este itinerario contaros las oportunidades que tenemos de correr en Extremadura y como y d\u00f3nde aprovecharlas.<br \/>\nNos leemos en este blog de Running. Abrazos para todos!<\/p>\n<p>@vicpiriz<\/p>\n<!-- AddThis Advanced Settings generic via filter on the_content --><!-- AddThis Share Buttons generic via filter on the_content -->","protected":false},"excerpt":{"rendered":"<p>Si est\u00e1s leyendo este blog es que, o ya eres un aficionado al Running, y ya no puedes vivir sin correr varias veces a la semana, o te lo est\u00e1s planteando. Yo era de los del segundo grupo. Estuve mucho tiempo plante\u00e1ndome comenzar a correr pero nunca sacaba el tiempo, las ganas, la voluntad o [&hellip;]<!-- AddThis Advanced Settings generic via filter on get_the_excerpt --><!-- AddThis Share Buttons generic via filter on get_the_excerpt --><\/p>\n","protected":false},"author":115,"featured_media":0,"comment_status":"open","ping_status":"closed","sticky":false,"template":"","format":"standard","meta":[],"categories":[5],"tags":[],"_links":{"self":[{"href":"https:\/\/blogs.hoy.es\/todorunning\/wp-json\/wp\/v2\/posts\/6"}],"collection":[{"href":"https:\/\/blogs.hoy.es\/todorunning\/wp-json\/wp\/v2\/posts"}],"about":[{"href":"https:\/\/blogs.hoy.es\/todorunning\/wp-json\/wp\/v2\/types\/post"}],"author":[{"embeddable":true,"href":"https:\/\/blogs.hoy.es\/todorunning\/wp-json\/wp\/v2\/users\/115"}],"replies":[{"embeddable":true,"href":"https:\/\/blogs.hoy.es\/todorunning\/wp-json\/wp\/v2\/comments?post=6"}],"version-history":[{"count":0,"href":"https:\/\/blogs.hoy.es\/todorunning\/wp-json\/wp\/v2\/posts\/6\/revisions"}],"wp:attachment":[{"href":"https:\/\/blogs.hoy.es\/todorunning\/wp-json\/wp\/v2\/media?parent=6"}],"wp:term":[{"taxonomy":"category","embeddable":true,"href":"https:\/\/blogs.hoy.es\/todorunning\/wp-json\/wp\/v2\/categories?post=6"},{"taxonomy":"post_tag","embeddable":true,"href":"https:\/\/blogs.hoy.es\/todorunning\/wp-json\/wp\/v2\/tags?post=6"}],"curies":[{"name":"wp","href":"https:\/\/api.w.org\/{rel}","templated":true}]}}