{"id":75,"date":"2014-04-21T09:47:12","date_gmt":"2014-04-21T07:47:12","guid":{"rendered":"http:\/\/blogs.hoy.es\/todorunning\/?p=75"},"modified":"2014-04-21T09:47:12","modified_gmt":"2014-04-21T07:47:12","slug":"correr-en-cuestas","status":"publish","type":"post","link":"https:\/\/blogs.hoy.es\/todorunning\/2014\/04\/21\/correr-en-cuestas\/","title":{"rendered":"Correr en cuestas"},"content":{"rendered":"<p>Hola a todos,<\/p>\n<p>A uno de <a href=\"http:\/\/es.wikipedia.org\/wiki\/Talavera_la_real\">Talavera<\/a>, que la cuesta, o cuestita , m\u00e1s decente la tiene a 6 kil\u00f3metros sentido Badajoz o a 7 kil\u00f3metros sentido Guadajira digamos que no le resulta f\u00e1cil esto de hablar de cuestas, aunque poco a poco me voy haciedo un peque\u00f1o experto y comienzo a comprender y dar el valor que tiene a los entrenamientos en cuestas por los beneficios que aporta. Sin duda que el culmen lo tendr\u00e9 esta semana con la <a href=\"http:\/\/www.pmdalburquerque.es\/mediamaraton\/\">Media Marat\u00f3n Alburquerque-Los Cantos<\/a> que podr\u00e9 disfrutar por primera vez. <strong>Es mi primera prueba<\/strong> en la que realmente hay cuestas de categor\u00eda, si bien en<strong> Extremadura<\/strong> pod\u00e9is participar de un<a href=\"http:\/\/deportextremadura.gobex.es\/index.php\/actualidad\/749-circuito-extremeno-de-carreras-por-montana-alimentos-de-extremadura-2014\"> Circuito Extreme\u00f1o de Carreras por Monta\u00f1a<\/a> que hoy mismo tuvo parada en Jerte en un escenario sin igual.<\/p>\n<p><strong>\u00bfQue beneficios nos aporta correr por cuestas?<\/strong><\/p>\n<p>Obviamente el sacrificio que supone correr por cuestas, el ver como se<strong> disparan las pulsaciones<\/strong>, como se <strong>agotan las energ\u00edas<\/strong> y ver como es todo mucho m\u00e1s complicada debe de tener beneficios para nuestra preparaci\u00f3n y para nosotros&#8230;si no <strong>\u00bfPara qu\u00e9?<\/strong><\/p>\n<p>El caso es que los tiene. En primer lugar porque<strong> fortalece much\u00edsimos las articulaciones<\/strong>. Al desarrollarse con mayor celeridad todo el sistema muscular del tren inferior, esto protege bastante m\u00e1s de lesiones. Adem\u00e1s de esto trabajar en cuesta potencia nuestra capacidad de<strong> absorci\u00f3n de ox\u00edgeno<\/strong>, digamos que nos prepara mejor para correr despu\u00e9s en llano.<\/p>\n<p>Adem\u00e1s de todo esto, de mejorar la musculatura, de reducir el riesgo de lesiones y de trabajar el<strong> umbral anaer\u00f3bico<\/strong> y la absorci\u00f3n de ox\u00edgeno, yo considero personalmente, pero hay mucha gente que no opina igual, que correr en cuesta <strong>mejora nuestra t\u00e9cnica de carrera<\/strong>. Para mi es sencillo, cuando llevamos el cuerpo a situaciones de sufrimiento y desequilibrios como supone una larga cuesta, este adopta posiciones c\u00f3modas y sobre todo eficientes. Ver\u00e9is como sin daros cuenta en cuesta <strong>no mov\u00e9is los brazos<\/strong> m\u00e1s de la cuenta para fuera, como manten\u00e9is el cuerpo recto o ligeramente inclinado hacia adelante o como sois capaces de mantener una <strong>zancada similar<\/strong> durante todo la subida. En esto ya os digo que no hay unanimidad, pero correr en cuesta mejora tambi\u00e9n la postura de carrera.<\/p>\n<p>Yo s\u00ed es cierto que para el Marat\u00f3n las tiradas largas las hicimos por zonas m\u00e1s o menos con cuestas. Mi amigo Manu siempre dec\u00eda que 30 kms en &#8220;Tres Arroyos&#8221; ( Badajoz) era como 35 por el llano&#8230;y all\u00ed que nos fuimos a hacer todos los Domingos las tiradas largas. Si bien es cierto esto, tambi\u00e9n tened en cuenta que antes de una gran carrera que adem\u00e1s es llana no merece la pena estar machac\u00e1ndose en cuestas hasta el dia antes&#8230;soltadlas un par de semanas antes y trabajad un poco de velocidad en llano <strong>aprovechando la fuerza adquirida<\/strong> en las cuestas.<\/p>\n<p><strong>\u00bfRiesgos?<\/strong><\/p>\n<p>Os reconozco que me da miedo. Voy a <a href=\"http:\/\/es.wikipedia.org\/wiki\/Alburquerque\">Alburquerque<\/a> concienciado en que si no puedo correr andar\u00e9. Las cuestas hace que <strong>las pulsaciones<\/strong>se disparen y que el cuerpo suba r\u00e1pidamente su temperatura corporal. Esto, que es bueno para perder peso y no lo he citado, es malo para todo lo dem\u00e1s. A mi no me gusta correr con la<\/p>\n<div id=\"attachment_76\" style=\"width: 310px\" class=\"wp-caption aligncenter\"><a href=\"\/todorunning\/wp-content\/uploads\/sites\/92\/2014\/04\/vertical-running.jpg\"><img aria-describedby=\"caption-attachment-76\" loading=\"lazy\" class=\"size-medium wp-image-76 \" title=\"Foto extraida de Sportadictos.com\" src=\"\/todorunning\/wp-content\/uploads\/sites\/92\/2014\/04\/vertical-running.jpg\" alt=\"Foto extraida de Sportadictos.com\" width=\"300\" height=\"199\" srcset=\"https:\/\/static-blogs.hoy.es\/wp-content\/uploads\/sites\/92\/2014\/04\/vertical-running.jpg 1024w, https:\/\/static-blogs.hoy.es\/wp-content\/uploads\/sites\/92\/2014\/04\/vertical-running-300x200.jpg 300w, https:\/\/static-blogs.hoy.es\/wp-content\/uploads\/sites\/92\/2014\/04\/vertical-running-768x511.jpg 768w\" sizes=\"(max-width: 300px) 100vw, 300px\" \/><\/a><p id=\"caption-attachment-76\" class=\"wp-caption-text\">Foto extraida de Sportadictos.com<\/p><\/div>\n<p>muy alta. Es importante antes de trabajar cuestas el saber que todo en el cuerpo funciona bien y que nuestro coraz\u00f3n y pulmones est\u00e1n preparados para lo que les viene por delante, como os digo siempre&#8230;que no vivimos de esto!!!! y que no nos cueste la vida&#8230;<\/p>\n<p>Adem\u00e1s de las precauciones que hay que tener&#8230;poco m\u00e1s, es una pr\u00e1ctica muy recomendable y beneficiosa para el cuerpo. Muy sacrificada, much\u00edsimo, y para lo que hay que estar preparado mental y f\u00edsicamente&#8230;ya os contar\u00e9 si yo lo estoy el <strong>pr\u00f3ximo Domingo<\/strong>.<\/p>\n<p>Un abrazo!<\/p>\n<p><a href=\"http:\/\/www.twitter.com\/vicpiriz\">@vicpiriz<\/a><\/p>\n<p>&nbsp;<\/p>\n<!-- AddThis Advanced Settings generic via filter on the_content --><!-- AddThis Share Buttons generic via filter on the_content -->","protected":false},"excerpt":{"rendered":"<p>Hola a todos, A uno de Talavera, que la cuesta, o cuestita , m\u00e1s decente la tiene a 6 kil\u00f3metros sentido Badajoz o a 7 kil\u00f3metros sentido Guadajira digamos que no le resulta f\u00e1cil esto de hablar de cuestas, aunque poco a poco me voy haciedo un peque\u00f1o experto y comienzo a comprender y dar [&hellip;]<!-- AddThis Advanced Settings generic via filter on get_the_excerpt --><!-- AddThis Share Buttons generic via filter on get_the_excerpt --><\/p>\n","protected":false},"author":115,"featured_media":0,"comment_status":"open","ping_status":"closed","sticky":false,"template":"","format":"standard","meta":[],"categories":[3,4],"tags":[10,13,18,23,37,58,84,88,91,115,127,141],"_links":{"self":[{"href":"https:\/\/blogs.hoy.es\/todorunning\/wp-json\/wp\/v2\/posts\/75"}],"collection":[{"href":"https:\/\/blogs.hoy.es\/todorunning\/wp-json\/wp\/v2\/posts"}],"about":[{"href":"https:\/\/blogs.hoy.es\/todorunning\/wp-json\/wp\/v2\/types\/post"}],"author":[{"embeddable":true,"href":"https:\/\/blogs.hoy.es\/todorunning\/wp-json\/wp\/v2\/users\/115"}],"replies":[{"embeddable":true,"href":"https:\/\/blogs.hoy.es\/todorunning\/wp-json\/wp\/v2\/comments?post=75"}],"version-history":[{"count":0,"href":"https:\/\/blogs.hoy.es\/todorunning\/wp-json\/wp\/v2\/posts\/75\/revisions"}],"wp:attachment":[{"href":"https:\/\/blogs.hoy.es\/todorunning\/wp-json\/wp\/v2\/media?parent=75"}],"wp:term":[{"taxonomy":"category","embeddable":true,"href":"https:\/\/blogs.hoy.es\/todorunning\/wp-json\/wp\/v2\/categories?post=75"},{"taxonomy":"post_tag","embeddable":true,"href":"https:\/\/blogs.hoy.es\/todorunning\/wp-json\/wp\/v2\/tags?post=75"}],"curies":[{"name":"wp","href":"https:\/\/api.w.org\/{rel}","templated":true}]}}