{"id":85,"date":"2014-05-02T08:56:51","date_gmt":"2014-05-02T06:56:51","guid":{"rendered":"http:\/\/blogs.hoy.es\/todorunning\/?p=85"},"modified":"2014-05-02T08:56:51","modified_gmt":"2014-05-02T06:56:51","slug":"ii-carrera-solidaria-nocturna-en-talavera","status":"publish","type":"post","link":"https:\/\/blogs.hoy.es\/todorunning\/2014\/05\/02\/ii-carrera-solidaria-nocturna-en-talavera\/","title":{"rendered":"II Carrera Solidaria Nocturna en Talavera"},"content":{"rendered":"<div id=\"attachment_86\" style=\"width: 223px\" class=\"wp-caption aligncenter\"><a href=\"\/todorunning\/wp-content\/uploads\/sites\/92\/2014\/05\/cartel-victor-piriz-carrera-benefica1_v2.jpg\"><img aria-describedby=\"caption-attachment-86\" loading=\"lazy\" class=\"size-medium wp-image-86\" title=\"Cartel Carrera Solidaria\" src=\"\/todorunning\/wp-content\/uploads\/sites\/92\/2014\/05\/cartel-victor-piriz-carrera-benefica1_v2.jpg\" alt=\"Cartel Carrera Solidaria\" width=\"213\" height=\"300\" srcset=\"https:\/\/static-blogs.hoy.es\/wp-content\/uploads\/sites\/92\/2014\/05\/cartel-victor-piriz-carrera-benefica1_v2.jpg 341w, https:\/\/static-blogs.hoy.es\/wp-content\/uploads\/sites\/92\/2014\/05\/cartel-victor-piriz-carrera-benefica1_v2-214x300.jpg 214w\" sizes=\"(max-width: 213px) 100vw, 213px\" \/><\/a><p id=\"caption-attachment-86\" class=\"wp-caption-text\">Cartel Carrera Solidaria<\/p><\/div>\n<p>Hola a todos,<\/p>\n<p>&nbsp;<\/p>\n<p>Perdonadme que hoy hable de mi libro, pero en realidad no es m\u00edo, sino de las ONG para las que el pr\u00f3ximo 31 de Mayo organizamos en Talavera la Real la<strong> II Carrera Solidaria Nocturna &#8221; Centro Kiosad&#8221;<\/strong>.<\/p>\n<p>Este Jueves d\u00eda 1 de Mayo se ha <strong>abierto el plazo de Inscripciones<\/strong> para la II CARRERA SOLIDARIA NOCTURNA \u201cCENTRO KIOSAD\u201d DE TALAVERA LA REAL.<\/p>\n<p>La carrera, que destina el 100% de lo recaudado a la <strong>ONG LOCAL AYUDAME A AYUDAR y a AFATEL EXTREMADURA<\/strong>, tiene un coste de 3 euros para adultos y 1 euro para los ni\u00f1os y para la caminata nocturna.<\/p>\n<p>Supone esta la segunda edici\u00f3n de una carrera que en su primera edici\u00f3n congreg\u00f3 en Talavera a m\u00e1s de <strong>200 corredores<\/strong> que disfrutaron en un circuito totalmente urbano de 5.000 metros por las calles de la localidad Pacense entre una gran cantidad de p\u00fablico que llev\u00f3 en volandas a los corredores.<\/p>\n<p>Las inscripciones pueden realizarse en la web\u00a0<a href=\"http:\/\/www.carreratalavera.es\/\" target=\"_blank\">www.carreratalavera.es<\/a>\u00a0y solo se aceptar\u00e1n<strong> las primeras 300 inscripciones<\/strong> de una carrera que pas\u00f3 la temporada pasada por ser una de las m\u00e1s bonitas del circuito de carreras populares de nuestra Comunidad Aut\u00f3noma y una de las pocas que se realiza en horario nocturno en Extremadura.<\/p>\n<p>Os seguir\u00e9 recordando en los pr\u00f3ximos post el temas&#8230;pero con la apertura de las inscripciones hoy no quer\u00eda dejar de recordaros que las inscripciones est\u00e1n ABIERTAS!<\/p>\n<p><strong>\u00a0VIDEO PROMOCIONAL<\/strong><\/p>\n<p><a href=\"http:\/\/www.youtube.com\/watch?v=jL65EhvwE2o&#038;feature=youtu.be\" target=\"_blank\">http:\/\/www.youtube.com\/watch?v=jL65EhvwE2o&#038;feature=youtu.be<\/a><\/p>\n<!-- AddThis Advanced Settings generic via filter on the_content --><!-- AddThis Share Buttons generic via filter on the_content -->","protected":false},"excerpt":{"rendered":"<p>Hola a todos, &nbsp; Perdonadme que hoy hable de mi libro, pero en realidad no es m\u00edo, sino de las ONG para las que el pr\u00f3ximo 31 de Mayo organizamos en Talavera la Real la II Carrera Solidaria Nocturna &#8221; Centro Kiosad&#8221;. Este Jueves d\u00eda 1 de Mayo se ha abierto el plazo de Inscripciones [&hellip;]<!-- AddThis Advanced Settings generic via filter on get_the_excerpt --><!-- AddThis Share Buttons generic via filter on get_the_excerpt --><\/p>\n","protected":false},"author":115,"featured_media":0,"comment_status":"open","ping_status":"closed","sticky":false,"template":"","format":"standard","meta":[],"categories":[2,3,4],"tags":[6,18,27,102,127,135,141],"_links":{"self":[{"href":"https:\/\/blogs.hoy.es\/todorunning\/wp-json\/wp\/v2\/posts\/85"}],"collection":[{"href":"https:\/\/blogs.hoy.es\/todorunning\/wp-json\/wp\/v2\/posts"}],"about":[{"href":"https:\/\/blogs.hoy.es\/todorunning\/wp-json\/wp\/v2\/types\/post"}],"author":[{"embeddable":true,"href":"https:\/\/blogs.hoy.es\/todorunning\/wp-json\/wp\/v2\/users\/115"}],"replies":[{"embeddable":true,"href":"https:\/\/blogs.hoy.es\/todorunning\/wp-json\/wp\/v2\/comments?post=85"}],"version-history":[{"count":0,"href":"https:\/\/blogs.hoy.es\/todorunning\/wp-json\/wp\/v2\/posts\/85\/revisions"}],"wp:attachment":[{"href":"https:\/\/blogs.hoy.es\/todorunning\/wp-json\/wp\/v2\/media?parent=85"}],"wp:term":[{"taxonomy":"category","embeddable":true,"href":"https:\/\/blogs.hoy.es\/todorunning\/wp-json\/wp\/v2\/categories?post=85"},{"taxonomy":"post_tag","embeddable":true,"href":"https:\/\/blogs.hoy.es\/todorunning\/wp-json\/wp\/v2\/tags?post=85"}],"curies":[{"name":"wp","href":"https:\/\/api.w.org\/{rel}","templated":true}]}}