{"id":99,"date":"2014-05-28T19:37:55","date_gmt":"2014-05-28T17:37:55","guid":{"rendered":"http:\/\/blogs.hoy.es\/todorunning\/?p=99"},"modified":"2014-05-28T19:37:55","modified_gmt":"2014-05-28T17:37:55","slug":"correr-de-noche-o-por-la-manana","status":"publish","type":"post","link":"https:\/\/blogs.hoy.es\/todorunning\/2014\/05\/28\/correr-de-noche-o-por-la-manana\/","title":{"rendered":"\u00bfCorrer de noche o por la ma\u00f1ana?"},"content":{"rendered":"<div id=\"attachment_101\" style=\"width: 596px\" class=\"wp-caption aligncenter\"><a href=\"\/todorunning\/wp-content\/uploads\/sites\/92\/2014\/05\/01_noche.jpg\"><img aria-describedby=\"caption-attachment-101\" loading=\"lazy\" class=\"size-full wp-image-101\" title=\"Foto extraida de mundsocks.blogspot.com\" src=\"\/todorunning\/wp-content\/uploads\/sites\/92\/2014\/05\/01_noche.jpg\" alt=\"Foto extraida de mundsocks.blogspot.com\" width=\"586\" height=\"391\" srcset=\"https:\/\/static-blogs.hoy.es\/wp-content\/uploads\/sites\/92\/2014\/05\/01_noche.jpg 586w, https:\/\/static-blogs.hoy.es\/wp-content\/uploads\/sites\/92\/2014\/05\/01_noche-300x200.jpg 300w\" sizes=\"(max-width: 586px) 100vw, 586px\" \/><\/a><p id=\"caption-attachment-101\" class=\"wp-caption-text\">Foto extraida de mundsocks.blogspot.com<\/p><\/div>\n<p>&nbsp;<\/p>\n<p>Hola a todos,<\/p>\n<p>A resultas de un debate que hemos iniciado unos colegas runners y yo hoy en las redes sociales por la celebraci\u00f3n <strong>este S\u00e1bado<\/strong> por la noche de la<a href=\"http:\/\/www.carreratalavera.es\"> II Carrera Solidaria Nocturna<\/a>\u00a0en Talavera la Real, casi la \u00fanica carrera en este formato nocturno que hay en<strong> Extremadura<\/strong>, he llegado a la conclusi\u00f3n de que este me parec\u00eda un buen tema de debate para traerlo aqu\u00ed. <strong>\u00bfCu\u00e1ndo os gusta correr m\u00e1s: por la ma\u00f1ana o por la noche? y, sobre todo \u00bfes mejor una hora que otra?<\/strong><\/p>\n<p>Vamos por partes:<strong> Fisiol\u00f3gicamente,<\/strong> correr en <strong>ayunas<\/strong> por las ma\u00f1anas <strong>no es nada bueno<\/strong>. Durante la noche los dep\u00f3sitos de glucosa del organismo se van gastando, y por la ma\u00f1ana, si no ingerimos, nada tendremos el seguro problema en una tirada larga. Segur\u00edsimo, a m\u00ed me ha pasado. La glucosa no arranca a tope y, si encima quieres darle ca\u00f1a al cuerpo&#8230;<strong> agotas los dep\u00f3sitos,<\/strong> y empiezas a ir menos fino. No es que hayas dormido mal, ni nada parecido, que tambi\u00e9n puede ayudar si te ha pasado eso&#8230; s sencillamente que el cuerpo no estaba preparado para el ejercicio.<\/p>\n<p><strong>La ma\u00f1ana, <\/strong>sin embargo<strong>, es el momento ideal para correr<\/strong>: cuerpo descansado, mente descansada&#8230; todo en orden, pero hay que desayunar antes&#8230; y convenientemente, al menos dos horas antes&#8230;o lo que pod\u00e1is. As\u00ed es. El 90% de los que est\u00e1is leyendo esto seguro que corr\u00e9is por la ma\u00f1ana muchas veces ( en la playa, los fines de semana,etc) y no est\u00e1is muy de acuerdo con esto. \u00a1Pero es as\u00ed! El cuerpo por la noche <strong>gasta el gluc\u00f3geno,<\/strong> y hay que reponerlo antes del ejercicio si este va a ser intenso. Hombre, si vas a hacer un <strong>8k o un 10k, <\/strong>quiz\u00e1s no haga tanta falta, pero para una tirada en condiciones hay que desayunar previamente.<\/p>\n<p>Frente a esta opci\u00f3n, est\u00e1 el <strong>ejercicio por la tarde-noche<\/strong>. Ya os digo que prefiero lo<strong> primero<\/strong>, pero la tarde-noche tiene su encanto. Mientras corres, repasas el d\u00eda, pones en orden las ideas, te relajas de una dura jornada laboral y ya, sin agobios, disfrutas de correr con tu m\u00fasica por las <strong>calles de la ciduad.<\/strong><\/p>\n<p>A m\u00ed me gusta menos por la tarde-noche, pero es lo que hago casi siempre por temas laborales. Por la tarde suelo sentirme <strong>m\u00e1s lento, mas lleno en el est\u00f3mago, m\u00e1s plomizo<\/strong> que por la ma\u00f1ana. Pero esa es una sensaci\u00f3n personal, y ya os digo que un debate que he mantenido hoy con quien piensa igual y quien piensa diferente.<\/p>\n<p>Correr por la noche adem\u00e1s tiene riesgos a\u00f1adidos si se hace en zonas con poca luz, calles mal iluminadas, pasando bajo \u00e1rboles o sitios con iluminaci\u00f3n deficiente. Te puedes ir muy f\u00e1cil al suelo o torcerte el tobillo. Pero bueno&#8230; eso no pasar\u00e1 este sS\u00e1bado en Talavera, porque<strong> \u00a1mi pueblo tiene las calles perfectamente iluminadas!<\/strong><\/p>\n<p>Lo dicho,<strong> a correr<\/strong>, sea por la ma\u00f1ana, tarde o noche&#8230; <strong>a correr<\/strong>!<\/p>\n<!-- AddThis Advanced Settings generic via filter on the_content --><!-- AddThis Share Buttons generic via filter on the_content -->","protected":false},"excerpt":{"rendered":"<p>&nbsp; Hola a todos, A resultas de un debate que hemos iniciado unos colegas runners y yo hoy en las redes sociales por la celebraci\u00f3n este S\u00e1bado por la noche de la II Carrera Solidaria Nocturna\u00a0en Talavera la Real, casi la \u00fanica carrera en este formato nocturno que hay en Extremadura, he llegado a la [&hellip;]<!-- AddThis Advanced Settings generic via filter on get_the_excerpt --><!-- AddThis Share Buttons generic via filter on get_the_excerpt --><\/p>\n","protected":false},"author":115,"featured_media":0,"comment_status":"open","ping_status":"closed","sticky":false,"template":"","format":"standard","meta":[],"categories":[2,3,4],"tags":[17,27,35,56,77,81,82,101,102,117,135,140],"_links":{"self":[{"href":"https:\/\/blogs.hoy.es\/todorunning\/wp-json\/wp\/v2\/posts\/99"}],"collection":[{"href":"https:\/\/blogs.hoy.es\/todorunning\/wp-json\/wp\/v2\/posts"}],"about":[{"href":"https:\/\/blogs.hoy.es\/todorunning\/wp-json\/wp\/v2\/types\/post"}],"author":[{"embeddable":true,"href":"https:\/\/blogs.hoy.es\/todorunning\/wp-json\/wp\/v2\/users\/115"}],"replies":[{"embeddable":true,"href":"https:\/\/blogs.hoy.es\/todorunning\/wp-json\/wp\/v2\/comments?post=99"}],"version-history":[{"count":0,"href":"https:\/\/blogs.hoy.es\/todorunning\/wp-json\/wp\/v2\/posts\/99\/revisions"}],"wp:attachment":[{"href":"https:\/\/blogs.hoy.es\/todorunning\/wp-json\/wp\/v2\/media?parent=99"}],"wp:term":[{"taxonomy":"category","embeddable":true,"href":"https:\/\/blogs.hoy.es\/todorunning\/wp-json\/wp\/v2\/categories?post=99"},{"taxonomy":"post_tag","embeddable":true,"href":"https:\/\/blogs.hoy.es\/todorunning\/wp-json\/wp\/v2\/tags?post=99"}],"curies":[{"name":"wp","href":"https:\/\/api.w.org\/{rel}","templated":true}]}}