{"id":1182,"date":"2018-05-17T13:28:06","date_gmt":"2018-05-17T11:28:06","guid":{"rendered":"http:\/\/blogs.hoy.es\/un-extremeno-en-el-artico\/?p=1182"},"modified":"2018-05-20T00:17:00","modified_gmt":"2018-05-19T22:17:00","slug":"explorando-el-cabo-del-fin-del-mundo","status":"publish","type":"post","link":"https:\/\/blogs.hoy.es\/un-extremeno-en-el-artico\/2018\/05\/17\/explorando-el-cabo-del-fin-del-mundo\/","title":{"rendered":"Explorando el cabo del fin del Mundo"},"content":{"rendered":"<p>\u00a1Y tan extremo que fue!<\/p>\n<p>\u00a1Vaya lugar\u00a0inh\u00f3spito y solitario! Nunca\u00a0estuve en un lugar as\u00ed. La palabra &#8220;<em><strong>Extremo Sur<\/strong><\/em>&#8221; como ubicaci\u00f3n de un lugar y tambi\u00e9n como adjetivo le va que ni pintado.<\/p>\n<p>Tiempo atr\u00e1s, se discut\u00eda en el parlamento dan\u00e9s sobre la conveniencia o no, de utilizar una v\u00eda de navegaci\u00f3n para alcanzar la costa sur de la isla de Groenlandia. Como siempre hab\u00eda opiniones en los dos sentidos, unos defend\u00edan una ruta de abastecimiento a las localidades olvidadas del extremo\u00a0en pos del progreso, y otros que por seguridad, no se aventurar\u00edan a dejar que ning\u00fan buque surcara aquellas peligrosas aguas.<\/p>\n<p>Unos de los defensores\u00a0en establecer una ruta de abastecimiento, fue el mal logrado parlamentario groenland\u00e9s llamado Otto Lynge, firme defensor del progreso del sur. Y cosas del destino, \u00e9l mismo morir\u00eda en el hundimiento del <strong><em>Hans Hedtoft, <\/em><\/strong>cuando choc\u00f3 contra un iceberg la mediod\u00eda del 30 de enero del 1959 en las inmediaciones del <em>cabo de Farewell<\/em>,\u00a0desapareciendo toda la tripulaci\u00f3n\u00a0sin dejar rastro.<\/p>\n<p>Una\u00a0tragedia nacional en Dinamarca\u00a0por la cantidad\u00a0de p\u00e9rdidas\u00a0humanas. Al\u00a0tener\u00a0similares caracter\u00edsticas al Titanic, como &#8220;inhundible&#8221;, semejanzas en\u00a0el dise\u00f1o de su estructura y\u00a0el mismo final, el buque fue apodado &#8220;peque\u00f1o Titanic&#8221;.<\/p>\n<p><strong>Circunnavegaci\u00f3n de la isla <em>Eggers<\/em> y cabo de <em>Farewell<\/em> (Extremo Sur)\u00a0<\/strong><\/p>\n<div id=\"attachment_1225\" style=\"width: 1034px\" class=\"wp-caption alignnone\"><img aria-describedby=\"caption-attachment-1225\" loading=\"lazy\" class=\"size-large wp-image-1225\" src=\"https:\/\/static-blogs.hoy.es\/wp-content\/uploads\/sites\/119\/2018\/05\/Ruta-de-a-Kangikitsop-1024x530.jpg\" alt=\"Log\u00edstica para expedici\u00f3n Nanortalik- fiordo Kangitsop\" width=\"1024\" height=\"530\" srcset=\"https:\/\/static-blogs.hoy.es\/wp-content\/uploads\/sites\/119\/2018\/05\/Ruta-de-a-Kangikitsop-1024x530.jpg 1024w, https:\/\/static-blogs.hoy.es\/wp-content\/uploads\/sites\/119\/2018\/05\/Ruta-de-a-Kangikitsop-300x155.jpg 300w, https:\/\/static-blogs.hoy.es\/wp-content\/uploads\/sites\/119\/2018\/05\/Ruta-de-a-Kangikitsop-768x398.jpg 768w, https:\/\/static-blogs.hoy.es\/wp-content\/uploads\/sites\/119\/2018\/05\/Ruta-de-a-Kangikitsop.jpg 1440w\" sizes=\"(max-width: 1024px) 100vw, 1024px\" \/><p id=\"caption-attachment-1225\" class=\"wp-caption-text\"><em>A\u00f1o 2012. Log\u00edstica\u00a0<\/em><em>para una expedici\u00f3n, ruta <\/em><em><strong>Nanortalik<\/strong>&#8211; <strong>fiordo<\/strong> <strong>Kangikitsoq<\/strong>\u00a0.<\/em><\/p><\/div>\n<div id=\"attachment_1228\" style=\"width: 1034px\" class=\"wp-caption alignnone\"><a href=\"https:\/\/static-blogs.hoy.es\/wp-content\/uploads\/sites\/119\/2018\/05\/IMG_1072-2.jpg\"><img aria-describedby=\"caption-attachment-1228\" loading=\"lazy\" class=\"size-large wp-image-1228\" src=\"https:\/\/static-blogs.hoy.es\/wp-content\/uploads\/sites\/119\/2018\/05\/IMG_1072-2-1024x768.jpg\" alt=\"A\u00f1o 2012. A las faldas de esa cumbre tan caracter\u00edstica se encuentra la aldea m\u00e1s remota del Extremo Sur.\" width=\"1024\" height=\"768\" srcset=\"https:\/\/static-blogs.hoy.es\/wp-content\/uploads\/sites\/119\/2018\/05\/IMG_1072-2-1024x768.jpg 1024w, https:\/\/static-blogs.hoy.es\/wp-content\/uploads\/sites\/119\/2018\/05\/IMG_1072-2-300x225.jpg 300w, https:\/\/static-blogs.hoy.es\/wp-content\/uploads\/sites\/119\/2018\/05\/IMG_1072-2-768x576.jpg 768w, https:\/\/static-blogs.hoy.es\/wp-content\/uploads\/sites\/119\/2018\/05\/IMG_1072-2.jpg 1069w\" sizes=\"(max-width: 1024px) 100vw, 1024px\" \/><\/a><p id=\"caption-attachment-1228\" class=\"wp-caption-text\"><em>A las faldas de esta singular cumbre,\u00a0apenas se ve\u00a0la aldea m\u00e1s remota del Extremo Sur llamada <a href=\"https:\/\/es.wikipedia.org\/wiki\/Aappilattoq_(Kujalleq)\" rel=\"external nofollow\">Aappilaattoq<\/a>. 2012<\/em><\/p><\/div>\n<p>En\u00a0nuestro esquema\u00a0de viajes,\u00a0aparec\u00edan un par de d\u00edas libres que por supuesto quer\u00edamos aprovechar para explorar los\u00a0cercanos pero poco accesibles\u00a0fiordos\u00a0del Sur, incluso\u00a0so\u00f1\u00e1bamos con\u00a0&#8216;acariciar&#8217; la imaginaria l\u00ednea\u00a0que divide la costa Oeste de la Este.<\/p>\n<p>Era principios de septiembre, y como ya sab\u00edamos,\u00a0navegar hacia la costa Este iba a ser muy arriesgado por lo tempestuoso\u00a0del lugar. La meteo era un continuo estado c\u00edclico de fort\u00edsimos temporales de viento provenientes de esa costa.<\/p>\n<p style=\"text-align: center;\"><em>Por si ten\u00e9is curiosidad, aqu\u00ed os dejo una de las cuatro p\u00e1ginas de meteo que solemos chequear a diario, y a veces, hora por hora.\u00a0<a href=\"http:\/\/www.dmi.dk\/groenland\/vejret\/byvejr\/by\/vis\/GL\/4283\/Nanortalik,%20Gr%C3%B8nland\/\" rel=\"external nofollow\">DMI<\/a>.<\/em><\/p>\n<p>Casi de una manera improvisada por las condiciones meteorol\u00f3gicas, salt\u00e1bamos a nuestra zodiac llamada <strong><em>Avannaq<\/em><\/strong> (viento fr\u00edo del Norte) poniendo\u00a0rumbo ESE, primero por mar abierto para luego buscar seguro en los canales del fiordo de <strong><em>Igdlukasip Tunua<\/em><\/strong>.<\/p>\n<div id=\"attachment_1204\" style=\"width: 1034px\" class=\"wp-caption alignnone\"><img aria-describedby=\"caption-attachment-1204\" loading=\"lazy\" class=\"size-large wp-image-1204\" src=\"https:\/\/static-blogs.hoy.es\/wp-content\/uploads\/sites\/119\/2018\/05\/P9110600a-1024x676.jpg\" alt=\"Dos grandes torres de hielo al fondo en medio de un vendaval de viento Fuerza 8\" width=\"1024\" height=\"676\" srcset=\"https:\/\/static-blogs.hoy.es\/wp-content\/uploads\/sites\/119\/2018\/05\/P9110600a-1024x676.jpg 1024w, https:\/\/static-blogs.hoy.es\/wp-content\/uploads\/sites\/119\/2018\/05\/P9110600a-300x198.jpg 300w, https:\/\/static-blogs.hoy.es\/wp-content\/uploads\/sites\/119\/2018\/05\/P9110600a-768x507.jpg 768w, https:\/\/static-blogs.hoy.es\/wp-content\/uploads\/sites\/119\/2018\/05\/P9110600a.jpg 1075w\" sizes=\"(max-width: 1024px) 100vw, 1024px\" \/><p id=\"caption-attachment-1204\" class=\"wp-caption-text\"><em>\u00a0Vendaval de viento <\/em><a href=\"https:\/\/es.wikipedia.org\/wiki\/Escala_de_Beaufort\" rel=\"external nofollow\"><em>Fuerza 8<\/em><\/a><em>\u00a0a principios de septiembre, muy comunes en el cabo de Farewell, <\/em><em>debido a la confluencia de dos potentes corrientes fr\u00edas. El Sur de Groenlandia es <\/em><em>uno de los lugares m\u00e1s ventosos de la Tierra .\u00a0 2016<\/em><\/p><\/div>\n<p>&nbsp;<\/p>\n<div id=\"attachment_1207\" style=\"width: 748px\" class=\"wp-caption alignnone\"><a href=\"https:\/\/static-blogs.hoy.es\/wp-content\/uploads\/sites\/119\/2018\/05\/IMG_1125.jpg\"><img aria-describedby=\"caption-attachment-1207\" loading=\"lazy\" class=\"size-full wp-image-1207\" src=\"https:\/\/static-blogs.hoy.es\/wp-content\/uploads\/sites\/119\/2018\/05\/IMG_1125.jpg\" alt=\"Entrada en los canales de Kitsigsut, la ruta m\u00e1s segura para peque\u00f1as embarcaciones.\" width=\"738\" height=\"554\" srcset=\"https:\/\/static-blogs.hoy.es\/wp-content\/uploads\/sites\/119\/2018\/05\/IMG_1125.jpg 738w, https:\/\/static-blogs.hoy.es\/wp-content\/uploads\/sites\/119\/2018\/05\/IMG_1125-300x225.jpg 300w\" sizes=\"(max-width: 738px) 100vw, 738px\" \/><\/a><p id=\"caption-attachment-1207\" class=\"wp-caption-text\"><em>Entrada\u00a0a los canales del fiordo de <strong>Igdlukasip Tunua<\/strong>, la ruta m\u00e1s segura para peque\u00f1as embarcaciones. En el centro derecho de la imagen, podemos ver la baliza de enfilaci\u00f3n para entrar en el canal.<\/em><\/p><\/div>\n<p>&nbsp;<\/p>\n<div id=\"attachment_1208\" style=\"width: 780px\" class=\"wp-caption alignnone\"><a href=\"https:\/\/static-blogs.hoy.es\/wp-content\/uploads\/sites\/119\/2018\/05\/IMG_1123-2.jpg\"><img aria-describedby=\"caption-attachment-1208\" loading=\"lazy\" class=\"size-full wp-image-1208\" src=\"https:\/\/static-blogs.hoy.es\/wp-content\/uploads\/sites\/119\/2018\/05\/IMG_1123-2.jpg\" alt=\"Aguas como espejo en los canales, mientras que en mar abierto puede ser un aut\u00e9ntico infierno.\" width=\"770\" height=\"578\" srcset=\"https:\/\/static-blogs.hoy.es\/wp-content\/uploads\/sites\/119\/2018\/05\/IMG_1123-2.jpg 770w, https:\/\/static-blogs.hoy.es\/wp-content\/uploads\/sites\/119\/2018\/05\/IMG_1123-2-300x225.jpg 300w, https:\/\/static-blogs.hoy.es\/wp-content\/uploads\/sites\/119\/2018\/05\/IMG_1123-2-768x576.jpg 768w\" sizes=\"(max-width: 770px) 100vw, 770px\" \/><\/a><p id=\"caption-attachment-1208\" class=\"wp-caption-text\"><em>Aguas como espejo en los canales, mientras que en mar abierto puede ser un aut\u00e9ntico infierno. 2012<\/em><\/p><\/div>\n<p>&nbsp;<\/p>\n<div id=\"attachment_1209\" style=\"width: 810px\" class=\"wp-caption alignnone\"><a href=\"https:\/\/static-blogs.hoy.es\/wp-content\/uploads\/sites\/119\/2018\/05\/IMG_1122.jpg\"><img aria-describedby=\"caption-attachment-1209\" loading=\"lazy\" class=\"size-full wp-image-1209\" src=\"https:\/\/static-blogs.hoy.es\/wp-content\/uploads\/sites\/119\/2018\/05\/IMG_1122.jpg\" alt=\"Pero !cuidado! esta marca nos avisa de que en la l\u00ednea perpendicular del poste, hay en medio de la parte m\u00e1s estrecha del canal una gran roca sumergida a pocos cent\u00edmetros del agua.\" width=\"800\" height=\"600\" srcset=\"https:\/\/static-blogs.hoy.es\/wp-content\/uploads\/sites\/119\/2018\/05\/IMG_1122.jpg 800w, https:\/\/static-blogs.hoy.es\/wp-content\/uploads\/sites\/119\/2018\/05\/IMG_1122-300x225.jpg 300w, https:\/\/static-blogs.hoy.es\/wp-content\/uploads\/sites\/119\/2018\/05\/IMG_1122-768x576.jpg 768w\" sizes=\"(max-width: 800px) 100vw, 800px\" \/><\/a><p id=\"caption-attachment-1209\" class=\"wp-caption-text\"><em>Baliza de canal navegable para peque\u00f1as embarcaciones. Pero !cuidado! esta marca tambi\u00e9n nos avisa de que en la l\u00ednea perpendicular del poste hay en medio una gran roca sumergida a pocos cent\u00edmetros de la superficie del agua. Si tuvi\u00e9ramos que dar la posici\u00f3n sin gps, solo deber\u00edamos encontrar esta serie de balizas numeradas. El sentido (o23 ir\u00edamos al Oeste, y 320 ir\u00edamos al Este). 2012<\/em><\/p><\/div>\n<div id=\"attachment_1222\" style=\"width: 1034px\" class=\"wp-caption alignnone\"><a href=\"https:\/\/static-blogs.hoy.es\/wp-content\/uploads\/sites\/119\/2018\/05\/Primer-tramo-1.jpg\"><img aria-describedby=\"caption-attachment-1222\" loading=\"lazy\" class=\"size-large wp-image-1222\" src=\"https:\/\/static-blogs.hoy.es\/wp-content\/uploads\/sites\/119\/2018\/05\/Primer-tramo-1-1024x624.jpg\" alt=\"o\" width=\"1024\" height=\"624\" srcset=\"https:\/\/static-blogs.hoy.es\/wp-content\/uploads\/sites\/119\/2018\/05\/Primer-tramo-1-1024x624.jpg 1024w, https:\/\/static-blogs.hoy.es\/wp-content\/uploads\/sites\/119\/2018\/05\/Primer-tramo-1-300x183.jpg 300w, https:\/\/static-blogs.hoy.es\/wp-content\/uploads\/sites\/119\/2018\/05\/Primer-tramo-1-768x468.jpg 768w, https:\/\/static-blogs.hoy.es\/wp-content\/uploads\/sites\/119\/2018\/05\/Primer-tramo-1.jpg 1439w\" sizes=\"(max-width: 1024px) 100vw, 1024px\" \/><\/a><p id=\"caption-attachment-1222\" class=\"wp-caption-text\"><em>A\u00f1o 2015. Ruta de ida\u00a0en rojo, punto donde tuvimos que retroceder por la intensidad del viento y\u00a0la altura\u00a0de olas de 4 a 5 metros. En verde vuelta, exploraci\u00f3n del fiordo de <strong>Igdlukasip Tunua, <\/strong>y las paredes de <strong>Ersinartup<\/strong> de 840 metros.<\/em><\/p><\/div>\n<div id=\"attachment_1229\" style=\"width: 1034px\" class=\"wp-caption alignnone\"><a href=\"https:\/\/static-blogs.hoy.es\/wp-content\/uploads\/sites\/119\/2018\/05\/1.jpg\"><img aria-describedby=\"caption-attachment-1229\" loading=\"lazy\" class=\"size-large wp-image-1229\" src=\"https:\/\/static-blogs.hoy.es\/wp-content\/uploads\/sites\/119\/2018\/05\/1-1024x576.jpg\" alt=\"A la salida de los seguros canales nos aguardaban las moles de hielo.\" width=\"1024\" height=\"576\" srcset=\"https:\/\/static-blogs.hoy.es\/wp-content\/uploads\/sites\/119\/2018\/05\/1-1024x576.jpg 1024w, https:\/\/static-blogs.hoy.es\/wp-content\/uploads\/sites\/119\/2018\/05\/1-300x169.jpg 300w, https:\/\/static-blogs.hoy.es\/wp-content\/uploads\/sites\/119\/2018\/05\/1-768x432.jpg 768w, https:\/\/static-blogs.hoy.es\/wp-content\/uploads\/sites\/119\/2018\/05\/1.jpg 1366w\" sizes=\"(max-width: 1024px) 100vw, 1024px\" \/><\/a><p id=\"caption-attachment-1229\" class=\"wp-caption-text\"><em>A la salida de los seguros canales de\u00a0<strong>Ilungua<\/strong> nos aguardaban las moles de hielo y el fuerte temporal de viento de Fuerza 9. 2015<\/em><\/p><\/div>\n<p>Entrar en la zona de los canales del remanso de<strong><em> Ilungua <\/em><\/strong>siempre era un gran alivio, como record\u00e1ramos del segundo intento para tratar de alcanzar el cabo de <em><strong>Farewell<\/strong><\/em>. Nos encontr\u00e1bamos bajo la influencia de la potente corriente fr\u00eda del mar del Labrador, proviniente del Oeste.<\/p>\n<p>Los estrechos canales de\u00a0unos 15 metros de ancho, nos ofrec\u00eda una seguridad temporal\u00a0por la poca visibilidad\u00a0por un denso y fr\u00edo banco de niebla.\u00a0Despu\u00e9s de\u00a0los canales, nos esperaba un tramo de mar\u00a0abierto sin protecci\u00f3n\u00a0de\u00a0las islas.<\/p>\n<p>Salir de la seguridad y toparse con una peligrosa situaci\u00f3n, un lugar de corrientes, mezclado con mar de fondo rebotando contra la rocosa costa, y para a\u00f1adir la guinda al pastel,\u00a0los enormes bloques de hielo. Poco a poco aminoramos la velocidad de nuestra lancha, al comenzar a ver como se elevaba la proa del barco para luego dar un pantocazo al alcanzar la cresta de las olas.<\/p>\n<p>Los furiosos muros de mar de fondo no nos dieron respiro en ning\u00fan momento. Al ser plano el casco de la zodiac nos mov\u00edamos cada vez m\u00e1s haciendo muy dif\u00edcil la navegaci\u00f3n \u00a1Se nos hizo eterno!<\/p>\n<p><strong>Fiordo de Torssukatak. <\/strong>Enormes agujas\u00a0inertes de tonos rojos sin vegetaci\u00f3n. Paredes de m\u00e1s de mil metros que se alzaban desde las profundidades del fiordo \u00a1estremecedor! Fiordos abruptos sin orillas en ning\u00fan lado, hasta casi llegar al pueblo m\u00e1s remoto, <em><strong>Aappilattoq<\/strong><\/em>\u00a0 de significado rojo, como las cumbres de los alrededores.<\/p>\n<div id=\"attachment_1223\" style=\"width: 1034px\" class=\"wp-caption alignnone\"><a href=\"https:\/\/static-blogs.hoy.es\/wp-content\/uploads\/sites\/119\/2018\/05\/farewell-2.jpg\"><img aria-describedby=\"caption-attachment-1223\" loading=\"lazy\" class=\"size-large wp-image-1223\" src=\"https:\/\/static-blogs.hoy.es\/wp-content\/uploads\/sites\/119\/2018\/05\/farewell-2-1024x553.jpg\" alt=\"Traves\u00eda a\u00f1o 2016. Circunnavegaci\u00f3n de las islas Eggers y \" width=\"1024\" height=\"553\" srcset=\"https:\/\/static-blogs.hoy.es\/wp-content\/uploads\/sites\/119\/2018\/05\/farewell-2-1024x553.jpg 1024w, https:\/\/static-blogs.hoy.es\/wp-content\/uploads\/sites\/119\/2018\/05\/farewell-2-300x162.jpg 300w, https:\/\/static-blogs.hoy.es\/wp-content\/uploads\/sites\/119\/2018\/05\/farewell-2-768x415.jpg 768w, https:\/\/static-blogs.hoy.es\/wp-content\/uploads\/sites\/119\/2018\/05\/farewell-2.jpg 1271w\" sizes=\"(max-width: 1024px) 100vw, 1024px\" \/><\/a><p id=\"caption-attachment-1223\" class=\"wp-caption-text\"><em>\u00a0A\u00f1o 2016. Circunnavegaci\u00f3n de las islas <strong>Eggers<\/strong> e <strong>Angnikitsop<\/strong>. Cabos <strong>Christian<\/strong> y <strong>Farewell<\/strong>.<\/em><\/p><\/div>\n<p><strong>Aapilattoq, parada y repostaje en el fin del mundo<\/strong><\/p>\n<p>El \u00fanico lugar habitado a muchas millas, inh\u00f3spito es el adjetivo para este sitio, donde apenas viven un centenar de personas.<\/p>\n<p>Es tan inaccesible como bello, a tres horas de navegaci\u00f3n de la ciudad m\u00e1s cercana. La mayor\u00eda de las veces\u00a0las peque\u00f1as embarcaciones no pueden salir a mar abierto por las extremas condiciones de la ventosa costa. No tiene l\u00ednea mar\u00edtima de transporte de pasajeros, \u00fanicamente por helic\u00f3ptero siempre que haya buen tiempo. Tampoco tiene hospital, ni estaci\u00f3n de bomberos ni polic\u00eda, y por supuesto carece de veh\u00edculos,\u00a0tiene solamente un supermercado y una iglesia.<\/p>\n<p><strong>Dato curioso<\/strong>,\u00a0la aldea est\u00e1 asentada\u00a0en el\u00a0\u00fanico emplazamiento lo suficientemente llano para instalar\u00a0un mont\u00f3n de casas.\u00a0Completamente aislados al exterior\u00a0por lo inaccesible del lugar, solo unos pocos se atreven a utilizar un olvidado paso\u00a0de monta\u00f1a para acceder por tierra.<\/p>\n<div id=\"attachment_1232\" style=\"width: 1034px\" class=\"wp-caption alignnone\"><a href=\"https:\/\/static-blogs.hoy.es\/wp-content\/uploads\/sites\/119\/2018\/05\/IMG_8047.jpg\"><img aria-describedby=\"caption-attachment-1232\" loading=\"lazy\" class=\"size-large wp-image-1232\" src=\"https:\/\/static-blogs.hoy.es\/wp-content\/uploads\/sites\/119\/2018\/05\/IMG_8047-1024x768.jpg\" alt=\"Aapilattoq poblado emplazdo en los l\u00edmites de la costa Este groenlandesa y rodeado de enormes monta\u00f1as\" width=\"1024\" height=\"768\" srcset=\"https:\/\/static-blogs.hoy.es\/wp-content\/uploads\/sites\/119\/2018\/05\/IMG_8047-1024x768.jpg 1024w, https:\/\/static-blogs.hoy.es\/wp-content\/uploads\/sites\/119\/2018\/05\/IMG_8047-300x225.jpg 300w, https:\/\/static-blogs.hoy.es\/wp-content\/uploads\/sites\/119\/2018\/05\/IMG_8047-768x576.jpg 768w, https:\/\/static-blogs.hoy.es\/wp-content\/uploads\/sites\/119\/2018\/05\/IMG_8047.jpg 1255w\" sizes=\"(max-width: 1024px) 100vw, 1024px\" \/><\/a><p id=\"caption-attachment-1232\" class=\"wp-caption-text\"><em>Aapilattoq, poblado emplazado en los l\u00edmites de la costa Este groenlandesa y rodeado de enormes monta\u00f1as de fiordo.<\/em><\/p><\/div>\n<p><strong>\u00a0Cruzamos a la <\/strong><strong>solitaria <\/strong><strong>costa\u00a0\u00a0Este<\/strong><\/p>\n<p>&nbsp;<\/p>\n<div id=\"attachment_1236\" style=\"width: 1034px\" class=\"wp-caption alignnone\"><a href=\"https:\/\/static-blogs.hoy.es\/wp-content\/uploads\/sites\/119\/2018\/05\/3.jpg\"><img aria-describedby=\"caption-attachment-1236\" loading=\"lazy\" class=\"size-large wp-image-1236\" src=\"https:\/\/static-blogs.hoy.es\/wp-content\/uploads\/sites\/119\/2018\/05\/3-1024x557.jpg\" alt=\"Explorando el paso de la isla de Tornarssuk\" width=\"1024\" height=\"557\" srcset=\"https:\/\/static-blogs.hoy.es\/wp-content\/uploads\/sites\/119\/2018\/05\/3-1024x557.jpg 1024w, https:\/\/static-blogs.hoy.es\/wp-content\/uploads\/sites\/119\/2018\/05\/3-300x163.jpg 300w, https:\/\/static-blogs.hoy.es\/wp-content\/uploads\/sites\/119\/2018\/05\/3-768x418.jpg 768w, https:\/\/static-blogs.hoy.es\/wp-content\/uploads\/sites\/119\/2018\/05\/3.jpg 1361w\" sizes=\"(max-width: 1024px) 100vw, 1024px\" \/><\/a><p id=\"caption-attachment-1236\" class=\"wp-caption-text\"><em>Explorando el paso de la isla de <strong>Tornarssuk <\/strong>o<strong> Ikeq<\/strong>, no podemos avanzar con nuestro barco, ya que no existe tal paso para una embarcaci\u00f3n pesada como es la nuestra, debemos continuar al Este para alcanzar la isla <strong>Eggers<\/strong>.<\/em><\/p><\/div>\n<p>Cabo norte de la isla <strong><em>Eggers<\/em><\/strong>, seguimos rumbo sur, al fondo nubes bajas en un fr\u00edo pero soleado d\u00eda. La caracter\u00edstica es lo abrupto de la costa, los fiordos son estrechos de paredes inmensas que caen directamente al agua. Una suave brisa en pocos minutos puede hacer que el viento se enca\u00f1one formando un vendaval.<\/p>\n<p><strong><em>Cabo Christian y Farewell<\/em><\/strong><\/p>\n<p>Volvemos a estar en el fr\u00edo banco de niebla de la costa, a las puertas de mar abierto. Un escarpado brazo rocoso en el extremo de la isla <em><strong>Eggers<\/strong><\/em> nos marca la posici\u00f3n como el cabo <strong><em>Christian, <\/em><\/strong>estamos muy cerca del punto m\u00e1s meridional de la isla de Groenlandia.<\/p>\n<p>Sabemos que esta tierra no regala nada, todo es un esfuerzo tit\u00e1nico y casi siempre muy peligroso, y esta vez no iba a ser distinto. Volv\u00edamos a sufrir el mar de fondo en medio de niebla. Debemos ir m\u00e1s separado de la costa de barlovento, las cartas n\u00e1uticas apenas nos informa de la profundidad y tampoco\u00a0si all\u00ed abajo hay peligrosos escoyos rocosos.<\/p>\n<p>Seguimos avanzando lentamente, el silencio se hace\u00a0eterno. La\u00a0sinuosas olas de 4 metros junto con una brisa fresca, va disipando la claustrof\u00f3bica niebla. Ante nosotros en medio de una nebulosa aparece unos islotes de forma piramidal, JJ maneja el tim\u00f3n del barco hacia un lado tratando de acercarse a la costa, pone proa a un promontorio, solo podemos ver la parte superior, la inferior est\u00e1 cubierta por una\u00a0bruma h\u00fameda\u00a0debido al rompiente del oleaje (<a href=\"https:\/\/es.wikipedia.org\/wiki\/Escala_Douglas\" rel=\"external nofollow\">mar gruesa<\/a>).<\/p>\n<p>\u00a1Es aqu\u00ed! JJ grita se\u00f1alando con el dedo la pantalla del gps\u00a0\u00a1hemos llegado al cabo <strong><em>Farewell<\/em><\/strong>!<\/p>\n<div id=\"attachment_1244\" style=\"width: 1034px\" class=\"wp-caption alignnone\"><a href=\"https:\/\/static-blogs.hoy.es\/wp-content\/uploads\/sites\/119\/2018\/05\/IMG_8102-2.jpg\"><img aria-describedby=\"caption-attachment-1244\" loading=\"lazy\" class=\"size-large wp-image-1244\" src=\"https:\/\/static-blogs.hoy.es\/wp-content\/uploads\/sites\/119\/2018\/05\/IMG_8102-2-1024x768.jpg\" alt=\"Cumplidos todos los objetivos en esta foto. Cabo de Farewel, isla Eggers y costa Este todo en esta fotograf\u00eda.\" width=\"1024\" height=\"768\" srcset=\"https:\/\/static-blogs.hoy.es\/wp-content\/uploads\/sites\/119\/2018\/05\/IMG_8102-2-1024x768.jpg 1024w, https:\/\/static-blogs.hoy.es\/wp-content\/uploads\/sites\/119\/2018\/05\/IMG_8102-2-300x225.jpg 300w, https:\/\/static-blogs.hoy.es\/wp-content\/uploads\/sites\/119\/2018\/05\/IMG_8102-2-768x576.jpg 768w\" sizes=\"(max-width: 1024px) 100vw, 1024px\" \/><\/a><p id=\"caption-attachment-1244\" class=\"wp-caption-text\"><em>Cumplidos todos los objetivos. <strong>Cabo de Farewell<\/strong>, <strong>isla Eggers<\/strong> y costa Este en esta fotograf\u00eda.<\/em><\/p><\/div>\n<p><strong><em>Cabo de Farewell o cabo del adi\u00f3s\u00a0o\u00a0<\/em><em>&#8216;el fin del mundo&#8217;,\u00a0<\/em><\/strong>como dec\u00edan los antiguos esquimales. Un entorno hostil para la vida humana, tempestuoso,\u00a0de\u00a0fr\u00edo atenazador, cubierto de nieblas constantes, de fuerte oleaje por\u00a0el choque\u00a0de dos importantes corrientes marinas\u00a0y sembrado de enormes icebergs.<\/p>\n<p>Ahora entendemos un poco m\u00e1s\u00a0qu\u00e9\u00a0tipo de suerte corri\u00f3\u00a0la tripulaci\u00f3n perdida del <strong><em>Hans Hedtoft.<\/em><\/strong><\/p>\n<div id=\"attachment_1243\" style=\"width: 778px\" class=\"wp-caption alignnone\"><a href=\"https:\/\/static-blogs.hoy.es\/wp-content\/uploads\/sites\/119\/2018\/05\/IMG_8113-2.jpg\"><img aria-describedby=\"caption-attachment-1243\" loading=\"lazy\" class=\"size-large wp-image-1243\" src=\"https:\/\/static-blogs.hoy.es\/wp-content\/uploads\/sites\/119\/2018\/05\/IMG_8113-2-768x1024.jpg\" alt=\"En la carta n\u00e1utica podemos apreciar la poca falta de informaci\u00f3n de esta tierra tan inh\u00f3spita.\" width=\"768\" height=\"1024\" srcset=\"https:\/\/static-blogs.hoy.es\/wp-content\/uploads\/sites\/119\/2018\/05\/IMG_8113-2-768x1024.jpg 768w, https:\/\/static-blogs.hoy.es\/wp-content\/uploads\/sites\/119\/2018\/05\/IMG_8113-2-225x300.jpg 225w\" sizes=\"(max-width: 768px) 100vw, 768px\" \/><\/a><p id=\"caption-attachment-1243\" class=\"wp-caption-text\"><em>En la carta n\u00e1utica podemos apreciar la\u00a0falta de datos de profundidad de esta tierra tan inh\u00f3spita. Las cruces dentro de un c\u00edrculo, representan los temidos escoyos rocosos, pero&#8230;\u00bfest\u00e1n todos representados? la respuesta es \u00a1no!<\/em><\/p><\/div>\n<p>&nbsp;<\/p>\n<div id=\"attachment_1242\" style=\"width: 1034px\" class=\"wp-caption alignnone\"><a href=\"https:\/\/static-blogs.hoy.es\/wp-content\/uploads\/sites\/119\/2018\/05\/IMG_8117.jpg\"><img aria-describedby=\"caption-attachment-1242\" loading=\"lazy\" class=\"size-large wp-image-1242\" src=\"https:\/\/static-blogs.hoy.es\/wp-content\/uploads\/sites\/119\/2018\/05\/IMG_8117-1024x768.jpg\" alt=\"Isla Angnikitsoq\" width=\"1024\" height=\"768\" srcset=\"https:\/\/static-blogs.hoy.es\/wp-content\/uploads\/sites\/119\/2018\/05\/IMG_8117-1024x768.jpg 1024w, https:\/\/static-blogs.hoy.es\/wp-content\/uploads\/sites\/119\/2018\/05\/IMG_8117-300x225.jpg 300w, https:\/\/static-blogs.hoy.es\/wp-content\/uploads\/sites\/119\/2018\/05\/IMG_8117-768x576.jpg 768w\" sizes=\"(max-width: 1024px) 100vw, 1024px\" \/><\/a><p id=\"caption-attachment-1242\" class=\"wp-caption-text\"><em>Isla <strong>Angnikitsoq<\/strong>, a las puertas de la principal v\u00eda de entrada de nav\u00edos procedentes de Europa, as\u00ed evitan el terrible cabo de <strong>Farewell.<\/strong><\/em><\/p><\/div>\n<div id=\"attachment_1241\" style=\"width: 1034px\" class=\"wp-caption alignnone\"><a href=\"https:\/\/static-blogs.hoy.es\/wp-content\/uploads\/sites\/119\/2018\/05\/IMG_8120-2.jpg\"><img aria-describedby=\"caption-attachment-1241\" loading=\"lazy\" class=\"size-large wp-image-1241\" src=\"https:\/\/static-blogs.hoy.es\/wp-content\/uploads\/sites\/119\/2018\/05\/IMG_8120-2-1024x768.jpg\" alt=\"El regreso \" width=\"1024\" height=\"768\" srcset=\"https:\/\/static-blogs.hoy.es\/wp-content\/uploads\/sites\/119\/2018\/05\/IMG_8120-2-1024x768.jpg 1024w, https:\/\/static-blogs.hoy.es\/wp-content\/uploads\/sites\/119\/2018\/05\/IMG_8120-2-300x225.jpg 300w, https:\/\/static-blogs.hoy.es\/wp-content\/uploads\/sites\/119\/2018\/05\/IMG_8120-2-768x576.jpg 768w\" sizes=\"(max-width: 1024px) 100vw, 1024px\" \/><\/a><p id=\"caption-attachment-1241\" class=\"wp-caption-text\"><em>Rumbo Oeste.\u00a0Despu\u00e9s de 14 horas de helada navegaci\u00f3n regresamos a casa, no sin antes volver a sufrir la tempestad en mar abierto.<\/em><\/p><\/div>\n<p>&nbsp;<\/p>\n<p><em><strong>Para ver m\u00e1s de mis aventuras, pulsa en los links<\/strong><\/em><\/p>\n<p><strong><a href=\"https:\/\/www.facebook.com\/JoseTrejo404\/\" rel=\"external nofollow\">Facebook<\/a><\/strong><\/p>\n<p><em><strong>Para ver m\u00e1s fotos de mis viajes, puedes seguirme en este link<\/strong><\/em><\/p>\n<p><a href=\"https:\/\/www.instagram.com\/josetrejo404\/?hl=es\" rel=\"external nofollow\"><strong>Instagram<\/strong><\/a><\/p>\n<p><a href=\"https:\/\/www.google.es\/search?q=%23UnExtreme%C3%B1oEnEl%C3%81rtico&amp;tbm=isch&amp;tbo=u&amp;source=univ&amp;sa=X&amp;ved=0ahUKEwjk4__i8fzYAhUBWxQKHd2fCmUQsAQILQ&amp;biw=1366&amp;bih=637\" rel=\"external nofollow\">#UnExtreme\u00f1oEnEl\u00c1rtico<\/a><\/p>\n<p>&nbsp;<\/p>\n<p>&nbsp;<\/p>\n<p>&nbsp;<\/p>\n<p>&nbsp;<\/p>\n<p>&nbsp;<\/p>\n<p>&nbsp;<\/p>\n","protected":false},"excerpt":{"rendered":"<p>\u00a1Y tan extremo que fue! \u00a1Vaya lugar\u00a0inh\u00f3spito y solitario! Nunca\u00a0estuve en un lugar as\u00ed. La palabra &#8220;Extremo Sur&#8221; como ubicaci\u00f3n de un lugar y tambi\u00e9n como adjetivo le va que ni pintado. Tiempo atr\u00e1s, se discut\u00eda en el parlamento dan\u00e9s sobre la conveniencia o no, de utilizar una v\u00eda de navegaci\u00f3n para alcanzar la costa [&hellip;]<\/p>\n","protected":false},"author":142,"featured_media":1204,"comment_status":"open","ping_status":"closed","sticky":false,"template":"","format":"standard","meta":[],"categories":[1],"tags":[539,529,540,534,535,365,76,80,82,96,101,536,543,533,532,541,538,160,531,542,537],"_links":{"self":[{"href":"https:\/\/blogs.hoy.es\/un-extremeno-en-el-artico\/wp-json\/wp\/v2\/posts\/1182"}],"collection":[{"href":"https:\/\/blogs.hoy.es\/un-extremeno-en-el-artico\/wp-json\/wp\/v2\/posts"}],"about":[{"href":"https:\/\/blogs.hoy.es\/un-extremeno-en-el-artico\/wp-json\/wp\/v2\/types\/post"}],"author":[{"embeddable":true,"href":"https:\/\/blogs.hoy.es\/un-extremeno-en-el-artico\/wp-json\/wp\/v2\/users\/142"}],"replies":[{"embeddable":true,"href":"https:\/\/blogs.hoy.es\/un-extremeno-en-el-artico\/wp-json\/wp\/v2\/comments?post=1182"}],"version-history":[{"count":47,"href":"https:\/\/blogs.hoy.es\/un-extremeno-en-el-artico\/wp-json\/wp\/v2\/posts\/1182\/revisions"}],"predecessor-version":[{"id":1261,"href":"https:\/\/blogs.hoy.es\/un-extremeno-en-el-artico\/wp-json\/wp\/v2\/posts\/1182\/revisions\/1261"}],"wp:featuredmedia":[{"embeddable":true,"href":"https:\/\/blogs.hoy.es\/un-extremeno-en-el-artico\/wp-json\/wp\/v2\/media\/1204"}],"wp:attachment":[{"href":"https:\/\/blogs.hoy.es\/un-extremeno-en-el-artico\/wp-json\/wp\/v2\/media?parent=1182"}],"wp:term":[{"taxonomy":"category","embeddable":true,"href":"https:\/\/blogs.hoy.es\/un-extremeno-en-el-artico\/wp-json\/wp\/v2\/categories?post=1182"},{"taxonomy":"post_tag","embeddable":true,"href":"https:\/\/blogs.hoy.es\/un-extremeno-en-el-artico\/wp-json\/wp\/v2\/tags?post=1182"}],"curies":[{"name":"wp","href":"https:\/\/api.w.org\/{rel}","templated":true}]}}