{"id":1263,"date":"2018-05-31T13:33:33","date_gmt":"2018-05-31T11:33:33","guid":{"rendered":"http:\/\/blogs.hoy.es\/un-extremeno-en-el-artico\/?p=1263"},"modified":"2018-06-01T18:58:59","modified_gmt":"2018-06-01T16:58:59","slug":"como-son-los-icebergs","status":"publish","type":"post","link":"https:\/\/blogs.hoy.es\/un-extremeno-en-el-artico\/2018\/05\/31\/como-son-los-icebergs\/","title":{"rendered":"\u00bfC\u00f3mo son los icebergs?"},"content":{"rendered":"<p><strong>Iceberg o t\u00e9mpano de hielo<\/strong><\/p>\n<p>Ver un iceberg o t\u00e9mpano de hielo es un sue\u00f1o hecho realidad, tambi\u00e9n es indicador de\u00a0fr\u00edo extremo\u00a0en una tierra inh\u00f3spita y poco conocida.<\/p>\n<p>En esta nueva entrega del blog os mostrar\u00e9 algunos de los t\u00e9mpanos de hielo que he tenido la suerte de haber visto en vivo. Como s\u00e9 de buena tinta lo dif\u00edcil que puede llegar a ser ver\u00a0un gran t\u00e9mpano de hielo en directo, aqu\u00ed os dejo algunas grabaciones y fotograf\u00edas que he ido haciendo\u00a0a lo largo de los a\u00f1os en\u00a0nuestras navegaciones por los mares del Sur de Groenlandia.<\/p>\n<div id=\"attachment_1265\" style=\"width: 1034px\" class=\"wp-caption alignnone\"><a href=\"https:\/\/static-blogs.hoy.es\/wp-content\/uploads\/sites\/119\/2018\/05\/20180528_133540.jpg\"><img aria-describedby=\"caption-attachment-1265\" loading=\"lazy\" class=\"size-large wp-image-1265\" src=\"https:\/\/static-blogs.hoy.es\/wp-content\/uploads\/sites\/119\/2018\/05\/20180528_133540-1024x911.jpg\" alt=\"Pues s\u00ed, el hielo flota...\" width=\"1024\" height=\"911\" srcset=\"https:\/\/static-blogs.hoy.es\/wp-content\/uploads\/sites\/119\/2018\/05\/20180528_133540-1024x911.jpg 1024w, https:\/\/static-blogs.hoy.es\/wp-content\/uploads\/sites\/119\/2018\/05\/20180528_133540-300x267.jpg 300w, https:\/\/static-blogs.hoy.es\/wp-content\/uploads\/sites\/119\/2018\/05\/20180528_133540-768x683.jpg 768w\" sizes=\"(max-width: 1024px) 100vw, 1024px\" \/><\/a><p id=\"caption-attachment-1265\" class=\"wp-caption-text\"><em>Fiordo de Qoo, al fondo el glaciar con el mismo nombre. Es uno de los glaciares m\u00e1s activos del Sur, suele arrojar al mar\u00a0unas doscientas mil toneladas de hielo \u00a1al dia!<\/em><\/p><\/div>\n<p>El tipo de t\u00e9mpano de hielo que se ve en la foto se le llama <a href=\"http:\/\/www.divulgameteo.es\/fotos\/meteoroteca\/Nomenclatura-OMM-hielo-marino.pdf\" rel=\"external nofollow\"><em><strong>&#8216;bergy bit&#8217;<\/strong><\/em><\/a>, para ser un <strong>iceberg<\/strong> debe tener al menos 5 metros de altura desde la superficie del agua, este procede de la pared de hielo glaciar que se puede ver al fondo de la imagen.\u00a0Un glaciar que se separa de tierra introduci\u00e9ndose en el agua del fiordo se le denomina &#8216;calving&#8217;.<\/p>\n<p>&nbsp;<\/p>\n<p><a href=\"http:\/\/www.divulgameteo.es\/fotos\/meteoroteca\/Nomenclatura-OMM-hielo-marino.pdf\" rel=\"external nofollow\"><strong>Tipos de hielos marinos, nomenclatura<\/strong><\/a><\/p>\n<p><em><strong>Banquisa<\/strong><\/em><\/p>\n<p>Un tipo de\u00a0t\u00e9mpano flotante que no procede de los glaciares es el llamado hielo de banquisa, a este tipo de hielo se le suele llamar tambi\u00e9n hielo marino, pero como ya sabemos, el agua salada tiene la capacidad de no congelarse, por lo tanto \u00bfporqu\u00e9 se le llama as\u00ed?\u00a0el motivo\u00a0es\u00a0el siguiente;\u00a0En latitudes \u00e1rticas, a la gran cantidad de agua dulce\u00a0que se disuelve del casquete polar, vierte al mar sin mezclarse con este debido a su pureza y\u00a0diferente densidad, qued\u00e1ndose encima del agua salada como otra capa. Dato curioso este, ya que cerca de los\u00a0glaciares llega a ser tan pura\u00a0que es posible beberla.<\/p>\n<p>Las bajas temperaturas de invierno hace que esta capa de agua dulce se congele, creando enormes superficies de\u00a0a veces algunos metros de espesor de hielo. El hecho que esta capa permanezca sobre el mar le llaman hielo marino.<\/p>\n<p>&nbsp;<\/p>\n<div id=\"attachment_1274\" style=\"width: 1034px\" class=\"wp-caption alignnone\"><a href=\"https:\/\/static-blogs.hoy.es\/wp-content\/uploads\/sites\/119\/2018\/05\/100_7166-2.jpg\"><img aria-describedby=\"caption-attachment-1274\" loading=\"lazy\" class=\"size-large wp-image-1274\" src=\"https:\/\/static-blogs.hoy.es\/wp-content\/uploads\/sites\/119\/2018\/05\/100_7166-2-1024x683.jpg\" alt=\"Hielo 'salado' banquisa, visto desde el helic\u00f3ptero\" width=\"1024\" height=\"683\" srcset=\"https:\/\/static-blogs.hoy.es\/wp-content\/uploads\/sites\/119\/2018\/05\/100_7166-2-1024x683.jpg 1024w, https:\/\/static-blogs.hoy.es\/wp-content\/uploads\/sites\/119\/2018\/05\/100_7166-2-300x200.jpg 300w, https:\/\/static-blogs.hoy.es\/wp-content\/uploads\/sites\/119\/2018\/05\/100_7166-2-768x512.jpg 768w\" sizes=\"(max-width: 1024px) 100vw, 1024px\" \/><\/a><p id=\"caption-attachment-1274\" class=\"wp-caption-text\"><em>Hielo marino o banquisa, visto desde el helic\u00f3ptero. Fiordo de Uunartoq<\/em><\/p><\/div>\n<div id=\"attachment_1289\" style=\"width: 970px\" class=\"wp-caption alignnone\"><a href=\"https:\/\/static-blogs.hoy.es\/wp-content\/uploads\/sites\/119\/2018\/05\/20374645_1495336340488809_4043237954331870968_n.jpg\"><img aria-describedby=\"caption-attachment-1289\" loading=\"lazy\" class=\"size-full wp-image-1289\" src=\"https:\/\/static-blogs.hoy.es\/wp-content\/uploads\/sites\/119\/2018\/05\/20374645_1495336340488809_4043237954331870968_n.jpg\" alt=\"Banquisa y oso polar S\u00f8ndre sermilik\" width=\"960\" height=\"720\" srcset=\"https:\/\/static-blogs.hoy.es\/wp-content\/uploads\/sites\/119\/2018\/05\/20374645_1495336340488809_4043237954331870968_n.jpg 960w, https:\/\/static-blogs.hoy.es\/wp-content\/uploads\/sites\/119\/2018\/05\/20374645_1495336340488809_4043237954331870968_n-300x225.jpg 300w, https:\/\/static-blogs.hoy.es\/wp-content\/uploads\/sites\/119\/2018\/05\/20374645_1495336340488809_4043237954331870968_n-768x576.jpg 768w\" sizes=\"(max-width: 960px) 100vw, 960px\" \/><\/a><p id=\"caption-attachment-1289\" class=\"wp-caption-text\"><em>Banquisa y oso polar,\u00a0la supervivencia de\u00a0muchos animales \u00e1rticos depende de estas &#8216;islas&#8217; de hielo flotante.\u00a0S\u00f8ndre sermilik<\/em><\/p><\/div>\n<p><em>\u00a0<\/em><\/p>\n<div id=\"attachment_1279\" style=\"width: 1034px\" class=\"wp-caption alignnone\"><a href=\"https:\/\/static-blogs.hoy.es\/wp-content\/uploads\/sites\/119\/2018\/05\/100_7212-2.jpg\"><img aria-describedby=\"caption-attachment-1279\" loading=\"lazy\" class=\"size-large wp-image-1279\" src=\"https:\/\/static-blogs.hoy.es\/wp-content\/uploads\/sites\/119\/2018\/05\/100_7212-2-1024x683.jpg\" alt=\"En mitad de la imagen dos enormes icebergs procedentes de los glaciares del fondo. Se puede observar nuestro campamento de tiendas esf\u00e9ricas donde puede albergar hasta 80 personas, comparen con los t\u00e9mpanos. Fiordo de Qaleralliq\" width=\"1024\" height=\"683\" srcset=\"https:\/\/static-blogs.hoy.es\/wp-content\/uploads\/sites\/119\/2018\/05\/100_7212-2-1024x683.jpg 1024w, https:\/\/static-blogs.hoy.es\/wp-content\/uploads\/sites\/119\/2018\/05\/100_7212-2-300x200.jpg 300w, https:\/\/static-blogs.hoy.es\/wp-content\/uploads\/sites\/119\/2018\/05\/100_7212-2-768x512.jpg 768w, https:\/\/static-blogs.hoy.es\/wp-content\/uploads\/sites\/119\/2018\/05\/100_7212-2.jpg 1281w\" sizes=\"(max-width: 1024px) 100vw, 1024px\" \/><\/a><p id=\"caption-attachment-1279\" class=\"wp-caption-text\"><em>En mitad de la imagen dos enormes icebergs calving procedentes de los glaciares del fondo. Se puede observar nuestro campamento de tiendas esf\u00e9ricas donde puede albergar hasta 80 personas, comparen con los t\u00e9mpanos. Fiordo de Qaleralliq<\/em><\/p><\/div>\n<p>&nbsp;<\/p>\n<div id=\"attachment_1276\" style=\"width: 1034px\" class=\"wp-caption alignnone\"><a href=\"https:\/\/static-blogs.hoy.es\/wp-content\/uploads\/sites\/119\/2018\/05\/DSC_0332-2.jpg\"><img aria-describedby=\"caption-attachment-1276\" loading=\"lazy\" class=\"size-large wp-image-1276\" src=\"https:\/\/static-blogs.hoy.es\/wp-content\/uploads\/sites\/119\/2018\/05\/DSC_0332-2-1024x576.jpg\" alt=\"Gran hueco en un iceberg piramidal calving. \u00bfC\u00f3mo se form\u00f3 ese gran hueco?\" width=\"1024\" height=\"576\" srcset=\"https:\/\/static-blogs.hoy.es\/wp-content\/uploads\/sites\/119\/2018\/05\/DSC_0332-2-1024x576.jpg 1024w, https:\/\/static-blogs.hoy.es\/wp-content\/uploads\/sites\/119\/2018\/05\/DSC_0332-2-300x169.jpg 300w, https:\/\/static-blogs.hoy.es\/wp-content\/uploads\/sites\/119\/2018\/05\/DSC_0332-2-768x432.jpg 768w\" sizes=\"(max-width: 1024px) 100vw, 1024px\" \/><\/a><p id=\"caption-attachment-1276\" class=\"wp-caption-text\"><em>Hueco en un iceberg tipo domo. \u00bfC\u00f3mo se form\u00f3 ese\u00a0enorme *hueco? Fiordo de Tunulliarfik<\/em><\/p><\/div>\n<p>*La formaci\u00f3n de estos enormes huecos es debido a la erosi\u00f3n provocada por el viento constante de la zona. Una vez que el viento perfore la capa de hielo, crear\u00e1 un orificio que se ir\u00e1 agrandando paulatinamente hasta alcanzar las dimensiones como en la fotograf\u00eda.<\/p>\n<div id=\"attachment_1281\" style=\"width: 1034px\" class=\"wp-caption alignnone\"><a href=\"https:\/\/static-blogs.hoy.es\/wp-content\/uploads\/sites\/119\/2018\/05\/a.jpg\"><img aria-describedby=\"caption-attachment-1281\" loading=\"lazy\" class=\"size-large wp-image-1281\" src=\"https:\/\/static-blogs.hoy.es\/wp-content\/uploads\/sites\/119\/2018\/05\/a-1024x683.jpg\" alt=\"Sopa de hielo en la ensenada de Tasiusaq. Fiordo de Equalualitsuq\" width=\"1024\" height=\"683\" srcset=\"https:\/\/static-blogs.hoy.es\/wp-content\/uploads\/sites\/119\/2018\/05\/a-1024x683.jpg 1024w, https:\/\/static-blogs.hoy.es\/wp-content\/uploads\/sites\/119\/2018\/05\/a-300x200.jpg 300w, https:\/\/static-blogs.hoy.es\/wp-content\/uploads\/sites\/119\/2018\/05\/a-768x512.jpg 768w, https:\/\/static-blogs.hoy.es\/wp-content\/uploads\/sites\/119\/2018\/05\/a.jpg 1956w\" sizes=\"(max-width: 1024px) 100vw, 1024px\" \/><\/a><p id=\"caption-attachment-1281\" class=\"wp-caption-text\"><em>\u00a0Tempanitos de hielo o &#8216;floeberg, \u00a0junto con escombro de hielo o &#8216;brash ice&#8217;\u00a0tambi\u00e9n llamado &#8216;sopa de hielo&#8217;. Fiordo de Eqalorutsit<\/em><\/p><\/div>\n<p>A los peque\u00f1os pedazos de hielo m\u00e1s peque\u00f1os que los que los <em><strong>bergy bits<\/strong><\/em> se le denominan <strong><em>growlers, <\/em><\/strong>tienen una dimensi\u00f3n\u00a0de un\u00a0metro de altura desde la superficie, y una extensi\u00f3n de 2 metros cuadrados<strong>. <\/strong>Si los pedazos son m\u00e1s peque\u00f1os, se le denomina a la extensi\u00f3n como sopa de hielo. Todos ellos tienen capacidad de flotar y ser visibles.<\/p>\n<p>&nbsp;<\/p>\n<div id=\"attachment_1278\" style=\"width: 1034px\" class=\"wp-caption alignnone\"><a href=\"https:\/\/static-blogs.hoy.es\/wp-content\/uploads\/sites\/119\/2018\/05\/IMG_0579-2.jpg\"><img aria-describedby=\"caption-attachment-1278\" loading=\"lazy\" class=\"size-large wp-image-1278\" src=\"https:\/\/static-blogs.hoy.es\/wp-content\/uploads\/sites\/119\/2018\/05\/IMG_0579-2-1024x768.jpg\" alt=\"Ice soup o sopa de hielo\" width=\"1024\" height=\"768\" srcset=\"https:\/\/static-blogs.hoy.es\/wp-content\/uploads\/sites\/119\/2018\/05\/IMG_0579-2-1024x768.jpg 1024w, https:\/\/static-blogs.hoy.es\/wp-content\/uploads\/sites\/119\/2018\/05\/IMG_0579-2-300x225.jpg 300w, https:\/\/static-blogs.hoy.es\/wp-content\/uploads\/sites\/119\/2018\/05\/IMG_0579-2-768x576.jpg 768w, https:\/\/static-blogs.hoy.es\/wp-content\/uploads\/sites\/119\/2018\/05\/IMG_0579-2.jpg 1318w\" sizes=\"(max-width: 1024px) 100vw, 1024px\" \/><\/a><p id=\"caption-attachment-1278\" class=\"wp-caption-text\"><em>Hielo de bandeja o &#8216;floe bit&#8217;. Cintur\u00f3n del fiordo de Qoo<\/em><\/p><\/div>\n<p>&nbsp;<\/p>\n<div id=\"attachment_1291\" style=\"width: 1034px\" class=\"wp-caption alignnone\"><a href=\"https:\/\/static-blogs.hoy.es\/wp-content\/uploads\/sites\/119\/2018\/05\/SAM_0786-2.jpg\"><img aria-describedby=\"caption-attachment-1291\" loading=\"lazy\" class=\"size-large wp-image-1291\" src=\"https:\/\/static-blogs.hoy.es\/wp-content\/uploads\/sites\/119\/2018\/05\/SAM_0786-2-1024x768.jpg\" alt=\"Iceberg tipo 'pin\u00e1culo' de 40 metros de altura. Alluitsup Paa\" width=\"1024\" height=\"768\" srcset=\"https:\/\/static-blogs.hoy.es\/wp-content\/uploads\/sites\/119\/2018\/05\/SAM_0786-2-1024x768.jpg 1024w, https:\/\/static-blogs.hoy.es\/wp-content\/uploads\/sites\/119\/2018\/05\/SAM_0786-2-300x225.jpg 300w, https:\/\/static-blogs.hoy.es\/wp-content\/uploads\/sites\/119\/2018\/05\/SAM_0786-2-768x576.jpg 768w\" sizes=\"(max-width: 1024px) 100vw, 1024px\" \/><\/a><p id=\"caption-attachment-1291\" class=\"wp-caption-text\"><em>Iceberg tipo &#8216;pin\u00e1culo&#8217; de 40 metros de altura. Poblado de Alluitsup Paa<\/em><\/p><\/div>\n<p>&nbsp;<\/p>\n<div id=\"attachment_1292\" style=\"width: 1034px\" class=\"wp-caption alignnone\"><a href=\"https:\/\/static-blogs.hoy.es\/wp-content\/uploads\/sites\/119\/2018\/05\/IMG_7791-2.jpg\"><img aria-describedby=\"caption-attachment-1292\" loading=\"lazy\" class=\"size-large wp-image-1292\" src=\"https:\/\/static-blogs.hoy.es\/wp-content\/uploads\/sites\/119\/2018\/05\/IMG_7791-2-1024x768.jpg\" alt=\"Iceberg isla de hielo. Fiordo \" width=\"1024\" height=\"768\" srcset=\"https:\/\/static-blogs.hoy.es\/wp-content\/uploads\/sites\/119\/2018\/05\/IMG_7791-2-1024x768.jpg 1024w, https:\/\/static-blogs.hoy.es\/wp-content\/uploads\/sites\/119\/2018\/05\/IMG_7791-2-300x225.jpg 300w, https:\/\/static-blogs.hoy.es\/wp-content\/uploads\/sites\/119\/2018\/05\/IMG_7791-2-768x576.jpg 768w\" sizes=\"(max-width: 1024px) 100vw, 1024px\" \/><\/a><p id=\"caption-attachment-1292\" class=\"wp-caption-text\"><em>Iceberg isla de hielo. Fiordo Igdukasip Tunua<\/em><\/p><\/div>\n<p>Isla de hielo de deriba, t\u00e9mpano plano de gran extensi\u00f3n.<\/p>\n<p>&nbsp;<\/p>\n<div id=\"attachment_1293\" style=\"width: 1034px\" class=\"wp-caption alignnone\"><a href=\"https:\/\/static-blogs.hoy.es\/wp-content\/uploads\/sites\/119\/2018\/05\/d1.jpg\"><img aria-describedby=\"caption-attachment-1293\" loading=\"lazy\" class=\"size-large wp-image-1293\" src=\"https:\/\/static-blogs.hoy.es\/wp-content\/uploads\/sites\/119\/2018\/05\/d1-1024x768.jpg\" alt=\"Color azul del frente glaciar\" width=\"1024\" height=\"768\" srcset=\"https:\/\/static-blogs.hoy.es\/wp-content\/uploads\/sites\/119\/2018\/05\/d1-1024x768.jpg 1024w, https:\/\/static-blogs.hoy.es\/wp-content\/uploads\/sites\/119\/2018\/05\/d1-300x225.jpg 300w, https:\/\/static-blogs.hoy.es\/wp-content\/uploads\/sites\/119\/2018\/05\/d1-768x576.jpg 768w, https:\/\/static-blogs.hoy.es\/wp-content\/uploads\/sites\/119\/2018\/05\/d1.jpg 1766w\" sizes=\"(max-width: 1024px) 100vw, 1024px\" \/><\/a><p id=\"caption-attachment-1293\" class=\"wp-caption-text\"><em>Color\u00a0y tonalidades azules de un frente glaciar calving. Fiordo de Qaleralliq<\/em><\/p><\/div>\n<p>El color azul es debido a la densidad del hielo fuertemente comprimido. Debido a la densidad, la luz refleja el espectro\u00a0de onda corta\u00a0que son las\u00a0tonalidades azules.<\/p>\n<p>Un vez se fractura\u00a0el frente glaciar, descubre hielo muy denso y de miles\u00a0de a\u00f1os de antig\u00fcedad. Con el paso de los d\u00edas el t\u00e9mpano se va &#8216;quemando&#8217; por el sol y la diferencia de temperatura del agua del mar adquiriendo la superficie un color blanco.<\/p>\n<div id=\"attachment_1309\" style=\"width: 1034px\" class=\"wp-caption alignnone\"><a href=\"https:\/\/static-blogs.hoy.es\/wp-content\/uploads\/sites\/119\/2018\/05\/P9170651-2.jpg\"><img aria-describedby=\"caption-attachment-1309\" loading=\"lazy\" class=\"size-large wp-image-1309\" src=\"https:\/\/static-blogs.hoy.es\/wp-content\/uploads\/sites\/119\/2018\/05\/P9170651-2-1024x768.jpg\" alt=\"El peligroso hielo negro\" width=\"1024\" height=\"768\" srcset=\"https:\/\/static-blogs.hoy.es\/wp-content\/uploads\/sites\/119\/2018\/05\/P9170651-2-1024x768.jpg 1024w, https:\/\/static-blogs.hoy.es\/wp-content\/uploads\/sites\/119\/2018\/05\/P9170651-2-300x225.jpg 300w, https:\/\/static-blogs.hoy.es\/wp-content\/uploads\/sites\/119\/2018\/05\/P9170651-2-768x576.jpg 768w, https:\/\/static-blogs.hoy.es\/wp-content\/uploads\/sites\/119\/2018\/05\/P9170651-2.jpg 1844w\" sizes=\"(max-width: 1024px) 100vw, 1024px\" \/><\/a><p id=\"caption-attachment-1309\" class=\"wp-caption-text\"><em>El peligroso hielo negro<\/em><\/p><\/div>\n<p><em>Hielo negro<\/em> o <em>&#8216;<strong>black ice<\/strong>&#8216;\u00a0<\/em>hielo\u00a0con\u00a0alta densidad y falta de oxigeno, apenas puede flotar,\u00a0es normalmente\u00a0transparente. Quiz\u00e1s sean de los m\u00e1s peligrosos para las embarcaciones al estar\u00a0semihundidos unos cent\u00edmetros de la superficie quedando &#8216;camuflados&#8217;\u00a0al adquirir el color que les rodea.<\/p>\n<p>&nbsp;<\/p>\n<p><a href=\"https:\/\/static-blogs.hoy.es\/wp-content\/uploads\/sites\/119\/2018\/05\/IMG_2811-2.jpg\"><img loading=\"lazy\" class=\"size-large wp-image-1294\" src=\"https:\/\/static-blogs.hoy.es\/wp-content\/uploads\/sites\/119\/2018\/05\/IMG_2811-2-1024x768.jpg\" alt=\"Profunda grieta de azul profundo\" width=\"1024\" height=\"768\" srcset=\"https:\/\/static-blogs.hoy.es\/wp-content\/uploads\/sites\/119\/2018\/05\/IMG_2811-2-1024x768.jpg 1024w, https:\/\/static-blogs.hoy.es\/wp-content\/uploads\/sites\/119\/2018\/05\/IMG_2811-2-300x225.jpg 300w, https:\/\/static-blogs.hoy.es\/wp-content\/uploads\/sites\/119\/2018\/05\/IMG_2811-2-768x576.jpg 768w, https:\/\/static-blogs.hoy.es\/wp-content\/uploads\/sites\/119\/2018\/05\/IMG_2811-2.jpg 1844w\" sizes=\"(max-width: 1024px) 100vw, 1024px\" \/><\/a><\/p>\n<p class=\"wp-caption-dd\"><em>Cuanto m\u00e1s profundo m\u00e1s denso y duro. Puede llegar a cercenar el casco de acero\u00a0de un buque.\u00a0<\/em><\/p>\n<p>&nbsp;<\/p>\n<p><iframe loading=\"lazy\" src=\"\/\/players.brightcove.net\/85688295001\/default_default\/index.html?videoId=5789684228001\" width=\"900\" height=\"600\" allowfullscreen=\"allowfullscreen\"><\/iframe><\/p>\n<p><iframe loading=\"lazy\" src=\"\/\/players.brightcove.net\/85688295001\/default_default\/index.html?videoId=5789684813001\" width=\"900\" height=\"600\" allowfullscreen=\"allowfullscreen\"><\/iframe><\/p>\n<p>&nbsp;<\/p>\n<p style=\"text-align: center;\"><em><strong>Para ver m\u00e1s de mis aventuras, pulsa en los links<\/strong><\/em><\/p>\n<p style=\"text-align: center;\"><strong><a href=\"https:\/\/www.facebook.com\/JoseTrejo404\/\" rel=\"external nofollow\">Facebook<\/a><\/strong><\/p>\n<p style=\"text-align: center;\"><em><strong>Para ver m\u00e1s fotos de mis viajes, puedes seguirme en este link<\/strong><\/em><\/p>\n<p style=\"text-align: center;\"><a href=\"https:\/\/www.instagram.com\/josetrejo404\/?hl=es\" rel=\"external nofollow\"><strong>Instagram<\/strong><\/a><\/p>\n<p style=\"text-align: center;\"><a href=\"https:\/\/www.google.es\/search?q=%23UnExtreme%C3%B1oEnEl%C3%81rtico&amp;tbm=isch&amp;tbo=u&amp;source=univ&amp;sa=X&amp;ved=0ahUKEwjk4__i8fzYAhUBWxQKHd2fCmUQsAQILQ&amp;biw=1366&amp;bih=637\" rel=\"external nofollow\">#UnExtreme\u00f1oEnEl\u00c1rtico<\/a><\/p>\n<p>&nbsp;<\/p>\n","protected":false},"excerpt":{"rendered":"<p>Iceberg o t\u00e9mpano de hielo Ver un iceberg o t\u00e9mpano de hielo es un sue\u00f1o hecho realidad, tambi\u00e9n es indicador de\u00a0fr\u00edo extremo\u00a0en una tierra inh\u00f3spita y poco conocida. En esta nueva entrega del blog os mostrar\u00e9 algunos de los t\u00e9mpanos de hielo que he tenido la suerte de haber visto en vivo. Como s\u00e9 de [&hellip;]<\/p>\n","protected":false},"author":142,"featured_media":1265,"comment_status":"open","ping_status":"closed","sticky":false,"template":"","format":"standard","meta":[],"categories":[1],"tags":[21,362,558,550,82,551,549,544,397,547,107,557,548,553,110,176,545,554,546,556,552,514,555],"_links":{"self":[{"href":"https:\/\/blogs.hoy.es\/un-extremeno-en-el-artico\/wp-json\/wp\/v2\/posts\/1263"}],"collection":[{"href":"https:\/\/blogs.hoy.es\/un-extremeno-en-el-artico\/wp-json\/wp\/v2\/posts"}],"about":[{"href":"https:\/\/blogs.hoy.es\/un-extremeno-en-el-artico\/wp-json\/wp\/v2\/types\/post"}],"author":[{"embeddable":true,"href":"https:\/\/blogs.hoy.es\/un-extremeno-en-el-artico\/wp-json\/wp\/v2\/users\/142"}],"replies":[{"embeddable":true,"href":"https:\/\/blogs.hoy.es\/un-extremeno-en-el-artico\/wp-json\/wp\/v2\/comments?post=1263"}],"version-history":[{"count":33,"href":"https:\/\/blogs.hoy.es\/un-extremeno-en-el-artico\/wp-json\/wp\/v2\/posts\/1263\/revisions"}],"predecessor-version":[{"id":1310,"href":"https:\/\/blogs.hoy.es\/un-extremeno-en-el-artico\/wp-json\/wp\/v2\/posts\/1263\/revisions\/1310"}],"wp:featuredmedia":[{"embeddable":true,"href":"https:\/\/blogs.hoy.es\/un-extremeno-en-el-artico\/wp-json\/wp\/v2\/media\/1265"}],"wp:attachment":[{"href":"https:\/\/blogs.hoy.es\/un-extremeno-en-el-artico\/wp-json\/wp\/v2\/media?parent=1263"}],"wp:term":[{"taxonomy":"category","embeddable":true,"href":"https:\/\/blogs.hoy.es\/un-extremeno-en-el-artico\/wp-json\/wp\/v2\/categories?post=1263"},{"taxonomy":"post_tag","embeddable":true,"href":"https:\/\/blogs.hoy.es\/un-extremeno-en-el-artico\/wp-json\/wp\/v2\/tags?post=1263"}],"curies":[{"name":"wp","href":"https:\/\/api.w.org\/{rel}","templated":true}]}}