{"id":1315,"date":"2018-07-09T10:06:13","date_gmt":"2018-07-09T08:06:13","guid":{"rendered":"http:\/\/blogs.hoy.es\/un-extremeno-en-el-artico\/?p=1315"},"modified":"2018-07-09T10:56:29","modified_gmt":"2018-07-09T08:56:29","slug":"como-preparar-una-maleta-para-turismo-activo","status":"publish","type":"post","link":"https:\/\/blogs.hoy.es\/un-extremeno-en-el-artico\/2018\/07\/09\/como-preparar-una-maleta-para-turismo-activo\/","title":{"rendered":"C\u00f3mo preparar una maleta para turismo activo"},"content":{"rendered":"<div id=\"attachment_1317\" style=\"width: 1034px\" class=\"wp-caption alignnone\"><a href=\"https:\/\/static-blogs.hoy.es\/wp-content\/uploads\/sites\/119\/2018\/07\/P7080001.jpg\"><img aria-describedby=\"caption-attachment-1317\" loading=\"lazy\" class=\"size-large wp-image-1317\" src=\"https:\/\/static-blogs.hoy.es\/wp-content\/uploads\/sites\/119\/2018\/07\/P7080001-1024x994.jpg\" alt=\"Ropa para 70 d\u00edas\" width=\"1024\" height=\"994\" srcset=\"https:\/\/static-blogs.hoy.es\/wp-content\/uploads\/sites\/119\/2018\/07\/P7080001-1024x994.jpg 1024w, https:\/\/static-blogs.hoy.es\/wp-content\/uploads\/sites\/119\/2018\/07\/P7080001-300x291.jpg 300w, https:\/\/static-blogs.hoy.es\/wp-content\/uploads\/sites\/119\/2018\/07\/P7080001-768x746.jpg 768w\" sizes=\"(max-width: 1024px) 100vw, 1024px\" \/><\/a><p id=\"caption-attachment-1317\" class=\"wp-caption-text\"><em>Ropa para 70 d\u00edas<\/em><\/p><\/div>\n<p>Ahora que\u00a0vuelvo a comenzar con la misma rutina de hacer mi maleta, se me ocurre mostrarosla para todo aquel que vaya a hacer un viaje &#8220;movidito&#8221; a tierras frescas huyendo del calor.<\/p>\n<p><strong>Comenzamos<\/strong><\/p>\n<p>Ya sabemos a que lugar vamos a ir, por supuesto. Primera cosa que siempre debemos hacer, ver el clima que suele hacer en la fecha a la que vamos a ir, y si hay oportunidad preguntar a las gentes del lugar, os va ayudar much\u00edsimo, yo suelo hacerlo.<\/p>\n<p>Primero, hacer una lista de ropa, complementos y cachivaches tecnol\u00f3gicos varios, para que nunca se nos olvide nada en la maleta, lo bueno de hacerla, es que se podr\u00e1 ir mejorando seg\u00fan hagamos m\u00e1s viajes.<\/p>\n<p>Otra cosa importante, no caer en la necesidad de &#8220;por si acaso meto algo m\u00e1s &#8220;\u00a1error! hay que ser pr\u00e1ctico, minimalista y tener buen juicio o si no, al final cargareis un ba\u00fal como el de la Piqu\u00e9&#8230;por tooodos los aeropuertos al que os pas\u00e9is, y otra cosa, no esper\u00e9is que al ir tan cargados, alguien se digne a ayudaros, otro error&#8230;<\/p>\n<p>Mi lista de ropa y cosas varias\u00a0fue al principio grande, y al paso de los a\u00f1os cada vez m\u00e1s peque\u00f1a. Cuando teng\u00e1is que ir correteando cansados por los pasillos de alg\u00fan aeropuerto ya sabr\u00e9is lo que significa.<\/p>\n<p>Al final cuando regresamos a casa la sensaci\u00f3n es la misma\u00a0<strong> <em>-no he necesitado tantas cosas de las que he cargado.<\/em><\/strong><\/p>\n<p><strong>Calidad y Capas<\/strong><\/p>\n<p>\u00a1La calidad no est\u00e1 re\u00f1ida con el precio! \u00a1ojo!<\/p>\n<p>Recuerdo una an\u00e9cdota de Ram\u00f3n en la \u00faltima expedici\u00f3n al Polo Sur \u00a1sus guantes fueron la bomba! baratos y de fabricaci\u00f3n china en contra de los &#8220;superguantes&#8221; que llevaban sus compa\u00f1eros, al final, se los rifaban cuando \u00e9l no estaba de guardia.<\/p>\n<p>Capas \u00a1s\u00ed capas! nada de comprar ropa todo en uno, me explico, la t\u00edpica chaqueta que alg\u00fan avezado vendedor poco acertado te vende sin la debida experiencia de uso, solo te la vende porque te la tiene que vender&#8230;no hay otra raz\u00f3n.<\/p>\n<p>Empiezo con mi lista que me voy por las ramas&#8230;<\/p>\n<p><a href=\"https:\/\/static-blogs.hoy.es\/wp-content\/uploads\/sites\/119\/2018\/07\/P7080001.jpg\"><img loading=\"lazy\" class=\"size-large wp-image-1317\" src=\"https:\/\/static-blogs.hoy.es\/wp-content\/uploads\/sites\/119\/2018\/07\/P7080001-1024x994.jpg\" alt=\"Ropa para 70 d\u00edas\" width=\"1024\" height=\"994\" srcset=\"https:\/\/static-blogs.hoy.es\/wp-content\/uploads\/sites\/119\/2018\/07\/P7080001-1024x994.jpg 1024w, https:\/\/static-blogs.hoy.es\/wp-content\/uploads\/sites\/119\/2018\/07\/P7080001-300x291.jpg 300w, https:\/\/static-blogs.hoy.es\/wp-content\/uploads\/sites\/119\/2018\/07\/P7080001-768x746.jpg 768w\" sizes=\"(max-width: 1024px) 100vw, 1024px\" \/><\/a><\/p>\n<p>Hemos optado por tierras fr\u00edas \u00bfno?<\/p>\n<p>Comienzo de dentro a fuera y os digo incluso las cantidades que voy a llevar para el Sur de Groenlandia, para 70 d\u00edas al final de esta entrada.<\/p>\n<p><strong>Ropa interior<\/strong> : Cuatro piezas,\u00a0m\u00e1s la puesta que llevar\u00e9 durante el viaje.<\/p>\n<p><strong>Camisetas de manga corta<\/strong>: tres unidades, m\u00e1s la puesta que llevar\u00e9 en el viaje. Dos camisetas algod\u00f3n de Quechua y dos transpirables de atletismo de la marca <a href=\"http:\/\/www.trangoworld.com\/es\/producto\/coleccion-verano-2018\/ropa-montana\/hombre\/camiseta\/PC007584\/935\/4236\" rel=\"external nofollow\">Trangoworld<\/a>.<\/p>\n<p>Calcetines: los que llevo ser\u00e1n finos de atletismo marca Kalenji modelo &#8220;Strap&#8221; , m\u00e1s un par de medias de seda de la marca Lurbel, tres pares de calcetines medianos de Lurbel y un par m\u00e1s gruesos de Lorpen. Lo ideal que tengan poco uso o que sean nuevos. \u00bfmedias de seda? \u00a1s\u00ed! \u00bfquien es el experto a ver? jejeje, bromas a parte, os recuerdo eso de llevar capas, pues tambi\u00e9n en los pies. Mejor calcetines medianos y finos, para no llevar los pies comprimidos en el calzado, o se os helar\u00e1n m\u00e1s pronto.<\/p>\n<p>Guantes: un par de porlatec finos de la marca <a href=\"https:\/\/eu.blackdiamondequipment.com\/en\/mens-gloves\" rel=\"external nofollow\">Black Diamond<\/a>, otros impermeables con fibra polar en el interior para navegar \u00bfpara navegar? s\u00ed, para navegar, yo navego, como os dije antes, seg\u00fan lo que vayamos a hacer, as\u00ed llevaremos. Otro par de guantes, tambi\u00e9n impermeables de Goretex y relleno t\u00e9rmico fino de la marca Technic modelo &#8220;Extrem&#8221;. Yo ya he probado que puedo llevar los finos y los de Gore\u00a0juntos, en caso de fr\u00edo. Os recuerdo lo de las capas, capas, capas. Nada del guante definitivo que vale para todo&#8230;<\/p>\n<div id=\"attachment_1320\" style=\"width: 778px\" class=\"wp-caption alignnone\"><a href=\"https:\/\/static-blogs.hoy.es\/wp-content\/uploads\/sites\/119\/2018\/07\/P7080001-1.jpg\"><img aria-describedby=\"caption-attachment-1320\" loading=\"lazy\" class=\"size-large wp-image-1320\" src=\"https:\/\/static-blogs.hoy.es\/wp-content\/uploads\/sites\/119\/2018\/07\/P7080001-1-768x1024.jpg\" alt=\"Guantes finos y gruesos, adem\u00e1s de los guantes n\u00e1uticos de goma, especiales para ambientes marinos.\" width=\"768\" height=\"1024\" srcset=\"https:\/\/static-blogs.hoy.es\/wp-content\/uploads\/sites\/119\/2018\/07\/P7080001-1-768x1024.jpg 768w, https:\/\/static-blogs.hoy.es\/wp-content\/uploads\/sites\/119\/2018\/07\/P7080001-1-225x300.jpg 225w, https:\/\/static-blogs.hoy.es\/wp-content\/uploads\/sites\/119\/2018\/07\/P7080001-1.jpg 1853w\" sizes=\"(max-width: 768px) 100vw, 768px\" \/><\/a><p id=\"caption-attachment-1320\" class=\"wp-caption-text\"><em>Guantes finos y gruesos, adem\u00e1s de los guantes n\u00e1uticos de goma, especiales para ambientes marinos.<\/em><\/p><\/div>\n<div id=\"attachment_1323\" style=\"width: 764px\" class=\"wp-caption alignnone\"><a href=\"https:\/\/static-blogs.hoy.es\/wp-content\/uploads\/sites\/119\/2018\/07\/c.jpg\"><img aria-describedby=\"caption-attachment-1323\" loading=\"lazy\" class=\"size-large wp-image-1323\" src=\"https:\/\/static-blogs.hoy.es\/wp-content\/uploads\/sites\/119\/2018\/07\/c-754x1024.jpg\" alt=\"Plegado de la chaqueta de Goretex.\" width=\"754\" height=\"1024\" srcset=\"https:\/\/static-blogs.hoy.es\/wp-content\/uploads\/sites\/119\/2018\/07\/c-754x1024.jpg 754w, https:\/\/static-blogs.hoy.es\/wp-content\/uploads\/sites\/119\/2018\/07\/c-221x300.jpg 221w, https:\/\/static-blogs.hoy.es\/wp-content\/uploads\/sites\/119\/2018\/07\/c-768x1043.jpg 768w, https:\/\/static-blogs.hoy.es\/wp-content\/uploads\/sites\/119\/2018\/07\/c.jpg 917w\" sizes=\"(max-width: 754px) 100vw, 754px\" \/><\/a><p id=\"caption-attachment-1323\" class=\"wp-caption-text\"><em>Plegado de la chaqueta de Goretex.<\/em><\/p><\/div>\n<div id=\"attachment_1324\" style=\"width: 1034px\" class=\"wp-caption alignnone\"><a href=\"https:\/\/static-blogs.hoy.es\/wp-content\/uploads\/sites\/119\/2018\/07\/P7080001-2.jpg\"><img aria-describedby=\"caption-attachment-1324\" loading=\"lazy\" class=\"size-large wp-image-1324\" src=\"https:\/\/static-blogs.hoy.es\/wp-content\/uploads\/sites\/119\/2018\/07\/P7080001-2-1024x768.jpg\" alt=\"As\u00ed queda, toda la chaqueta queda guardada en el gorro.\" width=\"1024\" height=\"768\" srcset=\"https:\/\/static-blogs.hoy.es\/wp-content\/uploads\/sites\/119\/2018\/07\/P7080001-2-1024x768.jpg 1024w, https:\/\/static-blogs.hoy.es\/wp-content\/uploads\/sites\/119\/2018\/07\/P7080001-2-300x225.jpg 300w, https:\/\/static-blogs.hoy.es\/wp-content\/uploads\/sites\/119\/2018\/07\/P7080001-2-768x576.jpg 768w, https:\/\/static-blogs.hoy.es\/wp-content\/uploads\/sites\/119\/2018\/07\/P7080001-2.jpg 1659w\" sizes=\"(max-width: 1024px) 100vw, 1024px\" \/><\/a><p id=\"caption-attachment-1324\" class=\"wp-caption-text\"><em>As\u00ed queda, toda la chaqueta guardada en el gorro.<\/em><\/p><\/div>\n<p><strong>Calzado<\/strong><\/p>\n<p>He optado seg\u00fan mi experiencia en Groenlandia de zapatillas y botas impermeables con membrana de Goretex, el ambiente puede ser muy h\u00famedo en las regiones \u00e1rticas en verano, con mucha niebla que deja el suelo y la vegetaci\u00f3n muy h\u00fameda, adem\u00e1s de las zonas de turba, que suele ser ya de paso una especie de tapete saturado de agua estancada y barro muy fino y pegajoso. Aunque lo preferible si vas a andar mucho por estas zonas de turba una buenas y baratas botas de goma, vamos las de toda la vida, las famosas &#8220;catiuscas&#8221;.<\/p>\n<p>Las zapatillas: con suela de trekking y Goretex marca <a href=\"https:\/\/www.salomon.com\/sp\/men\/trail-running-shoes\" rel=\"external nofollow\">Salomon<\/a>. Y las botas, como suelo andar por hielo, siempre llevo unas de suela semir\u00edgida de la marca Asolo. Si no vais a andar por lugares muy pedregosos y escarpados o por hielo como glaciares, abtenerse de llevar algo de suela semir\u00edgida o les dar\u00e9is un paliz\u00f3n a los pies.<\/p>\n<p>A la hora del descanso o para estar por casa siempre llevo unas chanclas tipo <a href=\"https:\/\/www.crocs.com\/\" rel=\"external nofollow\">crocs<\/a>, muy ligeras y c\u00f3modas.<\/p>\n<p>&nbsp;<\/p>\n<p><strong>Ropa t\u00e9rmica<\/strong>: un juego, mallas y parte superior. Bien ajustado al cuerpo, Porlartec o lana merino para invierno y t\u00e9rmico sint\u00e9tico para entre tiempo como es mi caso este verano. Hay que evitar que se nos quede la humedad en medio de las capas.<\/p>\n<p><strong>Parte superior<\/strong>: Llevo dos prendas de relleno polar 200 o tambi\u00e9n llamado capa intermedia. Una estupenda combinaci\u00f3n que descubr\u00ed hace unos a\u00f1os, es el polar 200 y un chaleco, para este viaje llevar dos, uno con relleno de plumas de 800 cuin, para los d\u00edas que nos toque navegar muchas horas o para los d\u00edas de septiembre, que suelen ser ya fr\u00edos, y otro chaleco de polar, muy pr\u00e1ctico para llevar cosas m\u00e1s a mano, adem\u00e1s de tener m\u00e1s movilidad que una chaqueta sin perder confort.<\/p>\n<p><strong>Pantalones<\/strong><\/p>\n<p>Me gusta llevar pantalones de relleno t\u00e9rmico, llevar\u00e9 dos de la marca Trangowolrd, de cordura el\u00e1stica. Otra caracter\u00edstica que me gusta es que sean cortavientos, as\u00ed nos defenderemos del viento fr\u00edo del noroeste llamado en groenland\u00e9s <em><strong>avannaq<\/strong>\u00a0<\/em>\u00a0muy com\u00fan sobre todo en agosto y septiembre.<\/p>\n<p>\u00a1Como no! un equipo completo de Goretex, chaqueta y pantal\u00f3n. Mi opci\u00f3n es tejido robusto, nada de materiales superligeros, se deterioran muy pronto o de repente y ya sabemos que suele pasar despu\u00e9s&#8230;no se puede reparar ni conseguir algo parecido por aquellos lares&#8230;<\/p>\n<p>Mi chaqueta de Goretex es una antigua Ternua, con refuerzos en las zonas de m\u00e1s abrasi\u00f3n. No tiene relleno t\u00e9rmico solo membrana y punto, recordar capas, nada de panaceas todo en uno.<\/p>\n<p><strong>Chaquetas para vivac\u00a0<\/strong><\/p>\n<p>El lugar donde voy lo conozco desde hace a\u00f1os, por ello se lo que me hace falta, sobre todo las noches de agosto cerca de mar abierto, nieblas y sensaci\u00f3n t\u00e9rmica baja por las &#8220;brisas&#8221; de la tarde.<\/p>\n<p>Como todos los a\u00f1os llevo dos chaquetas, una de plumas y otra de fibra hueca. Cuando estoy cerca de la costa o para los d\u00edas h\u00famedos fibra hueca y para los d\u00edas en tierra y con anticicl\u00f3n dentro del fiordo, la calentita pluma de 800 cuin.<\/p>\n<div id=\"attachment_1329\" style=\"width: 1034px\" class=\"wp-caption alignnone\"><a href=\"https:\/\/static-blogs.hoy.es\/wp-content\/uploads\/sites\/119\/2018\/07\/13.jpg\"><img aria-describedby=\"caption-attachment-1329\" loading=\"lazy\" class=\"size-large wp-image-1329\" src=\"https:\/\/static-blogs.hoy.es\/wp-content\/uploads\/sites\/119\/2018\/07\/13-1024x768.jpg\" alt=\"Chaquetas ligeras, una de fibra hueca y otra de plumas. Las dos lleva un bolsillo &quot;especial&quot; para recogerlas como si fuera un paquete.\" width=\"1024\" height=\"768\" srcset=\"https:\/\/static-blogs.hoy.es\/wp-content\/uploads\/sites\/119\/2018\/07\/13-1024x768.jpg 1024w, https:\/\/static-blogs.hoy.es\/wp-content\/uploads\/sites\/119\/2018\/07\/13-300x225.jpg 300w, https:\/\/static-blogs.hoy.es\/wp-content\/uploads\/sites\/119\/2018\/07\/13-768x576.jpg 768w, https:\/\/static-blogs.hoy.es\/wp-content\/uploads\/sites\/119\/2018\/07\/13.jpg 1106w\" sizes=\"(max-width: 1024px) 100vw, 1024px\" \/><\/a><p id=\"caption-attachment-1329\" class=\"wp-caption-text\"><em>Chaquetas ligeras, una de fibra hueca y otra de plumas. Las dos lleva un bolsillo &#8220;especial&#8221; para recogerlas como si fuera un paquete.<\/em><\/p><\/div>\n<div id=\"attachment_1327\" style=\"width: 1034px\" class=\"wp-caption alignnone\"><a href=\"https:\/\/static-blogs.hoy.es\/wp-content\/uploads\/sites\/119\/2018\/07\/as.jpg\"><img aria-describedby=\"caption-attachment-1327\" loading=\"lazy\" class=\"size-large wp-image-1327\" src=\"https:\/\/static-blogs.hoy.es\/wp-content\/uploads\/sites\/119\/2018\/07\/as-1024x528.jpg\" alt=\"!!Mochilas hechas!!\" width=\"1024\" height=\"528\" srcset=\"https:\/\/static-blogs.hoy.es\/wp-content\/uploads\/sites\/119\/2018\/07\/as-1024x528.jpg 1024w, https:\/\/static-blogs.hoy.es\/wp-content\/uploads\/sites\/119\/2018\/07\/as-300x155.jpg 300w, https:\/\/static-blogs.hoy.es\/wp-content\/uploads\/sites\/119\/2018\/07\/as-768x396.jpg 768w, https:\/\/static-blogs.hoy.es\/wp-content\/uploads\/sites\/119\/2018\/07\/as.jpg 1659w\" sizes=\"(max-width: 1024px) 100vw, 1024px\" \/><\/a><p id=\"caption-attachment-1327\" class=\"wp-caption-text\"><em>Una recomendaci\u00f3n, si os vais a lanzar a un viaje de turismo activo o de aventura, os pedir\u00e1n que cambi\u00e9is\u00a0las c\u00f3modas maletas r\u00edgidas con ruedas por mochilas como veis\u00a0en la foto. La bolsa de la izquierda se abre por arriba todo el contorno, son\u00a0 pr\u00e1cticas ya que abriendo la tapa tienes todo a la vista. La de la foto es el modelo m\u00e1s com\u00fan de 90 litros, opci\u00f3n que pedimos a nuestros viajeros para tener mejor almacenaje del equipaje durante los transportes. La otra bolsa es una mochila de 45 litros con una cremallera lateral para poder acceder al equipaje sin necesidad de abrir la parte superior e ir sacando cosas hasta llegar al fondo.<\/em><\/p><\/div>\n<p><strong>Lista completa<\/strong><\/p>\n<p><em>Cinco piezas de ropa interior<\/em><\/p>\n<p><em>Cuatro camisetas de manga corta, una camisa t\u00e9cnica de manga corta<\/em><\/p>\n<p><em>Tres pares de calcetines medianos, un par de calcetines gruesos, un par de medias de seda, un par de calcetines finos cortos.<\/em><\/p>\n<p><em>Un juego de jersey y mallas como primera piel<\/em><\/p>\n<p><em>Dos chaquetas de cremallera de polar 200<\/em><\/p>\n<p><em>Dos pantalones de cordura y relleno t\u00e9rmico, y un pantal\u00f3n corto.<\/em><\/p>\n<p><em>Una chaqueta t\u00e9cnica de plumas y otra de fibra hueca tambi\u00e9n t\u00e9cnica.<\/em><\/p>\n<p><em>Dos chalecos, uno de plumas y otro de polar 200.<\/em><\/p>\n<p><em>Un juego de chaqueta y pantal\u00f3n de Goretex. Y otra chaqueta extra impermeable.<\/em><\/p>\n<p><em>Dos gorros con relleno t\u00e9rmico, dos bufandas tubulares finas y otras dos bufandas de lana merino.<\/em><\/p>\n<p><em>Una toalla.<\/em><\/p>\n<p><em>Un par de guantes finos, otro par de guantes de Goretex y otro par de guantes n\u00e1uticos.<\/em><\/p>\n<p><em>Un par de botas semir\u00edgidas y unas zapatillas de trekking y unas chanclas crocs.<\/em><\/p>\n<p>&nbsp;<\/p>\n<p>Aqu\u00ed os dejo otras entradas donde he tratado este asunto anteriormente.<\/p>\n<blockquote data-secret=\"OGZa6ZcXF0\" class=\"wp-embedded-content\"><p><a href=\"https:\/\/blogs.hoy.es\/un-extremeno-en-el-artico\/2017\/01\/24\/viaje-a-la-noche-polar\/\">Preparandonos para la noche polar<\/a><\/p><\/blockquote>\n<p><iframe class=\"wp-embedded-content\" sandbox=\"allow-scripts\" security=\"restricted\" style=\"position: absolute; clip: rect(1px, 1px, 1px, 1px);\" src=\"https:\/\/blogs.hoy.es\/un-extremeno-en-el-artico\/2017\/01\/24\/viaje-a-la-noche-polar\/embed\/#?secret=OGZa6ZcXF0\" data-secret=\"OGZa6ZcXF0\" width=\"500\" height=\"282\" title=\"&#8220;Preparandonos para la noche polar&#8221; &#8212; Un extreme\u00f1o en el \u00c1rtico\" frameborder=\"0\" marginwidth=\"0\" marginheight=\"0\" scrolling=\"no\"><\/iframe><\/p>\n<blockquote data-secret=\"dNmKZVKy0t\" class=\"wp-embedded-content\"><p><a href=\"https:\/\/blogs.hoy.es\/un-extremeno-en-el-artico\/2016\/07\/08\/haciendo-las-maletas-de-nuevo\/\">Haciendo las maletas de nuevo<\/a><\/p><\/blockquote>\n<p><iframe class=\"wp-embedded-content\" sandbox=\"allow-scripts\" security=\"restricted\" style=\"position: absolute; clip: rect(1px, 1px, 1px, 1px);\" src=\"https:\/\/blogs.hoy.es\/un-extremeno-en-el-artico\/2016\/07\/08\/haciendo-las-maletas-de-nuevo\/embed\/#?secret=dNmKZVKy0t\" data-secret=\"dNmKZVKy0t\" width=\"500\" height=\"282\" title=\"&#8220;Haciendo las maletas de nuevo&#8221; &#8212; Un extreme\u00f1o en el \u00c1rtico\" frameborder=\"0\" marginwidth=\"0\" marginheight=\"0\" scrolling=\"no\"><\/iframe><\/p>\n<p>&nbsp;<\/p>\n<p>Bueno \u00a1\u00a1ya lo tenemos todo!! espero que os sirva de gu\u00eda.<\/p>\n<p>Os deseo un feliz verano a todos.<\/p>\n<p>&nbsp;<\/p>\n<p style=\"text-align: center;\"><em><strong>Para ver m\u00e1s de mis aventuras, pulsa en los links<\/strong><\/em><\/p>\n<p style=\"text-align: center;\"><strong><a href=\"https:\/\/www.facebook.com\/JoseTrejo404\/\" rel=\"external nofollow\">Facebook<\/a><\/strong><\/p>\n<p style=\"text-align: center;\"><em><strong>Para ver m\u00e1s fotos de mis viajes, puedes seguirme en este link<\/strong><\/em><\/p>\n<p style=\"text-align: center;\"><a href=\"https:\/\/www.instagram.com\/josetrejo404\/?hl=es\" rel=\"external nofollow\"><strong>Instagram<\/strong><\/a><\/p>\n<p style=\"text-align: center;\"><a href=\"https:\/\/www.google.es\/search?q=%23UnExtreme%C3%B1oEnEl%C3%81rtico&amp;tbm=isch&amp;tbo=u&amp;source=univ&amp;sa=X&amp;ved=0ahUKEwjk4__i8fzYAhUBWxQKHd2fCmUQsAQILQ&amp;biw=1366&amp;bih=637\" rel=\"external nofollow\">#UnExtreme\u00f1oEnEl\u00c1rtico<\/a><\/p>\n<p>&nbsp;<\/p>\n<p>&nbsp;<\/p>\n","protected":false},"excerpt":{"rendered":"<p>Ahora que\u00a0vuelvo a comenzar con la misma rutina de hacer mi maleta, se me ocurre mostrarosla para todo aquel que vaya a hacer un viaje &#8220;movidito&#8221; a tierras frescas huyendo del calor. Comenzamos Ya sabemos a que lugar vamos a ir, por supuesto. Primera cosa que siempre debemos hacer, ver el clima que suele hacer [&hellip;]<\/p>\n","protected":false},"author":142,"featured_media":1317,"comment_status":"open","ping_status":"closed","sticky":false,"template":"","format":"standard","meta":[],"categories":[1],"tags":[563,101,120,559,560,562,561],"_links":{"self":[{"href":"https:\/\/blogs.hoy.es\/un-extremeno-en-el-artico\/wp-json\/wp\/v2\/posts\/1315"}],"collection":[{"href":"https:\/\/blogs.hoy.es\/un-extremeno-en-el-artico\/wp-json\/wp\/v2\/posts"}],"about":[{"href":"https:\/\/blogs.hoy.es\/un-extremeno-en-el-artico\/wp-json\/wp\/v2\/types\/post"}],"author":[{"embeddable":true,"href":"https:\/\/blogs.hoy.es\/un-extremeno-en-el-artico\/wp-json\/wp\/v2\/users\/142"}],"replies":[{"embeddable":true,"href":"https:\/\/blogs.hoy.es\/un-extremeno-en-el-artico\/wp-json\/wp\/v2\/comments?post=1315"}],"version-history":[{"count":19,"href":"https:\/\/blogs.hoy.es\/un-extremeno-en-el-artico\/wp-json\/wp\/v2\/posts\/1315\/revisions"}],"predecessor-version":[{"id":1344,"href":"https:\/\/blogs.hoy.es\/un-extremeno-en-el-artico\/wp-json\/wp\/v2\/posts\/1315\/revisions\/1344"}],"wp:featuredmedia":[{"embeddable":true,"href":"https:\/\/blogs.hoy.es\/un-extremeno-en-el-artico\/wp-json\/wp\/v2\/media\/1317"}],"wp:attachment":[{"href":"https:\/\/blogs.hoy.es\/un-extremeno-en-el-artico\/wp-json\/wp\/v2\/media?parent=1315"}],"wp:term":[{"taxonomy":"category","embeddable":true,"href":"https:\/\/blogs.hoy.es\/un-extremeno-en-el-artico\/wp-json\/wp\/v2\/categories?post=1315"},{"taxonomy":"post_tag","embeddable":true,"href":"https:\/\/blogs.hoy.es\/un-extremeno-en-el-artico\/wp-json\/wp\/v2\/tags?post=1315"}],"curies":[{"name":"wp","href":"https:\/\/api.w.org\/{rel}","templated":true}]}}