{"id":1345,"date":"2018-07-10T10:59:57","date_gmt":"2018-07-10T08:59:57","guid":{"rendered":"http:\/\/blogs.hoy.es\/un-extremeno-en-el-artico\/?p=1345"},"modified":"2020-06-18T14:39:21","modified_gmt":"2020-06-18T12:39:21","slug":"como-viajar-a-copenhagen-a-mitad-de-camino-de-groenlandia","status":"publish","type":"post","link":"https:\/\/blogs.hoy.es\/un-extremeno-en-el-artico\/2018\/07\/10\/como-viajar-a-copenhagen-a-mitad-de-camino-de-groenlandia\/","title":{"rendered":"Viajando a Copenhagen, a mitad de camino de Groenlandia"},"content":{"rendered":"<p>Existen dos opciones de viaje en verano desde Espa\u00f1a\u00a0 para viajar a la isla blanca, una de ellas es ir hasta Islandia pasando por la capital <a href=\"https:\/\/visitreykjavik.is\/\" rel=\"external nofollow\"><em>Reykjavik<\/em><\/a> a trav\u00e9s del aeropuerto de <a href=\"https:\/\/www.isavia.is\/en\/keflavik-airport\" rel=\"external nofollow\"><em>Keflavik<\/em><\/a>. El echo de hacer escalas, es porque no hay vuelos directos desde Europa. Un peque\u00f1o inconveniente es el aeropuerto internacional de <a href=\"https:\/\/www.isavia.is\/en\/keflavik-airport\" rel=\"external nofollow\"><em>Keflavik<\/em><\/a>, no est\u00e1 en la capital, si no a 47 kil\u00f3metros, el \u00fanico lugar donde hay ofertas para pasar la noche a espera del siguiente vuelo, que ser\u00e1 el de Groenlandia, con la necesidad de tomar un autob\u00fas desde este aeropuerto o en su defecto un <em><a href=\"https:\/\/www.re.is\/flybus\/\" rel=\"external nofollow\">flybus<\/a>.<\/em> No tem\u00e1is hay transportes en todo momento.<\/p>\n<p>La opci\u00f3n que suelo tomar es la otra, ir por <a href=\"https:\/\/www.visitcopenhagen.com\/copenhagen-tourist\" rel=\"external nofollow\">Copenhagen<\/a>, la densidad de pasajeros es grande, debido a que Islandia es unos de los pa\u00edses de moda y las compa\u00f1\u00edas de viaje ya han comprado vuelos para toda la temporada, con el problemilla de encontrase con la sorpresa del overbooking.<\/p>\n<p><strong>Comienzo mi viaje<\/strong><\/p>\n<p>Salida Badajoz-Madrid, quiz\u00e1s el tramo m\u00e1s pesado de todo el viaje, me explico, las combinaciones por autob\u00fas son escasas y con mucha diferencia horaria entre ellas. Mi salida es a las 00:30 del Lunes 9 de Julio y tomar\u00e9 el vuelo el mismo d\u00eda pero a las 15:00. Por lo que estar\u00e9 vagando por la T2 de Barjas 11 horas sin haber pegado ojo toda la noche&#8230;o pagar una noche de hotel en la capital.<\/p>\n<p>El viaje en autob\u00fas ser\u00e1 de 4 horas, que no est\u00e1 del todo mal, en contra de las 6 horas y la incertidumbre del malogrado tren extreme\u00f1o, muy de moda ahora por la cantidad de aver\u00edas e incidencias que registra todas las semanas, por esto, ni loco me planteo este transporte. Quedo estos comentarios como experiencia propia de muchos a\u00f1os viajando para Madrid para tomar aviones, sin contar que la mayor\u00eda de las veces en el regreso, tengo que optar por alquilar un coche, previo pago de cerca de <strong>200 euros<\/strong>, para llegar a tiempo a casa o incluso de &#8220;empalmada&#8221; despu\u00e9s de 4 d\u00edas de arduo viaje de vuelta procedente del lejan\u00edsimo cabo de Farewel en el extremo Sur groenland\u00e9s.<\/p>\n<div id=\"attachment_1353\" style=\"width: 586px\" class=\"wp-caption alignnone\"><a href=\"https:\/\/static-blogs.hoy.es\/wp-content\/uploads\/sites\/119\/2018\/07\/IMG_20170709_204536.jpg\"><img aria-describedby=\"caption-attachment-1353\" loading=\"lazy\" class=\"size-full wp-image-1353\" src=\"https:\/\/static-blogs.hoy.es\/wp-content\/uploads\/sites\/119\/2018\/07\/IMG_20170709_204536.jpg\" alt=\"Me espera mi tradicional carslberg y un t\u00edpico hot dog dan\u00e9s en la calle Nyhanv. \" width=\"576\" height=\"768\" srcset=\"https:\/\/static-blogs.hoy.es\/wp-content\/uploads\/sites\/119\/2018\/07\/IMG_20170709_204536.jpg 576w, https:\/\/static-blogs.hoy.es\/wp-content\/uploads\/sites\/119\/2018\/07\/IMG_20170709_204536-225x300.jpg 225w\" sizes=\"(max-width: 576px) 100vw, 576px\" \/><\/a><p id=\"caption-attachment-1353\" class=\"wp-caption-text\"><em>Me espera la tradicional cerveza carslberg y un t\u00edpico hotdog dan\u00e9s en la calle Nyhanv.<\/em><\/p><\/div>\n<p>&nbsp;<\/p>\n<p>Prosigo mi viaje !hasta pronto!<\/p>\n<p style=\"text-align: center;\"><em><strong>Para ver m\u00e1s de mis aventuras, pulsa en los links<\/strong><\/em><\/p>\n<p style=\"text-align: center;\"><strong><a href=\"https:\/\/www.facebook.com\/JoseTrejo404\/\" rel=\"external nofollow\">Facebook<\/a><\/strong><\/p>\n<p style=\"text-align: center;\"><em><strong>Para ver m\u00e1s fotos de mis viajes, puedes seguirme en este link<\/strong><\/em><\/p>\n<p style=\"text-align: center;\"><a href=\"https:\/\/www.instagram.com\/josetrejo404\/?hl=es\" rel=\"external nofollow\"><strong>Instagram<\/strong><\/a><\/p>\n<p style=\"text-align: center;\"><a href=\"https:\/\/www.google.es\/search?q=%23UnExtreme%C3%B1oEnEl%C3%81rtico&amp;tbm=isch&amp;tbo=u&amp;source=univ&amp;sa=X&amp;ved=0ahUKEwjk4__i8fzYAhUBWxQKHd2fCmUQsAQILQ&amp;biw=1366&amp;bih=637\" rel=\"external nofollow\">#UnExtreme\u00f1oEnEl\u00c1rtico<\/a><\/p>\n","protected":false},"excerpt":{"rendered":"<p>Existen dos opciones de viaje en verano desde Espa\u00f1a\u00a0 para viajar a la isla blanca, una de ellas es ir hasta Islandia pasando por la capital Reykjavik a trav\u00e9s del aeropuerto de Keflavik. El echo de hacer escalas, es porque no hay vuelos directos desde Europa. Un peque\u00f1o inconveniente es el aeropuerto internacional de Keflavik, [&hellip;]<\/p>\n","protected":false},"author":142,"featured_media":1353,"comment_status":"open","ping_status":"closed","sticky":false,"template":"","format":"standard","meta":[],"categories":[1],"tags":[],"_links":{"self":[{"href":"https:\/\/blogs.hoy.es\/un-extremeno-en-el-artico\/wp-json\/wp\/v2\/posts\/1345"}],"collection":[{"href":"https:\/\/blogs.hoy.es\/un-extremeno-en-el-artico\/wp-json\/wp\/v2\/posts"}],"about":[{"href":"https:\/\/blogs.hoy.es\/un-extremeno-en-el-artico\/wp-json\/wp\/v2\/types\/post"}],"author":[{"embeddable":true,"href":"https:\/\/blogs.hoy.es\/un-extremeno-en-el-artico\/wp-json\/wp\/v2\/users\/142"}],"replies":[{"embeddable":true,"href":"https:\/\/blogs.hoy.es\/un-extremeno-en-el-artico\/wp-json\/wp\/v2\/comments?post=1345"}],"version-history":[{"count":11,"href":"https:\/\/blogs.hoy.es\/un-extremeno-en-el-artico\/wp-json\/wp\/v2\/posts\/1345\/revisions"}],"predecessor-version":[{"id":1370,"href":"https:\/\/blogs.hoy.es\/un-extremeno-en-el-artico\/wp-json\/wp\/v2\/posts\/1345\/revisions\/1370"}],"wp:featuredmedia":[{"embeddable":true,"href":"https:\/\/blogs.hoy.es\/un-extremeno-en-el-artico\/wp-json\/wp\/v2\/media\/1353"}],"wp:attachment":[{"href":"https:\/\/blogs.hoy.es\/un-extremeno-en-el-artico\/wp-json\/wp\/v2\/media?parent=1345"}],"wp:term":[{"taxonomy":"category","embeddable":true,"href":"https:\/\/blogs.hoy.es\/un-extremeno-en-el-artico\/wp-json\/wp\/v2\/categories?post=1345"},{"taxonomy":"post_tag","embeddable":true,"href":"https:\/\/blogs.hoy.es\/un-extremeno-en-el-artico\/wp-json\/wp\/v2\/tags?post=1345"}],"curies":[{"name":"wp","href":"https:\/\/api.w.org\/{rel}","templated":true}]}}