{"id":1357,"date":"2018-07-11T14:49:41","date_gmt":"2018-07-11T12:49:41","guid":{"rendered":"http:\/\/blogs.hoy.es\/un-extremeno-en-el-artico\/?p=1357"},"modified":"2018-07-11T15:29:44","modified_gmt":"2018-07-11T13:29:44","slug":"llegada-a-la-isla-blanca","status":"publish","type":"post","link":"https:\/\/blogs.hoy.es\/un-extremeno-en-el-artico\/2018\/07\/11\/llegada-a-la-isla-blanca\/","title":{"rendered":"Llegada a la isla blanca"},"content":{"rendered":"<p>Si vemos un mapamundi, la isla de Groenlandia aparece representada en color blanco. Nada m\u00e1s parecido a la realidad incluso Eric el rojo cuando la descubri\u00f3, la nombr\u00f3 como &#8220;tierra verde&#8221;.<\/p>\n<p>En las laderas que vemos en la primera foto, Eric el rojo se asentar\u00eda en el a\u00f1o 983, formando una de las principales comunidades vikingas fuera de escandinavia.<\/p>\n<p>&nbsp;<\/p>\n<div id=\"attachment_1358\" style=\"width: 1034px\" class=\"wp-caption alignnone\"><a href=\"https:\/\/static-blogs.hoy.es\/wp-content\/uploads\/sites\/119\/2018\/07\/WhatsApp-Image-2018-07-10-at-13.56.54.jpeg\"><img aria-describedby=\"caption-attachment-1358\" loading=\"lazy\" class=\"size-large wp-image-1358\" src=\"https:\/\/static-blogs.hoy.es\/wp-content\/uploads\/sites\/119\/2018\/07\/WhatsApp-Image-2018-07-10-at-13.56.54-1024x768.jpeg\" alt=\"Un mec\u00e1nico de tierra nos da la Bienvenida, llueve y estamos a 9 grados de temperatura.\" width=\"1024\" height=\"768\" srcset=\"https:\/\/static-blogs.hoy.es\/wp-content\/uploads\/sites\/119\/2018\/07\/WhatsApp-Image-2018-07-10-at-13.56.54-1024x768.jpeg 1024w, https:\/\/static-blogs.hoy.es\/wp-content\/uploads\/sites\/119\/2018\/07\/WhatsApp-Image-2018-07-10-at-13.56.54-300x225.jpeg 300w, https:\/\/static-blogs.hoy.es\/wp-content\/uploads\/sites\/119\/2018\/07\/WhatsApp-Image-2018-07-10-at-13.56.54-768x576.jpeg 768w, https:\/\/static-blogs.hoy.es\/wp-content\/uploads\/sites\/119\/2018\/07\/WhatsApp-Image-2018-07-10-at-13.56.54.jpeg 1600w\" sizes=\"(max-width: 1024px) 100vw, 1024px\" \/><\/a><p id=\"caption-attachment-1358\" class=\"wp-caption-text\"><em>Un mec\u00e1nico de tierra nos da la bienvenida. Llueve y estamos a 9 grados de temperatura. Al fondo los caracter\u00edsticos\u00a0icebergs del fiordo de <strong>Tunulliarfik<\/strong>. Como siempre la sensaci\u00f3n es como la primera vez, o como yo digo, esta es mi &#8220;octava primera vez&#8221; en Groenlandia.<\/em><\/p><\/div>\n<div id=\"attachment_1360\" style=\"width: 1034px\" class=\"wp-caption alignnone\"><a href=\"https:\/\/static-blogs.hoy.es\/wp-content\/uploads\/sites\/119\/2018\/07\/WhatsApp-Image-2018-07-10-at-13.58.51.jpeg\"><img aria-describedby=\"caption-attachment-1360\" loading=\"lazy\" class=\"size-large wp-image-1360\" src=\"https:\/\/static-blogs.hoy.es\/wp-content\/uploads\/sites\/119\/2018\/07\/WhatsApp-Image-2018-07-10-at-13.58.51-1024x768.jpeg\" alt=\"Aeropuerto internacional de Narsarsuaq, Groenlandia.\" width=\"1024\" height=\"768\" srcset=\"https:\/\/static-blogs.hoy.es\/wp-content\/uploads\/sites\/119\/2018\/07\/WhatsApp-Image-2018-07-10-at-13.58.51-1024x768.jpeg 1024w, https:\/\/static-blogs.hoy.es\/wp-content\/uploads\/sites\/119\/2018\/07\/WhatsApp-Image-2018-07-10-at-13.58.51-300x225.jpeg 300w, https:\/\/static-blogs.hoy.es\/wp-content\/uploads\/sites\/119\/2018\/07\/WhatsApp-Image-2018-07-10-at-13.58.51-768x576.jpeg 768w, https:\/\/static-blogs.hoy.es\/wp-content\/uploads\/sites\/119\/2018\/07\/WhatsApp-Image-2018-07-10-at-13.58.51.jpeg 1600w\" sizes=\"(max-width: 1024px) 100vw, 1024px\" \/><\/a><p id=\"caption-attachment-1360\" class=\"wp-caption-text\"><em>Aeropuerto internacional de <strong>Narsarsuaq<\/strong>, Groenlandia. Cuando los americanos se instalaron de forma estrat\u00e9gica en el a\u00f1o 1941, despu\u00e9s de la invasi\u00f3n de\u00a0Dinamarca por parte de Alemania, el primer\u00a0\u00a0problema log\u00edstico\u00a0que se encontraron fue c\u00f3mo hacer una pista de aterrizaje sobre el terreno inestable y siempre en movimiento de un valle glaciar. <strong>Narsarsuaq<\/strong> en lengua inuit significa gran llanura.<\/em><\/p><\/div>\n<div id=\"attachment_1366\" style=\"width: 778px\" class=\"wp-caption alignnone\"><a href=\"https:\/\/static-blogs.hoy.es\/wp-content\/uploads\/sites\/119\/2018\/07\/IMG_20180710_150050.jpg\"><img aria-describedby=\"caption-attachment-1366\" loading=\"lazy\" class=\"size-full wp-image-1366\" src=\"https:\/\/static-blogs.hoy.es\/wp-content\/uploads\/sites\/119\/2018\/07\/IMG_20180710_150050.jpg\" alt=\"Aviones de la compa\u00f1\u00eda a\u00e9rea de airgreenland\" width=\"768\" height=\"576\" srcset=\"https:\/\/static-blogs.hoy.es\/wp-content\/uploads\/sites\/119\/2018\/07\/IMG_20180710_150050.jpg 768w, https:\/\/static-blogs.hoy.es\/wp-content\/uploads\/sites\/119\/2018\/07\/IMG_20180710_150050-300x225.jpg 300w\" sizes=\"(max-width: 768px) 100vw, 768px\" \/><\/a><p id=\"caption-attachment-1366\" class=\"wp-caption-text\"><em>Aviones de la compa\u00f1\u00eda a\u00e9rea de<a href=\"https:\/\/www.airgreenland.com\/\" rel=\"external nofollow\"> air greenland<\/a>.<\/em><\/p><\/div>\n<div id=\"attachment_1367\" style=\"width: 778px\" class=\"wp-caption alignnone\"><a href=\"https:\/\/static-blogs.hoy.es\/wp-content\/uploads\/sites\/119\/2018\/07\/IMG_20180710_152438.jpg\"><img aria-describedby=\"caption-attachment-1367\" loading=\"lazy\" class=\"size-full wp-image-1367\" src=\"https:\/\/static-blogs.hoy.es\/wp-content\/uploads\/sites\/119\/2018\/07\/IMG_20180710_152438.jpg\" alt=\"El clima ha cambiado dr\u00e1sticamente... el verano groenland\u00e9s es m\u00e1s dura que cualquier invierno extreme\u00f1o.\" width=\"768\" height=\"576\" srcset=\"https:\/\/static-blogs.hoy.es\/wp-content\/uploads\/sites\/119\/2018\/07\/IMG_20180710_152438.jpg 768w, https:\/\/static-blogs.hoy.es\/wp-content\/uploads\/sites\/119\/2018\/07\/IMG_20180710_152438-300x225.jpg 300w\" sizes=\"(max-width: 768px) 100vw, 768px\" \/><\/a><p id=\"caption-attachment-1367\" class=\"wp-caption-text\"><em>La temperatura ha cambiado dr\u00e1sticamente&#8230; el clima veraniego groenland\u00e9s, es m\u00e1s duro que cualquier invierno extreme\u00f1o.<\/em><\/p><\/div>\n<div id=\"attachment_1368\" style=\"width: 778px\" class=\"wp-caption alignnone\"><a href=\"https:\/\/static-blogs.hoy.es\/wp-content\/uploads\/sites\/119\/2018\/07\/IMG_20180710_152817.jpg\"><img aria-describedby=\"caption-attachment-1368\" loading=\"lazy\" class=\"size-full wp-image-1368\" src=\"https:\/\/static-blogs.hoy.es\/wp-content\/uploads\/sites\/119\/2018\/07\/IMG_20180710_152817.jpg\" alt=\"En el mundo del hielo.\" width=\"768\" height=\"576\" srcset=\"https:\/\/static-blogs.hoy.es\/wp-content\/uploads\/sites\/119\/2018\/07\/IMG_20180710_152817.jpg 768w, https:\/\/static-blogs.hoy.es\/wp-content\/uploads\/sites\/119\/2018\/07\/IMG_20180710_152817-300x225.jpg 300w\" sizes=\"(max-width: 768px) 100vw, 768px\" \/><\/a><p id=\"caption-attachment-1368\" class=\"wp-caption-text\"><em>En el mundo del hielo.<\/em><\/p><\/div>\n<p style=\"text-align: center;\"><em><strong>Para ver m\u00e1s de mis aventuras, pulsa en los links<\/strong><\/em><\/p>\n<p style=\"text-align: center;\"><strong><a href=\"https:\/\/www.facebook.com\/JoseTrejo404\/\" rel=\"external nofollow\">Facebook<\/a><\/strong><\/p>\n<p style=\"text-align: center;\"><em><strong>Para ver m\u00e1s fotos de mis viajes, puedes seguirme en este link<\/strong><\/em><\/p>\n<p style=\"text-align: center;\"><a href=\"https:\/\/www.instagram.com\/josetrejo404\/?hl=es\" rel=\"external nofollow\"><strong>Instagram<\/strong><\/a><\/p>\n<p style=\"text-align: center;\"><a href=\"https:\/\/www.google.es\/search?q=%23UnExtreme%C3%B1oEnEl%C3%81rtico&amp;tbm=isch&amp;tbo=u&amp;source=univ&amp;sa=X&amp;ved=0ahUKEwjk4__i8fzYAhUBWxQKHd2fCmUQsAQILQ&amp;biw=1366&amp;bih=637\" rel=\"external nofollow\">#UnExtreme\u00f1oEnEl\u00c1rtico<\/a><\/p>\n<p>&nbsp;<\/p>\n","protected":false},"excerpt":{"rendered":"<p>Si vemos un mapamundi, la isla de Groenlandia aparece representada en color blanco. Nada m\u00e1s parecido a la realidad incluso Eric el rojo cuando la descubri\u00f3, la nombr\u00f3 como &#8220;tierra verde&#8221;. En las laderas que vemos en la primera foto, Eric el rojo se asentar\u00eda en el a\u00f1o 983, formando una de las principales comunidades [&hellip;]<\/p>\n","protected":false},"author":142,"featured_media":1358,"comment_status":"open","ping_status":"closed","sticky":false,"template":"","format":"standard","meta":[],"categories":[1],"tags":[564,565,101,119,566,162,226],"_links":{"self":[{"href":"https:\/\/blogs.hoy.es\/un-extremeno-en-el-artico\/wp-json\/wp\/v2\/posts\/1357"}],"collection":[{"href":"https:\/\/blogs.hoy.es\/un-extremeno-en-el-artico\/wp-json\/wp\/v2\/posts"}],"about":[{"href":"https:\/\/blogs.hoy.es\/un-extremeno-en-el-artico\/wp-json\/wp\/v2\/types\/post"}],"author":[{"embeddable":true,"href":"https:\/\/blogs.hoy.es\/un-extremeno-en-el-artico\/wp-json\/wp\/v2\/users\/142"}],"replies":[{"embeddable":true,"href":"https:\/\/blogs.hoy.es\/un-extremeno-en-el-artico\/wp-json\/wp\/v2\/comments?post=1357"}],"version-history":[{"count":7,"href":"https:\/\/blogs.hoy.es\/un-extremeno-en-el-artico\/wp-json\/wp\/v2\/posts\/1357\/revisions"}],"predecessor-version":[{"id":1372,"href":"https:\/\/blogs.hoy.es\/un-extremeno-en-el-artico\/wp-json\/wp\/v2\/posts\/1357\/revisions\/1372"}],"wp:featuredmedia":[{"embeddable":true,"href":"https:\/\/blogs.hoy.es\/un-extremeno-en-el-artico\/wp-json\/wp\/v2\/media\/1358"}],"wp:attachment":[{"href":"https:\/\/blogs.hoy.es\/un-extremeno-en-el-artico\/wp-json\/wp\/v2\/media?parent=1357"}],"wp:term":[{"taxonomy":"category","embeddable":true,"href":"https:\/\/blogs.hoy.es\/un-extremeno-en-el-artico\/wp-json\/wp\/v2\/categories?post=1357"},{"taxonomy":"post_tag","embeddable":true,"href":"https:\/\/blogs.hoy.es\/un-extremeno-en-el-artico\/wp-json\/wp\/v2\/tags?post=1357"}],"curies":[{"name":"wp","href":"https:\/\/api.w.org\/{rel}","templated":true}]}}