{"id":1375,"date":"2018-07-27T20:56:59","date_gmt":"2018-07-27T18:56:59","guid":{"rendered":"http:\/\/blogs.hoy.es\/un-extremeno-en-el-artico\/?p=1375"},"modified":"2018-07-27T20:57:59","modified_gmt":"2018-07-27T18:57:59","slug":"dias-trepidantes-de-logistica-preparativos-para-mi-viaje-al-sur","status":"publish","type":"post","link":"https:\/\/blogs.hoy.es\/un-extremeno-en-el-artico\/2018\/07\/27\/dias-trepidantes-de-logistica-preparativos-para-mi-viaje-al-sur\/","title":{"rendered":"D\u00edas trepidantes de log\u00edstica, preparativos para mi viaje al Sur"},"content":{"rendered":"<p>Una semana ha pasado desde que tom\u00e9 tierra de nuevo en Groenlandia, y parece que ha sido en un cerrar de ojos.<\/p>\n<p>El cambio de temperatura no nos deja indiferentes, incluso teniendo la experiencia de a\u00f1os atr\u00e1s, es volver de repente al invierno pero no al invierno pacense al que estamos acostumbrados en Badajoz, si no un poquillo m\u00e1s fresco&#8230;pero en verano.<\/p>\n<div id=\"attachment_1379\" style=\"width: 778px\" class=\"wp-caption alignnone\"><a href=\"https:\/\/static-blogs.hoy.es\/wp-content\/uploads\/sites\/119\/2018\/07\/P7110004aa.jpg\"><img aria-describedby=\"caption-attachment-1379\" loading=\"lazy\" class=\"size-full wp-image-1379\" src=\"https:\/\/static-blogs.hoy.es\/wp-content\/uploads\/sites\/119\/2018\/07\/P7110004aa.jpg\" alt=\"Es mediod\u00eda y apenas se ve en el fiordo de Tunulliarfik\" width=\"768\" height=\"576\" srcset=\"https:\/\/static-blogs.hoy.es\/wp-content\/uploads\/sites\/119\/2018\/07\/P7110004aa.jpg 768w, https:\/\/static-blogs.hoy.es\/wp-content\/uploads\/sites\/119\/2018\/07\/P7110004aa-300x225.jpg 300w\" sizes=\"(max-width: 768px) 100vw, 768px\" \/><\/a><p id=\"caption-attachment-1379\" class=\"wp-caption-text\"><em>Es mediod\u00eda y apenas se ve en el fiordo de Tunulliarfik.\u00a0<\/em><\/p><\/div>\n<p><strong><em>Preparativos para regresar a los fiordos del sur<\/em><\/strong><\/p>\n<p>Como siempre, cruzamos el fiordo y nos topamos con el clima &#8220;veraniego&#8221; del \u00e1rtico sur para entrar en materia.<\/p>\n<p>Bajo el brazo llevo mi plan para los siguientes 70 d\u00edas, todo lo tenemos medido para aprovechar al m\u00e1ximo la corta temporada de &#8220;buen&#8221; tiempo en las cercan\u00edas del tempestuoso cabo de <em>Farewel. <\/em>Por si no lo sab\u00e9is, estamos regi\u00f3n de clima llamada &#8220;frente polar&#8221; nos encontramos en el paralelo 60\u00ba, esto quiere decir el lugar donde &#8220;nacen&#8221; las tormentas que viajan a Europa&#8230;<\/p>\n<p>Antes de todo os voy a explicar qu\u00e9 o qui\u00e9n es <strong>Sila<\/strong>, para que os vay\u00e1is haciendo una idea de donde estamos.<\/p>\n<p><strong>Sila qanoripaa?\u00a0<\/strong> c\u00f3mo ser\u00e1 el tiempo?<\/p>\n<p>Pues eso, c\u00f3mo ser\u00e1 el tiempo. Este es el mayor reto que tenemos por delante,\u00a0<em>el tiempo atmosf\u00e9rico.<\/em> Seguir aqu\u00ed un programa tur\u00edstico de viajes activos y expediciones es muy dif\u00edcil para aquellos que trabajamos en la log\u00edstica de viajes. Pero, a\u00f1o tras a\u00f1o, lo seguimos intentando a pesar de ir muchas veces con la lengua fuera\u00a0 tratando de cumplirlos.<\/p>\n<div id=\"attachment_1381\" style=\"width: 778px\" class=\"wp-caption alignnone\"><a href=\"https:\/\/static-blogs.hoy.es\/wp-content\/uploads\/sites\/119\/2018\/07\/IMG_20180713_192929aa.jpg\"><img aria-describedby=\"caption-attachment-1381\" loading=\"lazy\" class=\"size-full wp-image-1381\" src=\"https:\/\/static-blogs.hoy.es\/wp-content\/uploads\/sites\/119\/2018\/07\/IMG_20180713_192929aa.jpg\" alt=\"Otra de las formas que se representa Sila\" width=\"768\" height=\"468\" srcset=\"https:\/\/static-blogs.hoy.es\/wp-content\/uploads\/sites\/119\/2018\/07\/IMG_20180713_192929aa.jpg 768w, https:\/\/static-blogs.hoy.es\/wp-content\/uploads\/sites\/119\/2018\/07\/IMG_20180713_192929aa-300x183.jpg 300w\" sizes=\"(max-width: 768px) 100vw, 768px\" \/><\/a><p id=\"caption-attachment-1381\" class=\"wp-caption-text\"><em>Otra de las formas que se representa Sila,\u00a0 el omnipresente hielo. Foto a mitad de camino de la isla de Nanortalik, donde pasar\u00e9 los pr\u00f3ximos\u00a070 d\u00edas.<\/em><\/p><\/div>\n<p>&nbsp;<\/p>\n<div id=\"attachment_1383\" style=\"width: 778px\" class=\"wp-caption alignnone\"><a href=\"https:\/\/static-blogs.hoy.es\/wp-content\/uploads\/sites\/119\/2018\/07\/P7110022aa.jpg\"><img aria-describedby=\"caption-attachment-1383\" loading=\"lazy\" class=\"size-full wp-image-1383\" src=\"https:\/\/static-blogs.hoy.es\/wp-content\/uploads\/sites\/119\/2018\/07\/P7110022aa.jpg\" alt=\"El \u00fanico medio de transporte para ir a cualquier sitio\" width=\"768\" height=\"541\" srcset=\"https:\/\/static-blogs.hoy.es\/wp-content\/uploads\/sites\/119\/2018\/07\/P7110022aa.jpg 768w, https:\/\/static-blogs.hoy.es\/wp-content\/uploads\/sites\/119\/2018\/07\/P7110022aa-300x211.jpg 300w\" sizes=\"(max-width: 768px) 100vw, 768px\" \/><\/a><p id=\"caption-attachment-1383\" class=\"wp-caption-text\"><em>La peque\u00f1as embarcaciones son el \u00fanico medio de transporte para ir a cualquier sitio.\u00a0<\/em><\/p><\/div>\n<p>En la foto, una de las dos zodiacs o &#8220;m\u00ed zodiac&#8221; que llevaremos al lejano Sur. Esta es una embarcaci\u00f3n de apoyo a otra zodiac que utilizaremos para llevar pasajeros en los viajes programados. All\u00e1 abajo estaremos sin m\u00e1s amparo por parte de la compa\u00f1\u00eda ya que a la zona que vamos, est\u00e1 fuera de las rutas normales de nuestras otras 5 zodiacs, adem\u00e1s de ser la zona m\u00e1s lejana.<\/p>\n<div id=\"attachment_1388\" style=\"width: 388px\" class=\"wp-caption alignnone\"><a href=\"https:\/\/static-blogs.hoy.es\/wp-content\/uploads\/sites\/119\/2018\/07\/a1.jpg\"><img aria-describedby=\"caption-attachment-1388\" loading=\"lazy\" class=\"size-full wp-image-1388\" src=\"https:\/\/static-blogs.hoy.es\/wp-content\/uploads\/sites\/119\/2018\/07\/a1.jpg\" alt=\"A\u00f1os han pasado cuando \u00edbamos tan cargados. Ahora ya con la log\u00edstica m\u00e1s resuelta apenas llevamos cuatro cosas.\" width=\"378\" height=\"283\" srcset=\"https:\/\/static-blogs.hoy.es\/wp-content\/uploads\/sites\/119\/2018\/07\/a1.jpg 378w, https:\/\/static-blogs.hoy.es\/wp-content\/uploads\/sites\/119\/2018\/07\/a1-300x225.jpg 300w\" sizes=\"(max-width: 378px) 100vw, 378px\" \/><\/a><p id=\"caption-attachment-1388\" class=\"wp-caption-text\"><em>A\u00f1os han pasado cuando \u00edbamos tan cargados. Ahora ya con la log\u00edstica centralizada en cada zona, apenas llevamos cuatro cosas.<\/em><\/p><\/div>\n<div id=\"attachment_1390\" style=\"width: 778px\" class=\"wp-caption alignnone\"><a href=\"https:\/\/static-blogs.hoy.es\/wp-content\/uploads\/sites\/119\/2018\/07\/IMG_20180715_204929aa.jpg\"><img aria-describedby=\"caption-attachment-1390\" loading=\"lazy\" class=\"size-full wp-image-1390\" src=\"https:\/\/static-blogs.hoy.es\/wp-content\/uploads\/sites\/119\/2018\/07\/IMG_20180715_204929aa.jpg\" alt=\"Alimentos y materiales ya se gestionan meses antes en pretemporada, as\u00ed se agilizan las cosas en un entorno tan dif\u00edcil. transportarlo\" width=\"768\" height=\"432\" srcset=\"https:\/\/static-blogs.hoy.es\/wp-content\/uploads\/sites\/119\/2018\/07\/IMG_20180715_204929aa.jpg 768w, https:\/\/static-blogs.hoy.es\/wp-content\/uploads\/sites\/119\/2018\/07\/IMG_20180715_204929aa-300x169.jpg 300w\" sizes=\"(max-width: 768px) 100vw, 768px\" \/><\/a><p id=\"caption-attachment-1390\" class=\"wp-caption-text\"><em>Alimentos y materiales ya se gestionan meses antes en pretemporada, as\u00ed se agilizan las cosas en un entorno tan dif\u00edcil, en vez de transportarlo por zodiac.<\/em><\/p><\/div>\n<div id=\"attachment_1391\" style=\"width: 778px\" class=\"wp-caption alignnone\"><a href=\"https:\/\/static-blogs.hoy.es\/wp-content\/uploads\/sites\/119\/2018\/07\/IMG_20180715_091516aa.jpg\"><img aria-describedby=\"caption-attachment-1391\" loading=\"lazy\" class=\"size-full wp-image-1391\" src=\"https:\/\/static-blogs.hoy.es\/wp-content\/uploads\/sites\/119\/2018\/07\/IMG_20180715_091516aa.jpg\" alt=\"Comienza la temporada cuando llegamos a Nanortalik. Lo curioso es que nuestra empresa ya comenz\u00f3 a mediados de junio, y porqu\u00e9 tan tarde aqu\u00ed, se preguntar\u00e1n algunos, la respuesta es simple...Sila, el di\u00f3s del tiempo atmosf\u00e9rico.\" width=\"768\" height=\"432\" srcset=\"https:\/\/static-blogs.hoy.es\/wp-content\/uploads\/sites\/119\/2018\/07\/IMG_20180715_091516aa.jpg 768w, https:\/\/static-blogs.hoy.es\/wp-content\/uploads\/sites\/119\/2018\/07\/IMG_20180715_091516aa-300x169.jpg 300w\" sizes=\"(max-width: 768px) 100vw, 768px\" \/><\/a><p id=\"caption-attachment-1391\" class=\"wp-caption-text\"><em>Comienza la temporada cuando llegamos a Nanortalik. Lo curioso es que nuestra empresa ya comenz\u00f3 a mediados de junio, y porqu\u00e9 tan tarde aqu\u00ed, se preguntar\u00e1n algunos, la respuesta es simple&#8230;Sila, el Di\u00f3s del tiempo atmosf\u00e9rico<\/em>.<\/p><\/div>\n<div id=\"attachment_1392\" style=\"width: 442px\" class=\"wp-caption alignnone\"><a href=\"https:\/\/static-blogs.hoy.es\/wp-content\/uploads\/sites\/119\/2018\/07\/IMG_20180715_103823ad.jpg\"><img aria-describedby=\"caption-attachment-1392\" loading=\"lazy\" class=\"size-full wp-image-1392\" src=\"https:\/\/static-blogs.hoy.es\/wp-content\/uploads\/sites\/119\/2018\/07\/IMG_20180715_103823ad.jpg\" alt=\"Jejeje me siento como es casa...jam\u00f3n serrano.\" width=\"432\" height=\"768\" srcset=\"https:\/\/static-blogs.hoy.es\/wp-content\/uploads\/sites\/119\/2018\/07\/IMG_20180715_103823ad.jpg 432w, https:\/\/static-blogs.hoy.es\/wp-content\/uploads\/sites\/119\/2018\/07\/IMG_20180715_103823ad-169x300.jpg 169w\" sizes=\"(max-width: 432px) 100vw, 432px\" \/><\/a><p id=\"caption-attachment-1392\" class=\"wp-caption-text\"><em>Jejeje me siento como es casa&#8230;jam\u00f3n serrano.<\/em><\/p><\/div>\n<div id=\"attachment_1393\" style=\"width: 778px\" class=\"wp-caption alignnone\"><a href=\"https:\/\/static-blogs.hoy.es\/wp-content\/uploads\/sites\/119\/2018\/07\/IMG_20180715_115039ac.jpg\"><img aria-describedby=\"caption-attachment-1393\" loading=\"lazy\" class=\"size-full wp-image-1393\" src=\"https:\/\/static-blogs.hoy.es\/wp-content\/uploads\/sites\/119\/2018\/07\/IMG_20180715_115039ac.jpg\" alt=\"Aqu\u00ed estamos de nuevo, la entrada del inmenso y maravilloso fiordo de Tasermiut.\" width=\"768\" height=\"413\" srcset=\"https:\/\/static-blogs.hoy.es\/wp-content\/uploads\/sites\/119\/2018\/07\/IMG_20180715_115039ac.jpg 768w, https:\/\/static-blogs.hoy.es\/wp-content\/uploads\/sites\/119\/2018\/07\/IMG_20180715_115039ac-300x161.jpg 300w\" sizes=\"(max-width: 768px) 100vw, 768px\" \/><\/a><p id=\"caption-attachment-1393\" class=\"wp-caption-text\"><em>La entrada del maravilloso fiordo de Tasermiut. Aqu\u00ed estamos de nuevo, vamos a montar los campamentos.\u00a0<\/em><\/p><\/div>\n<div id=\"attachment_1394\" style=\"width: 778px\" class=\"wp-caption alignnone\"><a href=\"https:\/\/static-blogs.hoy.es\/wp-content\/uploads\/sites\/119\/2018\/07\/P7150137af.jpg\"><img aria-describedby=\"caption-attachment-1394\" loading=\"lazy\" class=\"size-full wp-image-1394\" src=\"https:\/\/static-blogs.hoy.es\/wp-content\/uploads\/sites\/119\/2018\/07\/P7150137af.jpg\" alt=\"En la playa, primer desembarco de muchos de esta temporada\" width=\"768\" height=\"576\" srcset=\"https:\/\/static-blogs.hoy.es\/wp-content\/uploads\/sites\/119\/2018\/07\/P7150137af.jpg 768w, https:\/\/static-blogs.hoy.es\/wp-content\/uploads\/sites\/119\/2018\/07\/P7150137af-300x225.jpg 300w\" sizes=\"(max-width: 768px) 100vw, 768px\" \/><\/a><p id=\"caption-attachment-1394\" class=\"wp-caption-text\"><em>En la playa, primer desembarco de muchos de esta temporada. Rodeados de monta\u00f1as de m\u00e1s de 1500 metros de altura!!!<\/em><\/p><\/div>\n<p style=\"text-align: center;\"><em><strong>Para ver m\u00e1s de mis aventuras, pulsa en los links<\/strong><\/em><\/p>\n<p style=\"text-align: center;\"><strong><a href=\"https:\/\/www.facebook.com\/JoseTrejo404\/\" rel=\"external nofollow\">Facebook<\/a><\/strong><\/p>\n<p style=\"text-align: center;\"><em><strong>Para ver m\u00e1s fotos de mis viajes, puedes seguirme en este link<\/strong><\/em><\/p>\n<p style=\"text-align: center;\"><a href=\"https:\/\/www.instagram.com\/josetrejo404\/?hl=es\" rel=\"external nofollow\"><strong>Instagram<\/strong><\/a><\/p>\n<p style=\"text-align: center;\"><a href=\"https:\/\/www.google.es\/search?q=%23UnExtreme%C3%B1oEnEl%C3%81rtico&amp;tbm=isch&amp;tbo=u&amp;source=univ&amp;sa=X&amp;ved=0ahUKEwjk4__i8fzYAhUBWxQKHd2fCmUQsAQILQ&amp;biw=1366&amp;bih=637\" rel=\"external nofollow\">#UnExtreme\u00f1oEnEl\u00c1rtico<\/a><\/p>\n","protected":false},"excerpt":{"rendered":"<p>Una semana ha pasado desde que tom\u00e9 tierra de nuevo en Groenlandia, y parece que ha sido en un cerrar de ojos. El cambio de temperatura no nos deja indiferentes, incluso teniendo la experiencia de a\u00f1os atr\u00e1s, es volver de repente al invierno pero no al invierno pacense al que estamos acostumbrados en Badajoz, si [&hellip;]<\/p>\n","protected":false},"author":142,"featured_media":1381,"comment_status":"open","ping_status":"closed","sticky":false,"template":"","format":"standard","meta":[],"categories":[1],"tags":[567,107,141,568,213],"_links":{"self":[{"href":"https:\/\/blogs.hoy.es\/un-extremeno-en-el-artico\/wp-json\/wp\/v2\/posts\/1375"}],"collection":[{"href":"https:\/\/blogs.hoy.es\/un-extremeno-en-el-artico\/wp-json\/wp\/v2\/posts"}],"about":[{"href":"https:\/\/blogs.hoy.es\/un-extremeno-en-el-artico\/wp-json\/wp\/v2\/types\/post"}],"author":[{"embeddable":true,"href":"https:\/\/blogs.hoy.es\/un-extremeno-en-el-artico\/wp-json\/wp\/v2\/users\/142"}],"replies":[{"embeddable":true,"href":"https:\/\/blogs.hoy.es\/un-extremeno-en-el-artico\/wp-json\/wp\/v2\/comments?post=1375"}],"version-history":[{"count":13,"href":"https:\/\/blogs.hoy.es\/un-extremeno-en-el-artico\/wp-json\/wp\/v2\/posts\/1375\/revisions"}],"predecessor-version":[{"id":1398,"href":"https:\/\/blogs.hoy.es\/un-extremeno-en-el-artico\/wp-json\/wp\/v2\/posts\/1375\/revisions\/1398"}],"wp:featuredmedia":[{"embeddable":true,"href":"https:\/\/blogs.hoy.es\/un-extremeno-en-el-artico\/wp-json\/wp\/v2\/media\/1381"}],"wp:attachment":[{"href":"https:\/\/blogs.hoy.es\/un-extremeno-en-el-artico\/wp-json\/wp\/v2\/media?parent=1375"}],"wp:term":[{"taxonomy":"category","embeddable":true,"href":"https:\/\/blogs.hoy.es\/un-extremeno-en-el-artico\/wp-json\/wp\/v2\/categories?post=1375"},{"taxonomy":"post_tag","embeddable":true,"href":"https:\/\/blogs.hoy.es\/un-extremeno-en-el-artico\/wp-json\/wp\/v2\/tags?post=1375"}],"curies":[{"name":"wp","href":"https:\/\/api.w.org\/{rel}","templated":true}]}}