{"id":1422,"date":"2018-08-16T17:52:18","date_gmt":"2018-08-16T15:52:18","guid":{"rendered":"http:\/\/blogs.hoy.es\/un-extremeno-en-el-artico\/?p=1422"},"modified":"2018-08-16T17:52:18","modified_gmt":"2018-08-16T15:52:18","slug":"qaportoq","status":"publish","type":"post","link":"https:\/\/blogs.hoy.es\/un-extremeno-en-el-artico\/2018\/08\/16\/qaportoq\/","title":{"rendered":"Qaportoq"},"content":{"rendered":"<p>Si, as\u00ed se escribe y no le falta ninguna s\u00edlaba.<\/p>\n<p>Qaportoq, en lengua unuit o <a href=\"https:\/\/en.wikipedia.org\/wiki\/Kalaallisut\" rel=\"external nofollow\">&#8220;kalaallisut&#8221;<\/a> significa blanco.<\/p>\n<p>Tambi\u00e9n es el nombre de una ciudad de Groenlandia, bueno, m\u00e1s bien la capital del sur groenland\u00e9s.<\/p>\n<p>En nombre viene de un antiguo asentamiento esquimal de primeros del siglo XVIII. Como dec\u00eda, blanco por el color de las rocas de los alrededores de aquel asentamiento, debido al guano de la gran cantidad de p\u00e1jaros que hab\u00eda por entonces.<\/p>\n<p>Qaqortoq, tiene en la actualidad unos 3500 habitantes y se puede considerar una de las \u00fanicas ciudades pr\u00f3speras del sur de esta gran isla helada.<\/p>\n<p>Recientemente est\u00e1 en obras la ampliaci\u00f3n de la carretera que llevar\u00e1 al pr\u00f3ximo aeropuerto que pretenden construir&#8230;veremos.<\/p>\n<div id=\"attachment_1424\" style=\"width: 778px\" class=\"wp-caption alignnone\"><a href=\"https:\/\/static-blogs.hoy.es\/wp-content\/uploads\/sites\/119\/2018\/08\/IMG_20180813_152404.jpg\"><img aria-describedby=\"caption-attachment-1424\" loading=\"lazy\" class=\"size-full wp-image-1424\" src=\"https:\/\/static-blogs.hoy.es\/wp-content\/uploads\/sites\/119\/2018\/08\/IMG_20180813_152404.jpg\" alt=\"Foto obligatoria para todo aquel que pase por esta colorida ciudad.\" width=\"768\" height=\"576\" srcset=\"https:\/\/static-blogs.hoy.es\/wp-content\/uploads\/sites\/119\/2018\/08\/IMG_20180813_152404.jpg 768w, https:\/\/static-blogs.hoy.es\/wp-content\/uploads\/sites\/119\/2018\/08\/IMG_20180813_152404-300x225.jpg 300w\" sizes=\"(max-width: 768px) 100vw, 768px\" \/><\/a><p id=\"caption-attachment-1424\" class=\"wp-caption-text\"><em>Foto obligatoria para todo aquel que pase por esta colorida ciudad.<\/em><\/p><\/div>\n<div id=\"attachment_1425\" style=\"width: 778px\" class=\"wp-caption alignnone\"><a href=\"https:\/\/static-blogs.hoy.es\/wp-content\/uploads\/sites\/119\/2018\/08\/IMG_20180813_152354.jpg\"><img aria-describedby=\"caption-attachment-1425\" loading=\"lazy\" class=\"size-full wp-image-1425\" src=\"https:\/\/static-blogs.hoy.es\/wp-content\/uploads\/sites\/119\/2018\/08\/IMG_20180813_152354.jpg\" alt=\"Arte en la ciudad, las famosas caritas. Esta obra relata las familias de los cazadores que esperaban en las \" width=\"768\" height=\"432\" srcset=\"https:\/\/static-blogs.hoy.es\/wp-content\/uploads\/sites\/119\/2018\/08\/IMG_20180813_152354.jpg 768w, https:\/\/static-blogs.hoy.es\/wp-content\/uploads\/sites\/119\/2018\/08\/IMG_20180813_152354-300x169.jpg 300w\" sizes=\"(max-width: 768px) 100vw, 768px\" \/><\/a><p id=\"caption-attachment-1425\" class=\"wp-caption-text\"><em><a href=\"https:\/\/www.google.gl\/search?q=art+in+qaqortoq&amp;tbm=isch&amp;tbo=u&amp;source=univ&amp;sa=X&amp;ved=2ahUKEwji4r2HsvHcAhWpUt8KHY9pC3YQsAR6BAgAEAE&amp;biw=1440&amp;bih=763\" rel=\"external nofollow\">Arte en la ciudad<\/a>, las famosas caritas esculpidas en la roca, de la famosa artista local <a href=\"https:\/\/www.google.gl\/search?q=aka+hoegh&amp;oq=aka+hoegh&amp;aqs=chrome..69i57.6849j0j7&amp;sourceid=chrome&amp;ie=UTF-8\" rel=\"external nofollow\">Aka Hoegh<\/a>. De la colecci\u00f3n &#8220;Stone and man&#8221; Esta obra relata las familias de los cazadores que esperan en las orilla para recibirlos. Muestran rostros de alegr\u00eda\u00a0 al verlos regresar sanos y salvos de una larga y peligrosa partida de caza.<\/em><em>\u00a0<\/em><\/p><\/div>\n<p><strong><em>Aka H\u00f8egh\u00a0<\/em><\/strong><\/p>\n<p>Una de las m\u00e1s conocidas obras de esta artista de 70 a\u00f1os, es la realizada en los a\u00f1os 90 llamada &#8220;Stone and Man&#8221;, donde junto con otros artistas locales, noruegos, suecos, finlandeses y de las islas Feroe, esculpieron hasta 60 obras en los alrededores de la ciudad. En el museo de esta localidad ofrecen un plano para seguir la ruta de todas estas esculturas.<\/p>\n<div id=\"attachment_1432\" style=\"width: 778px\" class=\"wp-caption alignnone\"><a href=\"https:\/\/static-blogs.hoy.es\/wp-content\/uploads\/sites\/119\/2018\/08\/IMG_20180813_152438.jpg\"><img aria-describedby=\"caption-attachment-1432\" loading=\"lazy\" class=\"size-full wp-image-1432\" src=\"https:\/\/static-blogs.hoy.es\/wp-content\/uploads\/sites\/119\/2018\/08\/IMG_20180813_152438.jpg\" alt=\"Ballenas enredadas en los cabellos de la madre del mar, as\u00ed ser\u00eda el t\u00edtulo de esta escultura.\" width=\"768\" height=\"432\" srcset=\"https:\/\/static-blogs.hoy.es\/wp-content\/uploads\/sites\/119\/2018\/08\/IMG_20180813_152438.jpg 768w, https:\/\/static-blogs.hoy.es\/wp-content\/uploads\/sites\/119\/2018\/08\/IMG_20180813_152438-300x169.jpg 300w\" sizes=\"(max-width: 768px) 100vw, 768px\" \/><\/a><p id=\"caption-attachment-1432\" class=\"wp-caption-text\"><em>Ballenas enredadas en los cabellos de la madre del mar, as\u00ed ser\u00eda el t\u00edtulo de esta escultura.<\/em><\/p><\/div>\n<div id=\"attachment_1433\" style=\"width: 650px\" class=\"wp-caption alignnone\"><a href=\"https:\/\/static-blogs.hoy.es\/wp-content\/uploads\/sites\/119\/2018\/08\/IMG_20180813_152300.jpg\"><img aria-describedby=\"caption-attachment-1433\" loading=\"lazy\" class=\"size-full wp-image-1433\" src=\"https:\/\/static-blogs.hoy.es\/wp-content\/uploads\/sites\/119\/2018\/08\/IMG_20180813_152300.jpg\" alt=\"El mejor lugar para desembarcar es por el pantal\u00e1n de turismo. En la foto, el primer edificio rojo es la oficina de turismo de Qaqortoq y justo encima el hotel. En medio las famosas esculturas de Aka H\u00f8egh.\" width=\"640\" height=\"379\" srcset=\"https:\/\/static-blogs.hoy.es\/wp-content\/uploads\/sites\/119\/2018\/08\/IMG_20180813_152300.jpg 640w, https:\/\/static-blogs.hoy.es\/wp-content\/uploads\/sites\/119\/2018\/08\/IMG_20180813_152300-300x178.jpg 300w\" sizes=\"(max-width: 640px) 100vw, 640px\" \/><\/a><p id=\"caption-attachment-1433\" class=\"wp-caption-text\"><em>El mejor lugar para desembarcar es por el pantal\u00e1n de turismo. En la foto, el primer edificio rojo es la oficina de turismo de Qaqortoq y justo encima el hotel. En medio las famosas esculturas de Aka H\u00f8egh.<\/em><\/p><\/div>\n<div id=\"attachment_1434\" style=\"width: 778px\" class=\"wp-caption alignnone\"><a href=\"https:\/\/static-blogs.hoy.es\/wp-content\/uploads\/sites\/119\/2018\/08\/IMG_20180813_152253.jpg\"><img aria-describedby=\"caption-attachment-1434\" loading=\"lazy\" class=\"size-full wp-image-1434\" src=\"https:\/\/static-blogs.hoy.es\/wp-content\/uploads\/sites\/119\/2018\/08\/IMG_20180813_152253.jpg\" alt=\"Al otro lado del pantal\u00e1n tur\u00edstico, sube una carretera y tomamos el cruce de la derecha llegaremos el Helipuerto.\" width=\"768\" height=\"432\" srcset=\"https:\/\/static-blogs.hoy.es\/wp-content\/uploads\/sites\/119\/2018\/08\/IMG_20180813_152253.jpg 768w, https:\/\/static-blogs.hoy.es\/wp-content\/uploads\/sites\/119\/2018\/08\/IMG_20180813_152253-300x169.jpg 300w\" sizes=\"(max-width: 768px) 100vw, 768px\" \/><\/a><p id=\"caption-attachment-1434\" class=\"wp-caption-text\"><em>Al otro lado del pantal\u00e1n tur\u00edstico, sube una carretera y tomamos el cruce de la derecha llegaremos el Helipuerto.<\/em><\/p><\/div>\n<div id=\"attachment_1436\" style=\"width: 589px\" class=\"wp-caption alignnone\"><a href=\"https:\/\/static-blogs.hoy.es\/wp-content\/uploads\/sites\/119\/2018\/08\/IMG_20180813_152435.jpg\"><img aria-describedby=\"caption-attachment-1436\" loading=\"lazy\" class=\"size-full wp-image-1436\" src=\"https:\/\/static-blogs.hoy.es\/wp-content\/uploads\/sites\/119\/2018\/08\/IMG_20180813_152435.jpg\" alt=\"Aqu\u00ed todo est\u00e1 a mano, me encuentro cerca del pantal\u00e1n y sobre la carretera que conecta a los vecindarios y al helipuerto. Tambi\u00e9n en esta foto podemos observar el peque\u00f1o astillero, las naves de color rojo son de la \u00fanica empresa en todo Groenlandia donde se curte y se procesan las pieles.\" width=\"579\" height=\"296\" srcset=\"https:\/\/static-blogs.hoy.es\/wp-content\/uploads\/sites\/119\/2018\/08\/IMG_20180813_152435.jpg 579w, https:\/\/static-blogs.hoy.es\/wp-content\/uploads\/sites\/119\/2018\/08\/IMG_20180813_152435-300x153.jpg 300w\" sizes=\"(max-width: 579px) 100vw, 579px\" \/><\/a><p id=\"caption-attachment-1436\" class=\"wp-caption-text\"><em>Aqu\u00ed todo est\u00e1 a mano, me encuentro cerca del pantal\u00e1n y sobre la carretera que conecta a los vecindarios y al helipuerto. Tambi\u00e9n en esta foto podemos observar el peque\u00f1o astillero, las naves de color rojo son de la \u00fanica empresa en todo Groenlandia donde se curte y se procesan las pieles.<\/em><\/p><\/div>\n<div id=\"attachment_1437\" style=\"width: 778px\" class=\"wp-caption alignnone\"><a href=\"https:\/\/static-blogs.hoy.es\/wp-content\/uploads\/sites\/119\/2018\/08\/IMG_20180813_152637.jpg\"><img aria-describedby=\"caption-attachment-1437\" loading=\"lazy\" class=\"size-full wp-image-1437\" src=\"https:\/\/static-blogs.hoy.es\/wp-content\/uploads\/sites\/119\/2018\/08\/IMG_20180813_152637.jpg\" alt=\"Hemos andado apenas 50 metros y nos encontramos con el pub de la ciudad, anta\u00f1o llamado \u201cArctic caf\u00e9\u201d ahora \u2026\u2026\" width=\"768\" height=\"432\" srcset=\"https:\/\/static-blogs.hoy.es\/wp-content\/uploads\/sites\/119\/2018\/08\/IMG_20180813_152637.jpg 768w, https:\/\/static-blogs.hoy.es\/wp-content\/uploads\/sites\/119\/2018\/08\/IMG_20180813_152637-300x169.jpg 300w\" sizes=\"(max-width: 768px) 100vw, 768px\" \/><\/a><p id=\"caption-attachment-1437\" class=\"wp-caption-text\"><em>Hemos andado apenas 50 metros y nos encontramos con el pub de la ciudad, anta\u00f1o llamado \u201cArctic cafe\u201d<\/em><\/p><\/div>\n<div id=\"attachment_1438\" style=\"width: 778px\" class=\"wp-caption alignnone\"><a href=\"https:\/\/static-blogs.hoy.es\/wp-content\/uploads\/sites\/119\/2018\/08\/IMG_20180813_160333.jpg\"><img aria-describedby=\"caption-attachment-1438\" loading=\"lazy\" class=\"size-full wp-image-1438\" src=\"https:\/\/static-blogs.hoy.es\/wp-content\/uploads\/sites\/119\/2018\/08\/IMG_20180813_160333.jpg\" alt=\"Justamente al lado del hotel se erige la moderna torre y campanario de la iglesia (protestante luterana) m\u00e1s importante de la ciudad.\" width=\"768\" height=\"432\" srcset=\"https:\/\/static-blogs.hoy.es\/wp-content\/uploads\/sites\/119\/2018\/08\/IMG_20180813_160333.jpg 768w, https:\/\/static-blogs.hoy.es\/wp-content\/uploads\/sites\/119\/2018\/08\/IMG_20180813_160333-300x169.jpg 300w\" sizes=\"(max-width: 768px) 100vw, 768px\" \/><\/a><p id=\"caption-attachment-1438\" class=\"wp-caption-text\"><em>Justamente al lado del hotel se erige la moderna torre y campanario de la<a href=\"https:\/\/www.facebook.com\/pages\/Gertrud-Raschs-Church\/229186770425164\" rel=\"external nofollow\"> iglesia<\/a> (protestante luterana) m\u00e1s importante de la ciudad.<\/em><\/p><\/div>\n<div id=\"attachment_1439\" style=\"width: 778px\" class=\"wp-caption alignnone\"><a href=\"https:\/\/static-blogs.hoy.es\/wp-content\/uploads\/sites\/119\/2018\/08\/IMG_20180813_160408.jpg\"><img aria-describedby=\"caption-attachment-1439\" loading=\"lazy\" class=\"size-full wp-image-1439\" src=\"https:\/\/static-blogs.hoy.es\/wp-content\/uploads\/sites\/119\/2018\/08\/IMG_20180813_160408.jpg\" alt=\"La ciudad se ha ido expansionando cada d\u00e9cada sobre las laderas que dan al sur, se puede ver claramente los niveles seg\u00fan estilos de construcci\u00f3n.\" width=\"768\" height=\"432\" srcset=\"https:\/\/static-blogs.hoy.es\/wp-content\/uploads\/sites\/119\/2018\/08\/IMG_20180813_160408.jpg 768w, https:\/\/static-blogs.hoy.es\/wp-content\/uploads\/sites\/119\/2018\/08\/IMG_20180813_160408-300x169.jpg 300w\" sizes=\"(max-width: 768px) 100vw, 768px\" \/><\/a><p id=\"caption-attachment-1439\" class=\"wp-caption-text\"><em>La ciudad se ha ido expansionando cada d\u00e9cada sobre las laderas que dan al sur, se puede ver claramente los niveles seg\u00fan estilos de construcci\u00f3n.<\/em><\/p><\/div>\n<p>&nbsp;<\/p>\n<div id=\"attachment_1440\" style=\"width: 778px\" class=\"wp-caption alignnone\"><a href=\"https:\/\/static-blogs.hoy.es\/wp-content\/uploads\/sites\/119\/2018\/08\/IMG_20180813_160601.jpg\"><img aria-describedby=\"caption-attachment-1440\" loading=\"lazy\" class=\"size-full wp-image-1440\" src=\"https:\/\/static-blogs.hoy.es\/wp-content\/uploads\/sites\/119\/2018\/08\/IMG_20180813_160601.jpg\" alt=\"Otra curiosidad de esta \u201curbe\u201d es esta fuente en la zona m\u00e1s c\u00e9ntrica, la \u00fanica de todo el pa\u00eds.\" width=\"768\" height=\"473\" srcset=\"https:\/\/static-blogs.hoy.es\/wp-content\/uploads\/sites\/119\/2018\/08\/IMG_20180813_160601.jpg 768w, https:\/\/static-blogs.hoy.es\/wp-content\/uploads\/sites\/119\/2018\/08\/IMG_20180813_160601-300x185.jpg 300w\" sizes=\"(max-width: 768px) 100vw, 768px\" \/><\/a><p id=\"caption-attachment-1440\" class=\"wp-caption-text\"><em>Otra curiosidad de esta \u201curbe\u201d es esta fuente, en la zona m\u00e1s c\u00e9ntrica. La \u00fanica de todo el pa\u00eds.<\/em><\/p><\/div>\n<div id=\"attachment_1441\" style=\"width: 778px\" class=\"wp-caption alignnone\"><a href=\"https:\/\/static-blogs.hoy.es\/wp-content\/uploads\/sites\/119\/2018\/08\/IMG_20180813_160807.jpg\"><img aria-describedby=\"caption-attachment-1441\" loading=\"lazy\" class=\"size-full wp-image-1441\" src=\"https:\/\/static-blogs.hoy.es\/wp-content\/uploads\/sites\/119\/2018\/08\/IMG_20180813_160807.jpg\" alt=\"Siguiendo con curiosidades \u00bfqu\u00e9 os parece el cartel de la lonja de la ciudad?...\" width=\"768\" height=\"432\" srcset=\"https:\/\/static-blogs.hoy.es\/wp-content\/uploads\/sites\/119\/2018\/08\/IMG_20180813_160807.jpg 768w, https:\/\/static-blogs.hoy.es\/wp-content\/uploads\/sites\/119\/2018\/08\/IMG_20180813_160807-300x169.jpg 300w\" sizes=\"(max-width: 768px) 100vw, 768px\" \/><\/a><p id=\"caption-attachment-1441\" class=\"wp-caption-text\"><em>Siguiendo con curiosidades \u00bfqu\u00e9 os parece el cartel de la lonja de la ciudad?&#8230;<\/em><\/p><\/div>\n<div id=\"attachment_1442\" style=\"width: 778px\" class=\"wp-caption alignnone\"><a href=\"https:\/\/static-blogs.hoy.es\/wp-content\/uploads\/sites\/119\/2018\/08\/IMG_20180813_160952.jpg\"><img aria-describedby=\"caption-attachment-1442\" loading=\"lazy\" class=\"size-full wp-image-1442\" src=\"https:\/\/static-blogs.hoy.es\/wp-content\/uploads\/sites\/119\/2018\/08\/IMG_20180813_160952.jpg\" alt=\"En principio esta fachada en el puerto de mercantes no os dir\u00e1 nada, pero algo si os llamar\u00e1 la atenci\u00f3n una bandera de otro pa\u00eds. En su interior oculta otra curiosidad \u00a1un restaurante tailand\u00e9s! Su propietario de origen tailand\u00e9s lleva a\u00f1os asentado aqu\u00ed y ha sido capaz de fusionar dos culturas culinarias tan diferentes, totalmente recomendable cenar en este lugar.\" width=\"768\" height=\"432\" srcset=\"https:\/\/static-blogs.hoy.es\/wp-content\/uploads\/sites\/119\/2018\/08\/IMG_20180813_160952.jpg 768w, https:\/\/static-blogs.hoy.es\/wp-content\/uploads\/sites\/119\/2018\/08\/IMG_20180813_160952-300x169.jpg 300w\" sizes=\"(max-width: 768px) 100vw, 768px\" \/><\/a><p id=\"caption-attachment-1442\" class=\"wp-caption-text\"><em>En principio esta fachada en el puerto de mercantes no os dir\u00e1 nada, pero algo si os llamar\u00e1 la atenci\u00f3n una bandera de otro pa\u00eds. En su interior oculta otra curiosidad<strong> \u00a1un restaurante tailand\u00e9s!<\/strong> Su propietario de origen tailand\u00e9s lleva a\u00f1os asentado aqu\u00ed y ha sido capaz de fusionar dos culturas culinarias tan diferentes, totalmente recomendable cenar en este lugar. <a href=\"https:\/\/www.tripadvisor.com\/Restaurant_Review-g676319-d1537799-Reviews-Restaurant_Ban_Thai-Qaqortoq_Kujalleq_Municipality.html\" rel=\"external nofollow\">Ban Thai.<\/a><\/em><\/p><\/div>\n<div id=\"attachment_1443\" style=\"width: 778px\" class=\"wp-caption alignnone\"><a href=\"https:\/\/static-blogs.hoy.es\/wp-content\/uploads\/sites\/119\/2018\/08\/IMG_20180813_160555.jpg\"><img aria-describedby=\"caption-attachment-1443\" loading=\"lazy\" class=\"size-full wp-image-1443\" src=\"https:\/\/static-blogs.hoy.es\/wp-content\/uploads\/sites\/119\/2018\/08\/IMG_20180813_160555.jpg\" alt=\"Pintoresco edificio del del antiguo restaurante tailand\u00e9s Ban Thai.\" width=\"768\" height=\"432\" srcset=\"https:\/\/static-blogs.hoy.es\/wp-content\/uploads\/sites\/119\/2018\/08\/IMG_20180813_160555.jpg 768w, https:\/\/static-blogs.hoy.es\/wp-content\/uploads\/sites\/119\/2018\/08\/IMG_20180813_160555-300x169.jpg 300w\" sizes=\"(max-width: 768px) 100vw, 768px\" \/><\/a><p id=\"caption-attachment-1443\" class=\"wp-caption-text\"><em>Pintoresco edificio del del antiguo restaurante tailand\u00e9s Ban Thai<\/em>.<\/p><\/div>\n<div id=\"attachment_1444\" style=\"width: 522px\" class=\"wp-caption alignnone\"><a href=\"https:\/\/static-blogs.hoy.es\/wp-content\/uploads\/sites\/119\/2018\/08\/4404018-Map-of-Qaqortoq-1.jpg\"><img aria-describedby=\"caption-attachment-1444\" loading=\"lazy\" class=\"size-full wp-image-1444\" src=\"https:\/\/static-blogs.hoy.es\/wp-content\/uploads\/sites\/119\/2018\/08\/4404018-Map-of-Qaqortoq-1.jpg\" alt=\"City map\" width=\"512\" height=\"364\" srcset=\"https:\/\/static-blogs.hoy.es\/wp-content\/uploads\/sites\/119\/2018\/08\/4404018-Map-of-Qaqortoq-1.jpg 512w, https:\/\/static-blogs.hoy.es\/wp-content\/uploads\/sites\/119\/2018\/08\/4404018-Map-of-Qaqortoq-1-300x213.jpg 300w\" sizes=\"(max-width: 512px) 100vw, 512px\" \/><\/a><p id=\"caption-attachment-1444\" class=\"wp-caption-text\"><em>City<\/em> <em>map<\/em><\/p><\/div>\n<p><a href=\"http:\/\/satellites.pro\/plan\/Qaqortoq#O60.718988,-46.033600,16\" rel=\"external nofollow\">Mapa de la ciudad.<\/a><\/p>\n<p style=\"text-align: center;\"><em><strong>Para ver m\u00e1s de mis aventuras, pulsa en los links<\/strong><\/em><\/p>\n<p style=\"text-align: center;\"><strong><a href=\"https:\/\/www.facebook.com\/JoseTrejo404\/\" rel=\"external nofollow\">Facebook<\/a><\/strong><\/p>\n<p style=\"text-align: center;\"><em><strong>Para ver m\u00e1s fotos de mis viajes, puedes seguirme en este link<\/strong><\/em><\/p>\n<p style=\"text-align: center;\"><a href=\"https:\/\/www.instagram.com\/josetrejo404\/?hl=es\" rel=\"external nofollow\"><strong>Instagram<\/strong><\/a><\/p>\n<p style=\"text-align: center;\"><a href=\"https:\/\/www.google.es\/search?q=%23UnExtreme%C3%B1oEnEl%C3%81rtico&amp;tbm=isch&amp;tbo=u&amp;source=univ&amp;sa=X&amp;ved=0ahUKEwjk4__i8fzYAhUBWxQKHd2fCmUQsAQILQ&amp;biw=1366&amp;bih=637\" rel=\"external nofollow\">#UnExtreme\u00f1oEnEl\u00c1rtico<\/a><\/p>\n","protected":false},"excerpt":{"rendered":"<p>Si, as\u00ed se escribe y no le falta ninguna s\u00edlaba. Qaportoq, en lengua unuit o &#8220;kalaallisut&#8221; significa blanco. Tambi\u00e9n es el nombre de una ciudad de Groenlandia, bueno, m\u00e1s bien la capital del sur groenland\u00e9s. En nombre viene de un antiguo asentamiento esquimal de primeros del siglo XVIII. Como dec\u00eda, blanco por el color de [&hellip;]<\/p>\n","protected":false},"author":142,"featured_media":1425,"comment_status":"open","ping_status":"closed","sticky":false,"template":"","format":"standard","meta":[],"categories":[1],"tags":[588,586,99,101,188,587],"_links":{"self":[{"href":"https:\/\/blogs.hoy.es\/un-extremeno-en-el-artico\/wp-json\/wp\/v2\/posts\/1422"}],"collection":[{"href":"https:\/\/blogs.hoy.es\/un-extremeno-en-el-artico\/wp-json\/wp\/v2\/posts"}],"about":[{"href":"https:\/\/blogs.hoy.es\/un-extremeno-en-el-artico\/wp-json\/wp\/v2\/types\/post"}],"author":[{"embeddable":true,"href":"https:\/\/blogs.hoy.es\/un-extremeno-en-el-artico\/wp-json\/wp\/v2\/users\/142"}],"replies":[{"embeddable":true,"href":"https:\/\/blogs.hoy.es\/un-extremeno-en-el-artico\/wp-json\/wp\/v2\/comments?post=1422"}],"version-history":[{"count":6,"href":"https:\/\/blogs.hoy.es\/un-extremeno-en-el-artico\/wp-json\/wp\/v2\/posts\/1422\/revisions"}],"predecessor-version":[{"id":1447,"href":"https:\/\/blogs.hoy.es\/un-extremeno-en-el-artico\/wp-json\/wp\/v2\/posts\/1422\/revisions\/1447"}],"wp:featuredmedia":[{"embeddable":true,"href":"https:\/\/blogs.hoy.es\/un-extremeno-en-el-artico\/wp-json\/wp\/v2\/media\/1425"}],"wp:attachment":[{"href":"https:\/\/blogs.hoy.es\/un-extremeno-en-el-artico\/wp-json\/wp\/v2\/media?parent=1422"}],"wp:term":[{"taxonomy":"category","embeddable":true,"href":"https:\/\/blogs.hoy.es\/un-extremeno-en-el-artico\/wp-json\/wp\/v2\/categories?post=1422"},{"taxonomy":"post_tag","embeddable":true,"href":"https:\/\/blogs.hoy.es\/un-extremeno-en-el-artico\/wp-json\/wp\/v2\/tags?post=1422"}],"curies":[{"name":"wp","href":"https:\/\/api.w.org\/{rel}","templated":true}]}}