{"id":1515,"date":"2018-09-19T20:38:08","date_gmt":"2018-09-19T18:38:08","guid":{"rendered":"http:\/\/blogs.hoy.es\/un-extremeno-en-el-artico\/?p=1515"},"modified":"2019-05-08T19:53:08","modified_gmt":"2019-05-08T17:53:08","slug":"buscado-el-sotavento-para-huir-del-avannaq","status":"publish","type":"post","link":"https:\/\/blogs.hoy.es\/un-extremeno-en-el-artico\/2018\/09\/19\/buscado-el-sotavento-para-huir-del-avannaq\/","title":{"rendered":"Buscado el sotavento para huir del avannaq"},"content":{"rendered":"<p>&nbsp;<\/p>\n<div id=\"attachment_1518\" style=\"width: 1034px\" class=\"wp-caption alignnone\"><a href=\"https:\/\/static-blogs.hoy.es\/wp-content\/uploads\/sites\/119\/2018\/09\/33399204_1036082529882126_3893834221185138688_o.jpg\"><img aria-describedby=\"caption-attachment-1518\" loading=\"lazy\" class=\"size-large wp-image-1518\" src=\"https:\/\/static-blogs.hoy.es\/wp-content\/uploads\/sites\/119\/2018\/09\/33399204_1036082529882126_3893834221185138688_o-1024x768.jpg\" alt=\"Una de nuestras lanchas del Sur se llama Avannaq\" width=\"1024\" height=\"768\" srcset=\"https:\/\/static-blogs.hoy.es\/wp-content\/uploads\/sites\/119\/2018\/09\/33399204_1036082529882126_3893834221185138688_o-1024x768.jpg 1024w, https:\/\/static-blogs.hoy.es\/wp-content\/uploads\/sites\/119\/2018\/09\/33399204_1036082529882126_3893834221185138688_o-300x225.jpg 300w, https:\/\/static-blogs.hoy.es\/wp-content\/uploads\/sites\/119\/2018\/09\/33399204_1036082529882126_3893834221185138688_o-768x576.jpg 768w, https:\/\/static-blogs.hoy.es\/wp-content\/uploads\/sites\/119\/2018\/09\/33399204_1036082529882126_3893834221185138688_o.jpg 1080w\" sizes=\"(max-width: 1024px) 100vw, 1024px\" \/><\/a><p id=\"caption-attachment-1518\" class=\"wp-caption-text\"><em>\u00a0Avannaq, tambi\u00e9n es el nombre de una de nuestras lanchas del Sur.<\/em><\/p><\/div>\n<hr \/>\n<p><strong><a href=\"https:\/\/www.facebook.com\/photo.php?fbid=1036082523215460&amp;set=pb.100004411654685.-2207520000.1537118515.&amp;type=3&amp;theater\" rel=\"external nofollow\">AVANNAQ<\/a>\u00a0<\/strong><\/p>\n<p><strong>En lengua inuit, significa viento fr\u00edo que viene del Noroeste, persistente y repentino, capaz de levantar un vendaval en pocos minutos. Genera espuma sobre las crestas de las olas. El mar rompe con un aullido constante. Al enca\u00f1onarse en los valles traza lineas en las aguas, generando oleaje rompiente que es infranqueable por las peque\u00f1as embarcaciones.<\/strong><\/p>\n<p>&nbsp;<\/p>\n<p><strong><span style=\"font-family: 'Georgia','serif'; color: #333333;\">Mediados de septiembre<\/span><\/strong><\/p>\n<p style=\"font-variant-ligatures: normal; font-variant-caps: normal; orphans: 2; text-align: start; widows: 2; -webkit-text-stroke-width: 0px; text-decoration-style: initial; text-decoration-color: initial; word-spacing: 0px;\"><span style=\"font-family: 'Georgia','serif'; color: #333333;\">El clima se complicaba como es costumbre en estas fechas, otro regreso m\u00e1s en condiciones extremas y con poco margen de maniobra.<\/span><\/p>\n<hr \/>\n<p>Tocaba despedirse de colaboradores y del viejo amigo Niels de la oficina de turismo.<\/p>\n<p><em>-\u00bfA qu\u00e9 hora empieza el avannaq, Niels?<\/em><\/p>\n<p><em>-\u00bfTe vas a marchar hoy?<\/em><\/p>\n<p>Niels me responde con otra pregunta haciendo una muesca de sorpresa con la cara.<\/p>\n<p><em>&#8211; Sobre la una de la tarde, se esperan rachas de 30 m\/s (108 kil\u00f3metros por hora de velocidad) dice el\u00a0<a href=\"http:\/\/www.dmi.dk\/groenland\/vejret\/byvejr\/by\/vis\/GL\/4283\/Nanortalik,%20Gr%C3%B8nland\/\" rel=\"external nofollow\">DMI<\/a>.<\/em><\/p>\n<p><em>-Tendr\u00e1s que darte prisa o te va a pillar navegando.<\/em><\/p>\n<p><em>-Me voy corriendo entonces, tengo dos horas y media antes de que suba al m\u00e1ximo el viento !Buen invierno y gracias por todo Niels!<\/em><\/p>\n<p>As\u00ed me desped\u00ed, hab\u00eda que correr\u00a0 para evitar que nos pillara en mar abierto el temporal. Solo nos quedaba estibar en la peque\u00f1a zodiac\u00a0nuestro equipaje y algunos materiales para <em>Qassiarsuk<\/em> .<\/p>\n<p><em>-Ya ha empezado a soplar<\/em>. Le dije a Fran, mi compa\u00f1ero del desmontaje.<\/p>\n<p><strong>Salida incierta<\/strong><\/p>\n<p>&#8211;<em>\u00bfPara qu\u00e9 es esa cinta, Jose?<\/em> me pregunta Fran.<\/p>\n<p>Ensimismado porteando cosas le respondo\u00a0segundos despu\u00e9s <em>-Es una l\u00ednea de vida, con la que me asegurar\u00e9 a la zodiac.<\/em><\/p>\n<p>&#8211;<em>Ponte un salvavidas esta vez<\/em>. Le indico.<\/p>\n<p><em>-\u00a1Pero si el mono de navegaci\u00f3n flota!<\/em> afirma Fran.<\/p>\n<p><em>-lo s\u00e9, pero tambi\u00e9n puedes flotar boca abajo&#8230;<\/em><\/p>\n<p><em>&#8211; Ahh, ya veo<\/em>. Fran coge un chaleco y se lo pone.<\/p>\n<p>&nbsp;<\/p>\n<p>Abr\u00ed el tambucho donde est\u00e1 guardado el equipo de seguridad, y mientras, Fran segu\u00eda acarreando cosas hacia el barco, tom\u00e9 un par de bengalas y las met\u00ed en el bolsillo inferior de mi mono de navegaci\u00f3n.<\/p>\n<p><em>-Hay que asegurar muy bien las cosas bajo la lona del barco, vamos a botar mucho y no me gustar\u00eda tener que asegurar nada en medio de ning\u00fan vendaval.<\/em><\/p>\n<p>Mir\u00e9 de reojo a la monta\u00f1a de <em>Nanortalik<\/em>\u00a0y v\u00ed las nubes que entraban r\u00e1pidamente empujadas por el viento fr\u00edo. No quer\u00eda reconocer que si sal\u00edamos este d\u00eda, \u00edbamos a tener que apretar mucho los dientes durante la larga traves\u00eda de regreso.<\/p>\n<p>&nbsp;<\/p>\n<div id=\"attachment_1525\" style=\"width: 778px\" class=\"wp-caption alignnone\"><a href=\"https:\/\/static-blogs.hoy.es\/wp-content\/uploads\/sites\/119\/2018\/09\/IMG_20180802_072639.jpg\"><img aria-describedby=\"caption-attachment-1525\" loading=\"lazy\" class=\"size-full wp-image-1525\" src=\"https:\/\/static-blogs.hoy.es\/wp-content\/uploads\/sites\/119\/2018\/09\/IMG_20180802_072639.jpg\" alt=\"Las nubes cargadas de humedad son empujadas por el potente viento fr\u00edo. Ya tenemos encima el temporal.\" width=\"768\" height=\"432\" srcset=\"https:\/\/static-blogs.hoy.es\/wp-content\/uploads\/sites\/119\/2018\/09\/IMG_20180802_072639.jpg 768w, https:\/\/static-blogs.hoy.es\/wp-content\/uploads\/sites\/119\/2018\/09\/IMG_20180802_072639-300x169.jpg 300w\" sizes=\"(max-width: 768px) 100vw, 768px\" \/><\/a><p id=\"caption-attachment-1525\" class=\"wp-caption-text\"><em>Desde el puerto vemos nubes negras cargadas de humedad que son empujadas por la potencia del avannaq. Ya tenemos el temporal encima.<\/em><\/p><\/div>\n<p><em><span style=\"font-size: 8.0pt; font-family: 'Georgia','serif'; color: #333333; background: white;\">\u00a0<\/span><\/em><\/p>\n<div id=\"attachment_1526\" style=\"width: 648px\" class=\"wp-caption alignnone\"><a href=\"https:\/\/static-blogs.hoy.es\/wp-content\/uploads\/sites\/119\/2018\/09\/Byvejr-Nanortalik-Gr\u00f8nland29-08-8-00_Page_1.jpg\"><img aria-describedby=\"caption-attachment-1526\" loading=\"lazy\" class=\"size-full wp-image-1526\" src=\"https:\/\/static-blogs.hoy.es\/wp-content\/uploads\/sites\/119\/2018\/09\/Byvejr-Nanortalik-Gr\u00f8nland29-08-8-00_Page_1.jpg\" alt=\"Temporal del d\u00eda 29 de agosto. Parecido al que tuvimos el d\u00eda 11 de septiembre.\" width=\"638\" height=\"359\" srcset=\"https:\/\/static-blogs.hoy.es\/wp-content\/uploads\/sites\/119\/2018\/09\/Byvejr-Nanortalik-Gr\u00f8nland29-08-8-00_Page_1.jpg 638w, https:\/\/static-blogs.hoy.es\/wp-content\/uploads\/sites\/119\/2018\/09\/Byvejr-Nanortalik-Gr\u00f8nland29-08-8-00_Page_1-300x169.jpg 300w\" sizes=\"(max-width: 638px) 100vw, 638px\" \/><\/a><p id=\"caption-attachment-1526\" class=\"wp-caption-text\"><em>Temporal del 29 de agosto, parecido al del d\u00eda de nuestro regreso el 11 de septiembre, salvo por un detalle&#8230;sopl\u00f3 durante cinco d\u00edas seguidos sin parar. Las flechas de abajo nos indica la direcci\u00f3n del aire W (Oeste) NW (Noroeste), as\u00ed podemos identificar que es un avannaq, se nota tambi\u00e9n la bajada de temperaturas que viene asociadas. Las rachas de viento en esta \u00e9poca del a\u00f1o pueden sobrepasar <a href=\"https:\/\/es.wikipedia.org\/wiki\/Escala_de_Beaufort\" rel=\"external nofollow\">FUERZA 10<\/a>, m\u00e1s de 110 kil\u00f3metros por hora. Instituto Meteorol\u00f3gico\u00a0Dan\u00e9s <a href=\"http:\/\/www.dmi.dk\/groenland\/vejret\/byvejr\/by\/vis\/GL\/4283\/Nanortalik,%20Gr%C3%B8nland\/\" rel=\"external nofollow\">DMI.<\/a><\/em><\/p><\/div>\n<p>&nbsp;<\/p>\n<div id=\"attachment_1523\" style=\"width: 778px\" class=\"wp-caption alignnone\"><a href=\"https:\/\/static-blogs.hoy.es\/wp-content\/uploads\/sites\/119\/2018\/09\/P8310662.jpg\"><img aria-describedby=\"caption-attachment-1523\" loading=\"lazy\" class=\"size-full wp-image-1523\" src=\"https:\/\/static-blogs.hoy.es\/wp-content\/uploads\/sites\/119\/2018\/09\/P8310662.jpg\" alt=\"El viento comienza a arreciar levantando espuma. En pocos minutos ha limpiado r\u00e1pidamente toda la nubosidad\u00a0Escala Beaufort F6.\" width=\"768\" height=\"576\" srcset=\"https:\/\/static-blogs.hoy.es\/wp-content\/uploads\/sites\/119\/2018\/09\/P8310662.jpg 768w, https:\/\/static-blogs.hoy.es\/wp-content\/uploads\/sites\/119\/2018\/09\/P8310662-300x225.jpg 300w\" sizes=\"(max-width: 768px) 100vw, 768px\" \/><\/a><p id=\"caption-attachment-1523\" class=\"wp-caption-text\"><em>El viento comienza a\u00a0subir de intensidad levantando espuma. En pocos minutos ha limpiado toda la nubosidad <a href=\"https:\/\/es.wikipedia.org\/wiki\/Escala_de_Beaufort\" rel=\"external nofollow\">escala Beaufort FUERZA6<\/a>.<\/em><\/p><\/div>\n<p>&nbsp;<\/p>\n<p>\u00a1Salimos al fin! Veremos qu\u00e9 ocurre al dejar la seguridad de los canales de la isla, pensaba. La lluvia nos volvi\u00f3 a sorprender junto con una densa niebla que tapaba todo el fiordo de\u00a0<em>S\u00f8ndre<\/em>.<\/p>\n<p>Rumbo de aguja 030\u00ba, sin poder ver el siguiente cabo, memorizaba mi direcci\u00f3n y el tiempo que necesitar\u00eda hasta alcanzarlo.\u00a0Pod\u00eda ir directo al cabo sin verlo, de todos modos me topar\u00eda con \u00e9l si estaba pendiente de mi comp\u00e1s.<\/p>\n<p>Al superar el norte de la gran isla de\u00a0<em>Sermersooq<\/em>, nos enfrent\u00e1bamos al <em>avannaq<\/em> frontalmente, ya pod\u00eda ver sus primeras rachas levantando espuma en la superficie. Segu\u00eda lloviendo abundantemente, pero de repente cambi\u00f3. Comenz\u00f3 a abrirse el cielo y una secuencia de arco\u00edris emergi\u00f3 desapareciendo la nubosidad.<\/p>\n<p>La temperatura baj\u00f3 unos grados y el murmullo del viento sobre las olas se hac\u00eda cada vez m\u00e1s presente. Mojados y con sensaci\u00f3n t\u00e9rmica cada vez m\u00e1s g\u00e9lida,\u00a0nuestras\u00a0manos y rostro comenzaban a helarse, incluso respirar era doloroso.<\/p>\n<p><strong>Mar abierto sin protecci\u00f3n<\/strong><\/p>\n<p>Hab\u00eda que acercase m\u00e1s a la rocosa costa de las islas de\u00a0<em>Kanajormiut <\/em>en busca del abrigo contra la furiosa brisa. Deb\u00edamos parar en la isla de\u00a0<a href=\"https:\/\/www.google.es\/search?q=uunartoq+island&amp;tbm=isch&amp;tbo=u&amp;source=univ&amp;sa=X&amp;ved=2ahUKEwjRzpXD0MDdAhVE-YUKHS1EBEYQsAR6BAgEEAE&amp;biw=1440&amp;bih=763\" rel=\"external nofollow\"><em>Uunartoq<\/em><\/a>\u00a0y luego continuar r\u00e1pidamente hasta\u00a0<a href=\"https:\/\/de.wikipedia.org\/wiki\/Alluitsup_Paa\" rel=\"external nofollow\"><em>Alluitsup Paa<\/em><\/a>.<\/p>\n<p>Mar abierto, primer tramo expuesto con olas de mar de fondo, hay que acortar lo que podamos, el indicador de combustible me est\u00e1 avisando y no me gustar\u00eda parar aqu\u00ed para tratar de repostar. Cambio el rumbo a Norte directo, atravesando el canal de\u00a0<em>Imatsiaq<\/em>\u00a0en perpendicular en busca del seguro\u00a0<a href=\"https:\/\/es.wikipedia.org\/wiki\/Sotavento_y_barlovento\" rel=\"external nofollow\">sotavento\u00a0<\/a>. El oleaje en este lugar es intenso, el aire se ha enca\u00f1onado en un collado, si sigo con este rumbo en busca de sotavento me quedar\u00e9 a la deriva sin combustible muy pronto.<\/p>\n<p><strong>Alluitsup Paa queda bien protegido del potente viento \u00a1hay que llegar como sea!<\/strong><\/p>\n<p>Debo tomar una decisi\u00f3n r\u00e1pido, seguir sin repostar y tratar de llegar al puerto seguro de\u00a0<em><a href=\"https:\/\/www.google.es\/maps\/place\/Alluitsup+Paa,+Groenlandia\/@60.4630002,-45.5880794,14z\/data=!3m1!4b1!4m5!3m4!1s0x4eaa4f969396ea09:0xd63558965b94e1a6!8m2!3d60.4630018!4d-45.5705699\" rel=\"external nofollow\">Alliutsup Paa<\/a>\u00a0<\/em>o parar en medio del oleaje<em>. <\/em>Contin\u00fao\u00a0<a href=\"https:\/\/sailandtrip.com\/capear-el-temporal\/\" rel=\"external nofollow\">capeando el temporal<\/a>\u00a0entrando a las olas por la amura de babor, las olas rompen de costado salpic\u00e1ndonos con helados y dolorosos <a href=\"https:\/\/www.google.es\/search?q=rociones&amp;tbm=isch&amp;source=iu&amp;ictx=1&amp;fir=wHAn84CguyndCM%253A%252CGqtilVTW9mrbgM%252C_&amp;usg=AFrqEzf9yT-0PMb2QAD1Sbs7mu9SQHbs8g&amp;sa=X&amp;ved=2ahUKEwjBk-yrnMLdAhUiyoUKHdTCAYgQ9QEwA3oECAYQBA#imgrc=wHAn84CguyndCM:\" rel=\"external nofollow\">rociones<\/a>\u00a0\u00a1Fran est\u00e1 empapado!<\/p>\n<p><strong>Viento\u00a0<a href=\"https:\/\/www.youtube.com\/watch?v=gKs--LKRC3g\" rel=\"external nofollow\">FUE<\/a><\/strong><strong><a href=\"https:\/\/www.youtube.com\/watch?v=gKs--LKRC3g\" rel=\"external nofollow\">RZA\u00a07<\/a><\/strong><\/p>\n<p>Siguiente cabo, y otro peligroso cruce. En el ancho fiordo de <em>Uunartoq<\/em>\u00a0han subido las rachas del viento. Las olas de mar de fondo se confunden con el oleaje por la mar de viento haciendo la navegaci\u00f3n mucho m\u00e1s inestable, aminoro la velocidad y vuelvo a ajustar <a href=\"http:\/\/www.fondear.org\/infonautic\/Barco\/Barco_Navegando\/Prestaciones\/Prestaciones.htm\" rel=\"external nofollow\">el trim del motor<\/a> tratando de encarar mejor los choques contras las olas.<\/p>\n<div id=\"attachment_1542\" style=\"width: 510px\" class=\"wp-caption alignnone\"><a href=\"https:\/\/static-blogs.hoy.es\/wp-content\/uploads\/sites\/119\/2018\/09\/Motores_07.jpg\"><img aria-describedby=\"caption-attachment-1542\" loading=\"lazy\" class=\"size-full wp-image-1542\" src=\"https:\/\/static-blogs.hoy.es\/wp-content\/uploads\/sites\/119\/2018\/09\/Motores_07.jpg\" alt=\"Cuando la h\u00e9lice empuja paralelo a la superficie, habremos logrado el \u00e1ngulo perfecto para el trim. El empuje es plano. Toda la potencia se invierte en lograr m\u00e1s velocidad.\" width=\"500\" height=\"420\" srcset=\"https:\/\/static-blogs.hoy.es\/wp-content\/uploads\/sites\/119\/2018\/09\/Motores_07.jpg 500w, https:\/\/static-blogs.hoy.es\/wp-content\/uploads\/sites\/119\/2018\/09\/Motores_07-300x252.jpg 300w\" sizes=\"(max-width: 500px) 100vw, 500px\" \/><\/a><p id=\"caption-attachment-1542\" class=\"wp-caption-text\"><em>Cuando la h\u00e9lice empuja paralelo a la superficie, habremos logrado el \u00e1ngulo perfecto para el trim. El empuje es plano. Toda la potencia se invierte en lograr m\u00e1s velocidad.<\/em><\/p><\/div>\n<p>Apenas se escucha el viento al llegar al pueblo. El dep\u00f3sito est\u00e1 seco, pero al menos hemos podido llegar a un lugar familiar tranquilizando algo las cosas. Aunque estamos en el pico de m\u00e1xima potencia del temporal, todo es aparente tranquilidad. Mientras termino de repostar pienso en llamar a<a href=\"https:\/\/www.facebook.com\/profile.php?id=100008704274541\" rel=\"external nofollow\"> Aggu<\/a> <em>\u00bfestar\u00e1 en casa?<\/em><\/p>\n<p><em>El recuerdo del regreso de hace tres a\u00f1os lo tengo ahora muy presente, Aggu me aconsej\u00f3 no continuar navegando debido a otro temporal, no le hice caso y casi nos cuesta la vida al cruzar el temido desde entonces canal de Qaarsuup.\u00a0 Apunto volcamos por el terrible oleaje, adem\u00e1s, para salvarnos, tuvimos que atravesar unos canales repletos de escolleras desconocidas para m\u00ed. Pero al fin conseguimos refugio en la escuela de la isla de Sarlooq.<\/em><\/p>\n<p><strong>Itinerario sobre el rumbo Noroeste para protegernos del viento avannaq.<\/strong><\/p>\n<div id=\"attachment_1537\" style=\"width: 1034px\" class=\"wp-caption alignnone\"><a href=\"https:\/\/static-blogs.hoy.es\/wp-content\/uploads\/sites\/119\/2018\/09\/a5.jpg\"><img aria-describedby=\"caption-attachment-1537\" loading=\"lazy\" class=\"size-large wp-image-1537\" src=\"https:\/\/static-blogs.hoy.es\/wp-content\/uploads\/sites\/119\/2018\/09\/a5-1024x574.jpg\" alt=\"Las flechas azules representan el viento y los c\u00edrculos en rojo los cruces peligrosos\" width=\"1024\" height=\"574\" srcset=\"https:\/\/static-blogs.hoy.es\/wp-content\/uploads\/sites\/119\/2018\/09\/a5-1024x574.jpg 1024w, https:\/\/static-blogs.hoy.es\/wp-content\/uploads\/sites\/119\/2018\/09\/a5-300x168.jpg 300w, https:\/\/static-blogs.hoy.es\/wp-content\/uploads\/sites\/119\/2018\/09\/a5-768x431.jpg 768w, https:\/\/static-blogs.hoy.es\/wp-content\/uploads\/sites\/119\/2018\/09\/a5.jpg 1361w\" sizes=\"(max-width: 1024px) 100vw, 1024px\" \/><\/a><p id=\"caption-attachment-1537\" class=\"wp-caption-text\"><em>Las flechas azules representan la direcci\u00f3n del viento avannaq, los c\u00edrculos en rojo los cruces peligrosos, los n\u00fameros representan la altura de las olas en metros, fijaros en el 4,5 son en el canal de Qaarsuup ikerasuaa, el paso con m\u00e1s peligro de todo el sur.<\/em><\/p><\/div>\n<p>&nbsp;<\/p>\n<p>Aggu est\u00e1 en casa, necesito la opini\u00f3n del maestro que me ense\u00f1\u00f3 a navegar en estas aguas \u00e1rticas.<\/p>\n<p>&#8211;<em>Hola Juusi \u00bfya terminaste en el sur?<\/em><\/p>\n<p><em> -S\u00ed Aggu, hemos terminado, todo est\u00e1 cerrado ya.<\/em><\/p>\n<p><em>-Quer\u00eda despedirme de ti y desearte un buen invierno amigo m\u00edo\u00a0<\/em><em>\u00bfCrees que podr\u00e9 pasar el canal de Qaarsuup esta vez?<\/em><\/p>\n<p><em>-D\u00e9jame ver.<\/em><\/p>\n<p>Tom\u00f3 sus prism\u00e1ticos y mir\u00f3 a trav\u00e9s de la ventana.<\/p>\n<p><em>-uhhh hay olas grandes pero bajar\u00e1 el avannaq esta tarde.<\/em><\/p>\n<p>Con un tono de duda me dijo que tuviera cuidado en el viraje para entrar en el remanso <em>Ummanarsuaq,<\/em>\u00a0iba a ser peligroso, las olas nos arremeter\u00edan desde el costado en\u00a0ese canal.<\/p>\n<p>Luego se dirigi\u00f3 a su vieja carta n\u00e1utica de la pared y con el dedo me fue dibujando el rumbo a sotavento (al abrigo del viento) que deb\u00edamos seguir.<\/p>\n<p><em>-Muchas gracias Aggu, espero que tengas abundante caza en primavera, nos veremos en verano.<\/em><\/p>\n<p>La despedida acab\u00f3 en un sincero abrazo y con &#8220;takuss\u00a0<em>immaqa<\/em>&#8221; (adi\u00f3s, quiz\u00e1s).<\/p>\n<hr \/>\n<p>&nbsp;<\/p>\n<p><strong>\u00a1All\u00e1 vamos de nuevo!\u00a0<\/strong><\/p>\n<p>Hay que buscar el\u00a0seguro parapeto contra el aire en la siguiente isla. Las olas nos vuelven a dar de costado, otro largo cruce y en medio las olas son cada vez m\u00e1s grandes. Ahora hay que estar muy atentos, un golpe de mar nos despega de la superficie, de reojo veo la h\u00e9lice del motor, una primera ola nos ha catapultado haci\u00e9ndonos chocar contra la siguiente y con otra m\u00e1s, me hace perder el equilibrio cayendo sobre el flotador del barco. Consigo sujetarme y desacelero bajando la palanca de gases, al bajar la velocidad la siguiente secuencia de olas nos vuelve a desestabilizar peligrosamente \u00a1Acelerador a tope! voy a lanzar la proa contra la siguiente secuencia, bajo todo<a href=\"http:\/\/www.fondear.org\/infonautic\/Barco\/Barco_Navegando\/Prestaciones\/Prestaciones.htm\" rel=\"external nofollow\"> el trim del motor<\/a>\u00a0para que la proa quede lo m\u00e1s baja posible y al fin la consigo estabilizar hasta llegar al sotavento de la isla.<\/p>\n<p><strong>\u00a1FUERZA 10 mar gruesa!<\/strong><\/p>\n<p>Fran me pregunta c\u00f3mo es el siguiente tramo, otro viraje y una potente y ensordecedora racha de viento que nos sacude, el oleaje es de menor altura al navegar muy pegado a la costa, pero la corriente de aire se acelera al atravesar un collado marcando lineas de viento sobre la superficie del agua \u00a1\u00a1acabamos de cruzar esta persistente racha de aire de 30 metros por segundo (108 kil\u00f3metros por hora)!!<\/p>\n<p>Debemos parar, busco un lugar para afianzar la carga antes de entrar en el peligroso canal de qaarsuup.<\/p>\n<p><em>-Prep\u00e1rate\u00a0Fran \u00bfves el siguiente cabo? <\/em>Le indico con el dedo.<\/p>\n<p><em>-S\u00ed \u00a1lo veo!<\/em><\/p>\n<p><em>-Pues ah\u00ed est\u00e1 el paso del que te hablaba.<\/em><\/p>\n<p><em>-\u00a1Ahora empieza lo serio t\u00edo! si entramos ah\u00ed, no habr\u00e1 retorno quiz\u00e1s, ser\u00e1 m\u00e1s peligroso que seguir si trato de virar \u00bflo tienes claro?<\/em><\/p>\n<p><em>-\u00a1Vamos a darle ca\u00f1a pues!<\/em> sentencia Fran.<\/p>\n<p><em>-Ahora s\u00ed que nos vamos a mojar, sigue sentado en el centro, algo te proteger\u00e1&#8230;<\/em><\/p>\n<p>Estamos ya en el canal <em>-\u00a1Empieza la rumba! Hay que tratar de rebasar aquellas rocas y tendremos el remanso de entrada a la vista<\/em>. Ten\u00edamos que gritar para poder escucharnos\u00a0a pesar de estar a un palmo\u00a0de distancia el uno del otro.<\/p>\n<p><a href=\"https:\/\/static-blogs.hoy.es\/wp-content\/uploads\/sites\/119\/2018\/09\/IMG_20180911_160351-1.jpg\"><img loading=\"lazy\" class=\"size-full wp-image-1533\" src=\"https:\/\/static-blogs.hoy.es\/wp-content\/uploads\/sites\/119\/2018\/09\/IMG_20180911_160351-1.jpg\" alt=\"Siguiente cabo, los borreguillos son cada vez m\u00e1s alargados, incluso la espuma que se forma empieza a desprenderse.\" width=\"768\" height=\"398\" srcset=\"https:\/\/static-blogs.hoy.es\/wp-content\/uploads\/sites\/119\/2018\/09\/IMG_20180911_160351-1.jpg 768w, https:\/\/static-blogs.hoy.es\/wp-content\/uploads\/sites\/119\/2018\/09\/IMG_20180911_160351-1-300x155.jpg 300w\" sizes=\"(max-width: 768px) 100vw, 768px\" \/><\/a><em>Salida a mar abierto, Qaarsuup ikerasuaa. Las olas de mar de fondo son cada vez m\u00e1s altas al\u00a0estrecharse el canal. Incluso la espuma que se forma empieza a desprenderse de la superficie debido al fort\u00edsimo viento.<\/em><\/p>\n<p>&nbsp;<\/p>\n<p><strong><span style=\"text-decoration: underline;\">VIDEO\u00a0Asegurando la carga antes de atravesar el canal.<\/span><\/strong><\/p>\n<p>Fran ajusta los cabos de la carga en un lugar resguardado a sotavento antes de afrontar cruce por mar abierto, para luego volver a entrar por el remanso de <em>Ummanarsuaq<\/em>.<br \/>\n<iframe loading=\"lazy\" src=\"\/\/players.brightcove.net\/85688295001\/default_default\/index.html?videoId=5836857429001\" width=\"800\" height=\"450\" allowfullscreen=\"allowfullscreen\"><\/iframe><\/p>\n<p>&nbsp;<\/p>\n<p><strong><span style=\"text-decoration: underline;\">VIDEO\u00a0alguien nos advierte del peligro.<\/span><\/strong><\/p>\n<p>En la entrada del canal, vemos otra embarcaci\u00f3n que viene en direcci\u00f3n contraria, posiblemente se haya dado la vuelta. Al pasar paralelo a nosotros, nos hace se\u00f1as con la mano haciendo movimientos, nos quiere decir que all\u00e1 delante hay olas grandes.<br \/>\n<iframe loading=\"lazy\" src=\"\/\/players.brightcove.net\/85688295001\/default_default\/index.html?videoId=5836858434001\" width=\"800\" height=\"450\" allowfullscreen=\"allowfullscreen\"><\/iframe><\/p>\n<p>La visibilidad es muy buena, se puede ver una l\u00ednea blanca delante de nosotros, es agua en polvo parecida a neblina. Ahora hay que afrontar el cruce con temple y no cometer ning\u00fan fallo. Lo mejor es jugar con la palanca de gases, subir las olas con suficiente velocidad pero nunca hacer que se incline la proa hacia arriba m\u00e1s de la cuenta, para luego acelerar al bajar el valle que deja la ola.<\/p>\n<p><strong><span style=\"text-decoration: underline;\">VIDEO\u00a0dentro del\u00a0 canal qaarsuup ikerasuaa.<\/span><\/strong><br \/>\n<video class=\"video-js\" controls=\"controls\" width=\"800\" height=\"600\" data-video-id=\"5836864135001\" data-account=\"85688295001\" data-player=\"default\" data-embed=\"default\" data-application-id=\"\"><\/video><br \/>\n<script src=\"\/\/players.brightcove.net\/85688295001\/default_default\/index.min.js\"><\/script><br \/>\nEn este v\u00eddeo, en el minuto 2:30 se aprecian olas de tama\u00f1o preocupante..<\/p>\n<p>&nbsp;<\/p>\n<p><span style=\"text-decoration: underline;\"><strong>VIDEO\u00a0tratando de llegar al remanso de entrada.<\/strong><\/span><\/p>\n<p>Nos encontramos en el lugar m\u00e1s complicado del cruce, vemos que otro barco de casco cerrado nos est\u00e1 rebasando, impresiona verle como embiste la mar gruesa, las salpicaduras que crea salen a toda velocidad muchos metros atr\u00e1s debido a la persistencia del\u00a0fuerte vendaval.<br \/>\n<iframe loading=\"lazy\" src=\"\/\/players.brightcove.net\/85688295001\/default_default\/index.html?videoId=5836857019001\" width=\"800\" height=\"600\" allowfullscreen=\"allowfullscreen\"><\/iframe><\/p>\n<p><strong>Viraje extremo<\/strong><\/p>\n<p>La embarcaci\u00f3n que nos acaba de rebasar intenta seguir por mar abierto rumbo a Sarlooq.<\/p>\n<p><em>-Mira Fran \u00a1\u00a1esos est\u00e1n locos, all\u00e1 m\u00e1s adelante el batiente ser\u00e1 un metro m\u00e1s alto\u00a1\u00a1<\/em><\/p>\n<p>Mientras tanto, ya veo a lo lejos el paso para salir de esta centrifugadora. Las ondas de oleaje chocan contra la costa rebotando y generando otro oleaje en sentido inverso que frena la siguiente secuencia, provocando torbellinos y que se rompan disgreg\u00e1ndose en todas direcciones pero con potencia al estrecho paso que debemos tomar \u00a1este lugar es una locura!<\/p>\n<p>&#8211;<em>\u00a1Lo sab\u00eda!<\/em> Afirmo, el barco cerrado se ha dado la vuelta buscando la seguridad del paso por el que tratamos llegar tambi\u00e9n nosotros.<\/p>\n<p><em>-Voy a hacer un viraje r\u00e1pido \u00a1como nos de una de estas &#8220;bichas&#8221; nos va hacer rodar delante de ella!\u00a0<\/em>Le grito al empapado compa\u00f1ero.<\/p>\n<p><strong>Barlovento<\/strong><\/p>\n<p>Mientras surfeo las grandes rampas de agua, trato de controlar la embarcaci\u00f3n, pienso en la mejor manera de alejarme de los peligrosos escollos para entrar en el paso que nos salvar\u00e1 de este terrible lugar. Ahora m\u00e1s que nunca todo tiene que funcionar, ya que nos encontramos en el lado peligroso de un vendaval y para m\u00e1s guasa <em>\u00a1a barlovento!<\/em>\u00a0doblando un cabo en sentido del fuerte viento y oleaje. Una fallo del motor o un golpe de mar que nos desestabilice, y nos arrojar\u00e1 contra las rocas haci\u00e9ndonos mil pedazos. Igual como sucedi\u00f3 el a\u00f1o pasado a otra de nuestras lanchas, haciendose a\u00f1icos contra la costa al cortarse el cabo que la sujetaba.<\/p>\n<p>Icebergs en la entrada \u00a1no me lo puedo creer! si no tenemos suficiente ahora hay que evitar tambi\u00e9n hielo arrojado de dos t\u00e9mpanos que el agua arremete haci\u00e9ndolos balancear.<\/p>\n<p>\u00a1\u00a1\u00a1Ummanarsuaq, salvados!!!<\/p>\n<p>Nos miramos y chocamos las palmas empapadas.<\/p>\n<p><em>&#8211; \u00a1Ufff esto se merece una cerveza!<\/em><\/p>\n<p>As\u00ed seguimos zarandeados surfeando olas de tres metros\u00a0 junto con mar de fondo, hasta los seguros canales de <em>Kanger<\/em> y <em>Ikia<\/em>. El avannaq solo nos dio respiro cuando llegamos al puerto de <em>Qaportoq.<\/em><\/p>\n<hr \/>\n<p><em>La traves\u00eda de regreso nos llev\u00f3 m\u00e1s de seis horas, el doble de lo que habitualmente se hace. <\/em><\/p>\n<p><em>Con el rostro abrasado y entumecidos por el fr\u00edo, decidimos que era hora de parar de aquel laaargo d\u00eda y descansar en Qaportoq, ya seguir\u00edamos\u00a0al d\u00eda siguiente hasta nuestro destino, Qassiarsuk.<\/em><\/p>\n<hr \/>\n<p style=\"text-align: center;\"><em><strong>Para ver m\u00e1s de mis aventuras, pulsa en los links<\/strong><\/em><\/p>\n<p style=\"text-align: center;\"><strong><a href=\"https:\/\/www.facebook.com\/JoseTrejo404\/\" rel=\"external nofollow\">Facebook<\/a><\/strong><\/p>\n<p style=\"text-align: center;\"><em><strong>Para ver m\u00e1s fotos de mis viajes, puedes seguirme en este link<\/strong><\/em><\/p>\n<p style=\"text-align: center;\"><a href=\"https:\/\/www.instagram.com\/josetrejo404\/?hl=es\" rel=\"external nofollow\"><strong>Instagram<\/strong><\/a><\/p>\n<p style=\"text-align: center;\"><a href=\"https:\/\/www.google.es\/search?q=%23UnExtreme%C3%B1oEnEl%C3%81rtico&amp;tbm=isch&amp;tbo=u&amp;source=univ&amp;sa=X&amp;ved=0ahUKEwjk4__i8fzYAhUBWxQKHd2fCmUQsAQILQ&amp;biw=1366&amp;bih=637\" rel=\"external nofollow\">#UnExtreme\u00f1oEnEl\u00c1rtico<\/a><\/p>\n<hr \/>\n<p>&nbsp;<\/p>\n<p>&nbsp;<\/p>\n","protected":false},"excerpt":{"rendered":"<p>&nbsp; AVANNAQ\u00a0 En lengua inuit, significa viento fr\u00edo que viene del Noroeste, persistente y repentino, capaz de levantar un vendaval en pocos minutos. Genera espuma sobre las crestas de las olas. El mar rompe con un aullido constante. Al enca\u00f1onarse en los valles traza lineas en las aguas, generando oleaje rompiente que es infranqueable por [&hellip;]<\/p>\n","protected":false},"author":142,"featured_media":1522,"comment_status":"open","ping_status":"closed","sticky":false,"template":"","format":"standard","meta":[],"categories":[1],"tags":[626,529,627,618,324,619,628,632,589,622,630,623,620,621,634,160,594,629,633,189,571,597,625,631,347],"_links":{"self":[{"href":"https:\/\/blogs.hoy.es\/un-extremeno-en-el-artico\/wp-json\/wp\/v2\/posts\/1515"}],"collection":[{"href":"https:\/\/blogs.hoy.es\/un-extremeno-en-el-artico\/wp-json\/wp\/v2\/posts"}],"about":[{"href":"https:\/\/blogs.hoy.es\/un-extremeno-en-el-artico\/wp-json\/wp\/v2\/types\/post"}],"author":[{"embeddable":true,"href":"https:\/\/blogs.hoy.es\/un-extremeno-en-el-artico\/wp-json\/wp\/v2\/users\/142"}],"replies":[{"embeddable":true,"href":"https:\/\/blogs.hoy.es\/un-extremeno-en-el-artico\/wp-json\/wp\/v2\/comments?post=1515"}],"version-history":[{"count":40,"href":"https:\/\/blogs.hoy.es\/un-extremeno-en-el-artico\/wp-json\/wp\/v2\/posts\/1515\/revisions"}],"predecessor-version":[{"id":1906,"href":"https:\/\/blogs.hoy.es\/un-extremeno-en-el-artico\/wp-json\/wp\/v2\/posts\/1515\/revisions\/1906"}],"wp:featuredmedia":[{"embeddable":true,"href":"https:\/\/blogs.hoy.es\/un-extremeno-en-el-artico\/wp-json\/wp\/v2\/media\/1522"}],"wp:attachment":[{"href":"https:\/\/blogs.hoy.es\/un-extremeno-en-el-artico\/wp-json\/wp\/v2\/media?parent=1515"}],"wp:term":[{"taxonomy":"category","embeddable":true,"href":"https:\/\/blogs.hoy.es\/un-extremeno-en-el-artico\/wp-json\/wp\/v2\/categories?post=1515"},{"taxonomy":"post_tag","embeddable":true,"href":"https:\/\/blogs.hoy.es\/un-extremeno-en-el-artico\/wp-json\/wp\/v2\/tags?post=1515"}],"curies":[{"name":"wp","href":"https:\/\/api.w.org\/{rel}","templated":true}]}}