{"id":1575,"date":"2018-10-16T10:10:59","date_gmt":"2018-10-16T08:10:59","guid":{"rendered":"http:\/\/blogs.hoy.es\/un-extremeno-en-el-artico\/?p=1575"},"modified":"2018-10-18T19:41:59","modified_gmt":"2018-10-18T17:41:59","slug":"ruta-puerto-castilla-covacha-laguna-cuadrada-entrenando-un-nuevo-proyecto","status":"publish","type":"post","link":"https:\/\/blogs.hoy.es\/un-extremeno-en-el-artico\/2018\/10\/16\/ruta-puerto-castilla-covacha-laguna-cuadrada-entrenando-un-nuevo-proyecto\/","title":{"rendered":"Ruta Puerto Castilla-Covacha-laguna cuadrada. Entrenando para un nuevo proyecto."},"content":{"rendered":"<p style=\"padding-left: 30px;\"><strong>Entrenando para un Nuevo Proyecto&#8230;<\/strong><\/p>\n<hr \/>\n<p style=\"text-align: center;\"><em>Al final de las entradas ir\u00e9 poniendo el material que he utilizado y las sensaciones de c\u00f3mo me ha ido al usarlo.<\/em><\/p>\n<hr \/>\n<p>No pudo ser la ruta <strong><em>Condor <\/em><\/strong>(integral de Gredos) en solitario. Puntualizando&#8230; La versi\u00f3n \u201ccorta&#8221; de 54 kil\u00f3metros, la raz\u00f3n, la tormenta tropical <strong><em>Leslie<\/em><\/strong>, que seg\u00fan las previsiones vendr\u00eda con un fuerte temporal de lluvia y viento muy intenso a la pen\u00ednsula afectando el domingo. Pues eso, si no me fallaban mis c\u00e1lculos, este temporal me podr\u00eda complicar la vida tratando de cruzar uno de los pasos delicados en las aristas de las <strong><em>Azagayas\u00a0<\/em><\/strong>de esta emblem\u00e1tica ruta gredense.<\/p>\n<p>&nbsp;<\/p>\n<div id=\"attachment_1577\" style=\"width: 1034px\" class=\"wp-caption alignnone\"><a href=\"https:\/\/static-blogs.hoy.es\/wp-content\/uploads\/sites\/119\/2018\/10\/PA130001-2.jpg\"><img aria-describedby=\"caption-attachment-1577\" loading=\"lazy\" class=\"size-large wp-image-1577\" src=\"https:\/\/static-blogs.hoy.es\/wp-content\/uploads\/sites\/119\/2018\/10\/PA130001-2-1024x768.jpg\" alt=\"Como el equinoccio de oto\u00f1o fue hace poco, puedo orientar mi mapa haciendo coincidir la l\u00ednea Este-Oeste apuntando al sol naciente\" width=\"1024\" height=\"768\" srcset=\"https:\/\/static-blogs.hoy.es\/wp-content\/uploads\/sites\/119\/2018\/10\/PA130001-2-1024x768.jpg 1024w, https:\/\/static-blogs.hoy.es\/wp-content\/uploads\/sites\/119\/2018\/10\/PA130001-2-300x225.jpg 300w, https:\/\/static-blogs.hoy.es\/wp-content\/uploads\/sites\/119\/2018\/10\/PA130001-2-768x576.jpg 768w, https:\/\/static-blogs.hoy.es\/wp-content\/uploads\/sites\/119\/2018\/10\/PA130001-2.jpg 1632w\" sizes=\"(max-width: 1024px) 100vw, 1024px\" \/><\/a><p id=\"caption-attachment-1577\" class=\"wp-caption-text\"><em>Como fue hace poco el equinoccio de oto\u00f1o, puedo orientar mi mapa haciendo coincidir la l\u00ednea Este-Oeste apuntando al sol naciente.<\/em><\/p><\/div>\n<p>Amanece en\u00a0<a href=\"https:\/\/es.wikipedia.org\/wiki\/R%C3%ADo_Aravalle\" rel=\"external nofollow\">la sierra de Aravalle<\/a>\u00a0 dentro del bosque de robles, los rayos del sol penetran a trav\u00e9s de un claro ayudando a orientarme.<\/p>\n<div id=\"attachment_1582\" style=\"width: 1034px\" class=\"wp-caption alignnone\"><a href=\"https:\/\/static-blogs.hoy.es\/wp-content\/uploads\/sites\/119\/2018\/10\/Earth-lighting-equinox_SP.png\"><img aria-describedby=\"caption-attachment-1582\" loading=\"lazy\" class=\"size-large wp-image-1582\" src=\"https:\/\/static-blogs.hoy.es\/wp-content\/uploads\/sites\/119\/2018\/10\/Earth-lighting-equinox_SP-1024x672.png\" alt=\"El Sol se encuentra perpendicular con el eje terrestre\" width=\"1024\" height=\"672\" srcset=\"https:\/\/static-blogs.hoy.es\/wp-content\/uploads\/sites\/119\/2018\/10\/Earth-lighting-equinox_SP-1024x672.png 1024w, https:\/\/static-blogs.hoy.es\/wp-content\/uploads\/sites\/119\/2018\/10\/Earth-lighting-equinox_SP-300x197.png 300w, https:\/\/static-blogs.hoy.es\/wp-content\/uploads\/sites\/119\/2018\/10\/Earth-lighting-equinox_SP-768x504.png 768w, https:\/\/static-blogs.hoy.es\/wp-content\/uploads\/sites\/119\/2018\/10\/Earth-lighting-equinox_SP.png 1560w\" sizes=\"(max-width: 1024px) 100vw, 1024px\" \/><\/a><p id=\"caption-attachment-1582\" class=\"wp-caption-text\"><em>El Sol se encuentra perpendicular con el eje terrestre en <a href=\"https:\/\/es.wikipedia.org\/wiki\/Equinoccio\" rel=\"external nofollow\">los equinoccios<\/a><\/em><\/p><\/div>\n<div id=\"attachment_1584\" style=\"width: 760px\" class=\"wp-caption alignnone\"><a href=\"https:\/\/static-blogs.hoy.es\/wp-content\/uploads\/sites\/119\/2018\/10\/Orientaci\u00f3n-mediante-el-Sol-1.jpg\"><img aria-describedby=\"caption-attachment-1584\" loading=\"lazy\" class=\"size-full wp-image-1584\" src=\"https:\/\/static-blogs.hoy.es\/wp-content\/uploads\/sites\/119\/2018\/10\/Orientaci\u00f3n-mediante-el-Sol-1.jpg\" alt=\"M\u00e9todo de orientaci\u00f3n con el Sol\" width=\"750\" height=\"500\" srcset=\"https:\/\/static-blogs.hoy.es\/wp-content\/uploads\/sites\/119\/2018\/10\/Orientaci\u00f3n-mediante-el-Sol-1.jpg 750w, https:\/\/static-blogs.hoy.es\/wp-content\/uploads\/sites\/119\/2018\/10\/Orientaci\u00f3n-mediante-el-Sol-1-300x200.jpg 300w\" sizes=\"(max-width: 750px) 100vw, 750px\" \/><\/a><p id=\"caption-attachment-1584\" class=\"wp-caption-text\"><em>M\u00e9todo de orientaci\u00f3n con el Sol !v\u00e1lido para el hemisferio Norte!<\/em><\/p><\/div>\n<p style=\"text-align: center;\"><em>Me explico, El Sol tiene declinaci\u00f3n cero porque est\u00e1 situado en el plano del Ecuador Celeste. Esto nos da dos datos importantes para entenderlo; el astro rey se encontrar\u00e1 en el cielo en su altura m\u00e1xima o cenit seg\u00fan la latitud del observador, y otro dato, el \u00e1ngulo que forma con el plano del ecuador ser\u00e1 de 90 grados cuando amanezca y cuando anochezca se ocultar\u00e1 a 270 grados, bueno\u2026 \u00bfy esto qu\u00e9 quiere decir? Pues para orientar correctamente un mapa ese d\u00eda, tan solo har\u00e1 falta que hagamos coincidir las l\u00edneas Este-Oeste de nuestro mapa. Cada d\u00eda que pase de la fecha del equinoccio el Sol se desplazar\u00e1 cada vez m\u00e1s y ser\u00e1 menos preciso a la hora de orientar el mapa con este recurso b\u00e1sico.<\/em><\/p>\n<hr \/>\n<p><strong>Bueno\u2026pues nada, plan \u201cb\u201d<\/strong><\/p>\n<p>Siguiendo con mi entrenamiento que ya desvelar\u00e9&#8230; Esta vez eleg\u00ed la segunda monta\u00f1a m\u00e1s alta de Extremadura llamada <strong><em>la Covacha<\/em><\/strong> de 2395 metros de altura, vamos, lo que iba a ser el tramo final de la versi\u00f3n corta de la Condor.<\/p>\n<p>Mi plan fue subir ligero a la cima y tambi\u00e9n practicar con el mapa para as\u00ed refrescar conceptos del bonito arte de la navegaci\u00f3n sin trastos electr\u00f3nicos. Por si hubiera nubes en las cimas anot\u00e9 los rumbos que iba a necesitar de mi antiguo mapa del \u201cIGN\u201d (Instituto Geogr\u00e1fico Nacional) de escala 1\/25.000, saliendo un total recorrido de aproximadamente 25 kil\u00f3metros y unos 1350 metros de desnivel.<\/p>\n<div id=\"attachment_1586\" style=\"width: 990px\" class=\"wp-caption alignnone\"><a href=\"https:\/\/static-blogs.hoy.es\/wp-content\/uploads\/sites\/119\/2018\/10\/PA130013.jpg\"><img aria-describedby=\"caption-attachment-1586\" loading=\"lazy\" class=\"size-full wp-image-1586\" src=\"https:\/\/static-blogs.hoy.es\/wp-content\/uploads\/sites\/119\/2018\/10\/PA130013.jpg\" alt=\"Inicio de la Cuerda del Risco del \u00c1guila\" width=\"980\" height=\"735\" srcset=\"https:\/\/static-blogs.hoy.es\/wp-content\/uploads\/sites\/119\/2018\/10\/PA130013.jpg 980w, https:\/\/static-blogs.hoy.es\/wp-content\/uploads\/sites\/119\/2018\/10\/PA130013-300x225.jpg 300w, https:\/\/static-blogs.hoy.es\/wp-content\/uploads\/sites\/119\/2018\/10\/PA130013-768x576.jpg 768w\" sizes=\"(max-width: 980px) 100vw, 980px\" \/><\/a><p id=\"caption-attachment-1586\" class=\"wp-caption-text\"><em>Inicio de la Cuerda del Risco del \u00c1guila<\/em><\/p><\/div>\n<div id=\"attachment_1588\" style=\"width: 1034px\" class=\"wp-caption alignnone\"><a href=\"https:\/\/static-blogs.hoy.es\/wp-content\/uploads\/sites\/119\/2018\/10\/PA130015-2.jpg\"><img aria-describedby=\"caption-attachment-1588\" loading=\"lazy\" class=\"size-large wp-image-1588\" src=\"https:\/\/static-blogs.hoy.es\/wp-content\/uploads\/sites\/119\/2018\/10\/PA130015-2-1024x768.jpg\" alt=\"Majada Cimera de los Cardieles 1852 metros, a la derecha se puede ver la Cuerda del Risco del \u00c1guila\" width=\"1024\" height=\"768\" srcset=\"https:\/\/static-blogs.hoy.es\/wp-content\/uploads\/sites\/119\/2018\/10\/PA130015-2-1024x768.jpg 1024w, https:\/\/static-blogs.hoy.es\/wp-content\/uploads\/sites\/119\/2018\/10\/PA130015-2-300x225.jpg 300w, https:\/\/static-blogs.hoy.es\/wp-content\/uploads\/sites\/119\/2018\/10\/PA130015-2-768x576.jpg 768w, https:\/\/static-blogs.hoy.es\/wp-content\/uploads\/sites\/119\/2018\/10\/PA130015-2.jpg 1632w\" sizes=\"(max-width: 1024px) 100vw, 1024px\" \/><\/a><p id=\"caption-attachment-1588\" class=\"wp-caption-text\"><em>Majada Cimera de los Cardieles 1852 metros, a la derecha se puede ver la Cuerda del Risco del \u00c1guila<\/em><\/p><\/div>\n<div id=\"attachment_1589\" style=\"width: 1034px\" class=\"wp-caption alignleft\"><a href=\"https:\/\/static-blogs.hoy.es\/wp-content\/uploads\/sites\/119\/2018\/10\/mapa-1.jpg\"><img aria-describedby=\"caption-attachment-1589\" loading=\"lazy\" class=\"size-large wp-image-1589\" src=\"https:\/\/static-blogs.hoy.es\/wp-content\/uploads\/sites\/119\/2018\/10\/mapa-1-1024x616.jpg\" alt=\"En rojo la ruta, y dentro del c\u00edrculo el cruce de valle campo atrav\u00e9s para llegar a la\" width=\"1024\" height=\"616\" srcset=\"https:\/\/static-blogs.hoy.es\/wp-content\/uploads\/sites\/119\/2018\/10\/mapa-1-1024x616.jpg 1024w, https:\/\/static-blogs.hoy.es\/wp-content\/uploads\/sites\/119\/2018\/10\/mapa-1-300x181.jpg 300w, https:\/\/static-blogs.hoy.es\/wp-content\/uploads\/sites\/119\/2018\/10\/mapa-1-768x462.jpg 768w, https:\/\/static-blogs.hoy.es\/wp-content\/uploads\/sites\/119\/2018\/10\/mapa-1.jpg 1040w\" sizes=\"(max-width: 1024px) 100vw, 1024px\" \/><\/a><p id=\"caption-attachment-1589\" class=\"wp-caption-text\"><em>En rojo la ruta, y dentro del c\u00edrculo el cruce de valle campo a trav\u00e9s para llegar a la Majada Cimera. En el mapa no est\u00e1 representada la pista que discurre por esta sierra.<\/em><\/p><\/div>\n<p>Para que sirva de ayuda a la hora de realizar esta ruta, dejo esta aclaraci\u00f3n sobre el mapa,\u00a0me encontr\u00e9 a tres &#8220;almas en pena&#8221; subiendo los densos y altos piornales de la <em><strong>Cuerda del Risco del \u00c1guila<\/strong><\/em> para llegar a <strong><em>Moj\u00f3n Alto<\/em><\/strong>.<\/p>\n<div id=\"attachment_1590\" style=\"width: 1034px\" class=\"wp-caption alignnone\"><a href=\"https:\/\/static-blogs.hoy.es\/wp-content\/uploads\/sites\/119\/2018\/10\/PA130017.jpg\"><img aria-describedby=\"caption-attachment-1590\" loading=\"lazy\" class=\"size-large wp-image-1590\" src=\"https:\/\/static-blogs.hoy.es\/wp-content\/uploads\/sites\/119\/2018\/10\/PA130017-1024x768.jpg\" alt=\"En este interesante estado me encontr\u00e9 la se\u00f1al de direcci\u00f3n de a laCova\" width=\"1024\" height=\"768\" srcset=\"https:\/\/static-blogs.hoy.es\/wp-content\/uploads\/sites\/119\/2018\/10\/PA130017-1024x768.jpg 1024w, https:\/\/static-blogs.hoy.es\/wp-content\/uploads\/sites\/119\/2018\/10\/PA130017-300x225.jpg 300w, https:\/\/static-blogs.hoy.es\/wp-content\/uploads\/sites\/119\/2018\/10\/PA130017-768x576.jpg 768w, https:\/\/static-blogs.hoy.es\/wp-content\/uploads\/sites\/119\/2018\/10\/PA130017.jpg 1632w\" sizes=\"(max-width: 1024px) 100vw, 1024px\" \/><\/a><p id=\"caption-attachment-1590\" class=\"wp-caption-text\"><em>En este interesante estado me top\u00e9 con la se\u00f1al de direcci\u00f3n de a la Covacha<\/em><\/p><\/div>\n<p>En efecto, aqu\u00ed doy otra puntualizaci\u00f3n, esta sierra fue repoblada con pinos, por ello no hab\u00eda sendero pisado y s\u00ed densidad de pinos peque\u00f1os. El rumbo me marca 203\u00ba para llegar a<strong> <em>Moj\u00f3n Alto<\/em><\/strong>\u00a0lo mejor es seguir subiendo por borde el izquierdo de esta reforestaci\u00f3n y confiar, ya que m\u00e1s arriba se nos cruzar\u00e1 un muro de piedra y cerca de \u00e9ste, el sendero que viene de Sillares desde el puerto de <em><strong>Tornavacas <\/strong><\/em>hacia<em><strong> el Moj\u00f3n Alto.<\/strong><\/em><\/p>\n<div id=\"attachment_1591\" style=\"width: 1034px\" class=\"wp-caption alignnone\"><a href=\"https:\/\/static-blogs.hoy.es\/wp-content\/uploads\/sites\/119\/2018\/10\/PA130020.jpg\"><img aria-describedby=\"caption-attachment-1591\" loading=\"lazy\" class=\"size-large wp-image-1591\" src=\"https:\/\/static-blogs.hoy.es\/wp-content\/uploads\/sites\/119\/2018\/10\/PA130020-1024x768.jpg\" alt=\"Sigo rumbo 203\u00ba a pesar de estar metido en esta zona de pinos j\u00f3venes, \" width=\"1024\" height=\"768\" srcset=\"https:\/\/static-blogs.hoy.es\/wp-content\/uploads\/sites\/119\/2018\/10\/PA130020-1024x768.jpg 1024w, https:\/\/static-blogs.hoy.es\/wp-content\/uploads\/sites\/119\/2018\/10\/PA130020-300x225.jpg 300w, https:\/\/static-blogs.hoy.es\/wp-content\/uploads\/sites\/119\/2018\/10\/PA130020-768x576.jpg 768w, https:\/\/static-blogs.hoy.es\/wp-content\/uploads\/sites\/119\/2018\/10\/PA130020.jpg 1632w\" sizes=\"(max-width: 1024px) 100vw, 1024px\" \/><\/a><p id=\"caption-attachment-1591\" class=\"wp-caption-text\"><em>Sigo rumbo 203\u00ba a pesar de estar metido en esta zona de pinos j\u00f3venes. Subir por la cuerda del \u00c1guila es sin dudas mucho peor.<\/em><\/p><\/div>\n<div id=\"attachment_1593\" style=\"width: 1034px\" class=\"wp-caption alignnone\"><a href=\"https:\/\/static-blogs.hoy.es\/wp-content\/uploads\/sites\/119\/2018\/10\/PA130022-1.jpg\"><img aria-describedby=\"caption-attachment-1593\" loading=\"lazy\" class=\"size-large wp-image-1593\" src=\"https:\/\/static-blogs.hoy.es\/wp-content\/uploads\/sites\/119\/2018\/10\/PA130022-1-1024x768.jpg\" alt=\"Al fin encuentro el muro de piedra y a su derecha el sendero\" width=\"1024\" height=\"768\" srcset=\"https:\/\/static-blogs.hoy.es\/wp-content\/uploads\/sites\/119\/2018\/10\/PA130022-1-1024x768.jpg 1024w, https:\/\/static-blogs.hoy.es\/wp-content\/uploads\/sites\/119\/2018\/10\/PA130022-1-300x225.jpg 300w, https:\/\/static-blogs.hoy.es\/wp-content\/uploads\/sites\/119\/2018\/10\/PA130022-1-768x576.jpg 768w, https:\/\/static-blogs.hoy.es\/wp-content\/uploads\/sites\/119\/2018\/10\/PA130022-1.jpg 1632w\" sizes=\"(max-width: 1024px) 100vw, 1024px\" \/><\/a><p id=\"caption-attachment-1593\" class=\"wp-caption-text\"><em>Al fin encuentro el muro de piedra y a su derecha el sendero. El c\u00edrculo es donde estaban tres sufridores monta\u00f1eros en el &#8220;mar&#8221; de piornos. Aunque est\u00e1n m\u00e1s altos que yo, le consigo sacar una hora de adelanto debido a su &#8220;peque\u00f1a&#8221; confusi\u00f3n<\/em>.<\/p><\/div>\n<div id=\"attachment_1594\" style=\"width: 1034px\" class=\"wp-caption alignnone\"><a href=\"https:\/\/static-blogs.hoy.es\/wp-content\/uploads\/sites\/119\/2018\/10\/PA130033.jpg\"><img aria-describedby=\"caption-attachment-1594\" loading=\"lazy\" class=\"size-large wp-image-1594\" src=\"https:\/\/static-blogs.hoy.es\/wp-content\/uploads\/sites\/119\/2018\/10\/PA130033-1024x768.jpg\" alt=\"El sendero discurre por el collado de Tapadero, hasta subir en el alto de Castilfr\u00edo\" width=\"1024\" height=\"768\" srcset=\"https:\/\/static-blogs.hoy.es\/wp-content\/uploads\/sites\/119\/2018\/10\/PA130033-1024x768.jpg 1024w, https:\/\/static-blogs.hoy.es\/wp-content\/uploads\/sites\/119\/2018\/10\/PA130033-300x225.jpg 300w, https:\/\/static-blogs.hoy.es\/wp-content\/uploads\/sites\/119\/2018\/10\/PA130033-768x576.jpg 768w, https:\/\/static-blogs.hoy.es\/wp-content\/uploads\/sites\/119\/2018\/10\/PA130033.jpg 1632w\" sizes=\"(max-width: 1024px) 100vw, 1024px\" \/><\/a><p id=\"caption-attachment-1594\" class=\"wp-caption-text\"><em>El sendero discurre por el collado de Tapadero por la ruta de La Alta Extremadura, hasta subir al alto de Castilfr\u00edo 2308 metros.<\/em><\/p><\/div>\n<div id=\"attachment_1595\" style=\"width: 1034px\" class=\"wp-caption alignnone\"><a href=\"https:\/\/static-blogs.hoy.es\/wp-content\/uploads\/sites\/119\/2018\/10\/PA130039.jpg\"><img aria-describedby=\"caption-attachment-1595\" loading=\"lazy\" class=\"size-large wp-image-1595\" src=\"https:\/\/static-blogs.hoy.es\/wp-content\/uploads\/sites\/119\/2018\/10\/PA130039-1024x768.jpg\" alt=\"Uno de los muchos hitos de la Alta Extremadura !esto es un hito!\" width=\"1024\" height=\"768\" srcset=\"https:\/\/static-blogs.hoy.es\/wp-content\/uploads\/sites\/119\/2018\/10\/PA130039-1024x768.jpg 1024w, https:\/\/static-blogs.hoy.es\/wp-content\/uploads\/sites\/119\/2018\/10\/PA130039-300x225.jpg 300w, https:\/\/static-blogs.hoy.es\/wp-content\/uploads\/sites\/119\/2018\/10\/PA130039-768x576.jpg 768w, https:\/\/static-blogs.hoy.es\/wp-content\/uploads\/sites\/119\/2018\/10\/PA130039.jpg 1633w\" sizes=\"(max-width: 1024px) 100vw, 1024px\" \/><\/a><p id=\"caption-attachment-1595\" class=\"wp-caption-text\"><em>Uno de los muchos hitos de la Alta Extremadura \u00a1esto es un hito!<\/em><\/p><\/div>\n<div id=\"attachment_1596\" style=\"width: 1034px\" class=\"wp-caption alignnone\"><a href=\"https:\/\/static-blogs.hoy.es\/wp-content\/uploads\/sites\/119\/2018\/10\/PA130056.jpg\"><img aria-describedby=\"caption-attachment-1596\" loading=\"lazy\" class=\"size-large wp-image-1596\" src=\"https:\/\/static-blogs.hoy.es\/wp-content\/uploads\/sites\/119\/2018\/10\/PA130056-1024x768.jpg\" alt=\"Veo la escurridiza laguna Cuadrada a los pies de La Covacha. Al Fondo el Juraco 2383 metros\" width=\"1024\" height=\"768\" srcset=\"https:\/\/static-blogs.hoy.es\/wp-content\/uploads\/sites\/119\/2018\/10\/PA130056-1024x768.jpg 1024w, https:\/\/static-blogs.hoy.es\/wp-content\/uploads\/sites\/119\/2018\/10\/PA130056-300x225.jpg 300w, https:\/\/static-blogs.hoy.es\/wp-content\/uploads\/sites\/119\/2018\/10\/PA130056-768x576.jpg 768w, https:\/\/static-blogs.hoy.es\/wp-content\/uploads\/sites\/119\/2018\/10\/PA130056.jpg 1632w\" sizes=\"(max-width: 1024px) 100vw, 1024px\" \/><\/a><p id=\"caption-attachment-1596\" class=\"wp-caption-text\"><em>La escurridiza laguna Cuadrada a los pies de La Covacha y al lado de esta el Juraco 2383 metros<\/em><\/p><\/div>\n<div id=\"attachment_1597\" style=\"width: 1034px\" class=\"wp-caption alignnone\"><a href=\"https:\/\/static-blogs.hoy.es\/wp-content\/uploads\/sites\/119\/2018\/10\/PA130064.jpg\"><img aria-describedby=\"caption-attachment-1597\" loading=\"lazy\" class=\"size-large wp-image-1597\" src=\"https:\/\/static-blogs.hoy.es\/wp-content\/uploads\/sites\/119\/2018\/10\/PA130064-1024x768.jpg\" alt=\"Paso delicado en la arista de las Azagayas\" width=\"1024\" height=\"768\" srcset=\"https:\/\/static-blogs.hoy.es\/wp-content\/uploads\/sites\/119\/2018\/10\/PA130064-1024x768.jpg 1024w, https:\/\/static-blogs.hoy.es\/wp-content\/uploads\/sites\/119\/2018\/10\/PA130064-300x225.jpg 300w, https:\/\/static-blogs.hoy.es\/wp-content\/uploads\/sites\/119\/2018\/10\/PA130064-768x576.jpg 768w, https:\/\/static-blogs.hoy.es\/wp-content\/uploads\/sites\/119\/2018\/10\/PA130064.jpg 1632w\" sizes=\"(max-width: 1024px) 100vw, 1024px\" \/><\/a><p id=\"caption-attachment-1597\" class=\"wp-caption-text\"><em>Paso delicado en la arista de las Azagayas<\/em><\/p><\/div>\n<div id=\"attachment_1598\" style=\"width: 1034px\" class=\"wp-caption alignnone\"><a href=\"https:\/\/static-blogs.hoy.es\/wp-content\/uploads\/sites\/119\/2018\/10\/PA130067.jpg\"><img aria-describedby=\"caption-attachment-1598\" loading=\"lazy\" class=\"size-large wp-image-1598\" src=\"https:\/\/static-blogs.hoy.es\/wp-content\/uploads\/sites\/119\/2018\/10\/PA130067-1024x768.jpg\" alt=\"Portilla Jaranda, nubes densas se acercan procedentes del valle de la Vera\" width=\"1024\" height=\"768\" srcset=\"https:\/\/static-blogs.hoy.es\/wp-content\/uploads\/sites\/119\/2018\/10\/PA130067-1024x768.jpg 1024w, https:\/\/static-blogs.hoy.es\/wp-content\/uploads\/sites\/119\/2018\/10\/PA130067-300x225.jpg 300w, https:\/\/static-blogs.hoy.es\/wp-content\/uploads\/sites\/119\/2018\/10\/PA130067-768x576.jpg 768w, https:\/\/static-blogs.hoy.es\/wp-content\/uploads\/sites\/119\/2018\/10\/PA130067.jpg 1632w\" sizes=\"(max-width: 1024px) 100vw, 1024px\" \/><\/a><p id=\"caption-attachment-1598\" class=\"wp-caption-text\"><em>Portilla de Jaranda 2036 metros, nubes densas se acercan procedentes del valle de la Vera<\/em><\/p><\/div>\n<div id=\"attachment_1599\" style=\"width: 1034px\" class=\"wp-caption alignnone\"><a href=\"https:\/\/static-blogs.hoy.es\/wp-content\/uploads\/sites\/119\/2018\/10\/PA130083-2.jpg\"><img aria-describedby=\"caption-attachment-1599\" loading=\"lazy\" class=\"size-large wp-image-1599\" src=\"https:\/\/static-blogs.hoy.es\/wp-content\/uploads\/sites\/119\/2018\/10\/PA130083-2-1024x768.jpg\" alt=\"Macho mont\u00e9s\" width=\"1024\" height=\"768\" srcset=\"https:\/\/static-blogs.hoy.es\/wp-content\/uploads\/sites\/119\/2018\/10\/PA130083-2-1024x768.jpg 1024w, https:\/\/static-blogs.hoy.es\/wp-content\/uploads\/sites\/119\/2018\/10\/PA130083-2-300x225.jpg 300w, https:\/\/static-blogs.hoy.es\/wp-content\/uploads\/sites\/119\/2018\/10\/PA130083-2-768x576.jpg 768w, https:\/\/static-blogs.hoy.es\/wp-content\/uploads\/sites\/119\/2018\/10\/PA130083-2.jpg 1632w\" sizes=\"(max-width: 1024px) 100vw, 1024px\" \/><\/a><p id=\"caption-attachment-1599\" class=\"wp-caption-text\"><em>Macho mont\u00e9s<\/em><\/p><\/div>\n<div id=\"attachment_1600\" style=\"width: 1034px\" class=\"wp-caption alignnone\"><a href=\"https:\/\/static-blogs.hoy.es\/wp-content\/uploads\/sites\/119\/2018\/10\/PA130086.jpg\"><img aria-describedby=\"caption-attachment-1600\" loading=\"lazy\" class=\"size-large wp-image-1600\" src=\"https:\/\/static-blogs.hoy.es\/wp-content\/uploads\/sites\/119\/2018\/10\/PA130086-1024x768.jpg\" alt=\"Como siempre ocurre en monta\u00f1a las condiciones climatol\u00f3gicas cambian r\u00e1pidamente,quiz\u00e1s la tormenta Leslei est\u00e9 cerca \" width=\"1024\" height=\"768\" srcset=\"https:\/\/static-blogs.hoy.es\/wp-content\/uploads\/sites\/119\/2018\/10\/PA130086-1024x768.jpg 1024w, https:\/\/static-blogs.hoy.es\/wp-content\/uploads\/sites\/119\/2018\/10\/PA130086-300x225.jpg 300w, https:\/\/static-blogs.hoy.es\/wp-content\/uploads\/sites\/119\/2018\/10\/PA130086-768x576.jpg 768w, https:\/\/static-blogs.hoy.es\/wp-content\/uploads\/sites\/119\/2018\/10\/PA130086.jpg 1632w\" sizes=\"(max-width: 1024px) 100vw, 1024px\" \/><\/a><p id=\"caption-attachment-1600\" class=\"wp-caption-text\"><em>Como siempre ocurre en monta\u00f1a las condiciones climatol\u00f3gicas cambian r\u00e1pidamente, quiz\u00e1s la tormenta Leslie est\u00e9 cerca, es preferible hacer el regreso por la laguna Cuadrada.<\/em><\/p><\/div>\n<p>La bajada entre <strong><em>El Poyo<\/em> <\/strong>y <strong><em>La Covacha<\/em><\/strong> est\u00e1 marcada con suficientes hitos, estos hitos serpentean hasta la misma laguna Cuadrada, y vuelven a localizarse dos posibles bajadas, por su canal izquierda o por la ladera de la derecha, yo obt\u00e9 por bajar la canal rodeando hasta el fondo del valle por la ruta normal para alcanzar la cola de la <strong><em>laguna del Barco<\/em><\/strong>.<\/p>\n<div id=\"attachment_1601\" style=\"width: 1034px\" class=\"wp-caption alignnone\"><a href=\"https:\/\/static-blogs.hoy.es\/wp-content\/uploads\/sites\/119\/2018\/10\/PA130124.jpg\"><img aria-describedby=\"caption-attachment-1601\" loading=\"lazy\" class=\"size-large wp-image-1601\" src=\"https:\/\/static-blogs.hoy.es\/wp-content\/uploads\/sites\/119\/2018\/10\/PA130124-1024x768.jpg\" alt=\"Salamandra de Gredos\" width=\"1024\" height=\"768\" srcset=\"https:\/\/static-blogs.hoy.es\/wp-content\/uploads\/sites\/119\/2018\/10\/PA130124-1024x768.jpg 1024w, https:\/\/static-blogs.hoy.es\/wp-content\/uploads\/sites\/119\/2018\/10\/PA130124-300x225.jpg 300w, https:\/\/static-blogs.hoy.es\/wp-content\/uploads\/sites\/119\/2018\/10\/PA130124-768x576.jpg 768w, https:\/\/static-blogs.hoy.es\/wp-content\/uploads\/sites\/119\/2018\/10\/PA130124.jpg 1632w\" sizes=\"(max-width: 1024px) 100vw, 1024px\" \/><\/a><p id=\"caption-attachment-1601\" class=\"wp-caption-text\"><em>Salamandra de Gredos<\/em><\/p><\/div>\n<div id=\"attachment_1602\" style=\"width: 1034px\" class=\"wp-caption alignnone\"><a href=\"https:\/\/static-blogs.hoy.es\/wp-content\/uploads\/sites\/119\/2018\/10\/PA130147-2.jpg\"><img aria-describedby=\"caption-attachment-1602\" loading=\"lazy\" class=\"size-large wp-image-1602\" src=\"https:\/\/static-blogs.hoy.es\/wp-content\/uploads\/sites\/119\/2018\/10\/PA130147-2-1024x768.jpg\" alt=\"Valle de la laguna del Barco\" width=\"1024\" height=\"768\" srcset=\"https:\/\/static-blogs.hoy.es\/wp-content\/uploads\/sites\/119\/2018\/10\/PA130147-2-1024x768.jpg 1024w, https:\/\/static-blogs.hoy.es\/wp-content\/uploads\/sites\/119\/2018\/10\/PA130147-2-300x225.jpg 300w, https:\/\/static-blogs.hoy.es\/wp-content\/uploads\/sites\/119\/2018\/10\/PA130147-2-768x576.jpg 768w, https:\/\/static-blogs.hoy.es\/wp-content\/uploads\/sites\/119\/2018\/10\/PA130147-2.jpg 1633w\" sizes=\"(max-width: 1024px) 100vw, 1024px\" \/><\/a><p id=\"caption-attachment-1602\" class=\"wp-caption-text\"><em>Valle de la laguna del Barco. La nubosidad y el viento me ha hecho cambiar de planes y regresar por el valle.<\/em><\/p><\/div>\n<p>Como siempre las sensaciones son buenas y regreso con una sonrisa en la cara despu\u00e9s de todo el d\u00eda en este paraiso.<\/p>\n<p><strong>Materiales:<\/strong> para seguir buscando el minimalismo en material y peso, en todas mis salidas de entrenamiento lo que busco es probar la ligereza y algo tambi\u00e9n inclusio m\u00e1s importante la durabilidad.<\/p>\n<p><a href=\"https:\/\/www.google.es\/search?q=Raidlight+modelo+ultra+trail+de+20+litros&amp;source=lnms&amp;tbm=isch&amp;sa=X&amp;ved=0ahUKEwjMoM_9tZDeAhVFzYUKHXmgBxsQ_AUIDigB&amp;biw=1366&amp;bih=626#imgrc=oQDetfcL8HZ5yM:\" rel=\"external nofollow\"><span style=\"text-decoration: underline;\">Mochila<\/span><\/a> Raidlight modelo ultra trail de 20 litros. Esta fue la mochila que llev\u00e9 a la prueba <a href=\"https:\/\/www.rovaniemi150.com\/66\/\" rel=\"external nofollow\">Arctic Winter Race 66k<\/a>\u00a0\u00a1Sigo encantado con ella!<\/p>\n<p>Dentro de la mochila: como es oto\u00f1o y se esperaba que hubiera evoluci\u00f3n de un frente c\u00e1lido no me la jugu\u00e9 y llev\u00e9, un <a href=\"https:\/\/www.haglofs.com\/fi\/en-fi\/serac-hood-men\/p\/603872-3T6.html?\" rel=\"external nofollow\">polar t\u00e9cnico<\/a> de Haglofs, un <a href=\"https:\/\/www.canadagoose.com\/ca\/en\/hybridge-lite-vest-2702M.html?cgid=shop-mens-fw18#start=1&amp;cgid=shop-mens-fw18\" rel=\"external nofollow\">chaleco de plumas<\/a> t\u00e9cnico 800 cuin, y una chaqueta ligera e impermeable, gorro, guantes y buff. Al final solo s utilic\u00e9 el polar en las aristas y cumbre.<\/p>\n<p><a href=\"https:\/\/www.google.es\/search?q=ultra+raptor+la+sportiva&amp;source=lnms&amp;tbm=isch&amp;sa=X&amp;ved=0ahUKEwju2vGcupDeAhXKzKQKHfI_AqcQ_AUIDygC&amp;biw=1366&amp;bih=626#imgdii=0h63PIcDpABHIM:&amp;imgrc=9AxgFYriKk41tM:\" rel=\"external nofollow\"><span style=\"text-decoration: underline;\">Calzado<\/span><\/a> Desde hace tiempo he cambiado las pesadas y dolorosas botas a las zapatillas, son m\u00e1s ligeras y tienen buena resistencia para el terreno granitico de Gredos, mi opci\u00f3n fue unas zapas de <a href=\"https:\/\/www.google.es\/search?q=ultra+raptor+la+sportiva&amp;source=lnms&amp;tbm=isch&amp;sa=X&amp;ved=0ahUKEwju2vGcupDeAhXKzKQKHfI_AqcQ_AUIDygC&amp;biw=1366&amp;bih=626#imgdii=0h63PIcDpABHIM:&amp;imgrc=9AxgFYriKk41tM:\" rel=\"external nofollow\">trail running<\/a>, solo tengo que decir que despu\u00e9s de 9 horas de pateo y buena parte campo a trav\u00e9s, adem\u00e1s de dos horas y media de coche, no tuve ninguna molestia colateral&#8230;Contento.<\/p>\n<p><span style=\"text-decoration: underline;\">Navegaci\u00f3n<\/span>\u00a0 mapa MTN 1\/25000 topogr\u00e1fico <a href=\"https:\/\/www.cnig.es\/verPuntoVenta.do?ptoVenta=BADAJOZ16\" rel=\"external nofollow\">CONTACTO<\/a><\/p>\n<p>Hoja n\u00famero 576-II Solana de \u00c1vila<\/p>\n<p>Hoja n\u00famero 576-IV Laguna del Barco<\/p>\n<p><a href=\"https:\/\/www.google.es\/search?q=silva+expedition+global&amp;source=lnms&amp;tbm=isch&amp;sa=X&amp;ved=0ahUKEwiqqO_YwpDeAhXOzqQKHbw7AacQ_AUIDigB&amp;biw=1366&amp;bih=577#imgdii=eJ58k5JJ7oF5xM:&amp;imgrc=kH_aDfxK2C5vFM:\" rel=\"external nofollow\">Br\u00fajula Silva<\/a><\/p>\n<p>&nbsp;<\/p>\n<hr \/>\n<p style=\"text-align: center;\"><em><strong>Para ver m\u00e1s de mis aventuras, pulsa en los links<\/strong><\/em><\/p>\n<p style=\"text-align: center;\"><strong><a href=\"https:\/\/www.facebook.com\/JoseTrejo404\/\" rel=\"external nofollow\">Facebook<\/a><\/strong><\/p>\n<p style=\"text-align: center;\"><em><strong>Para ver m\u00e1s fotos de mis viajes, puedes seguirme en este link<\/strong><\/em><\/p>\n<p style=\"text-align: center;\"><a href=\"https:\/\/www.instagram.com\/josetrejo404\/?hl=es\" rel=\"external nofollow\"><strong>Instagram<\/strong><\/a><\/p>\n<p style=\"text-align: center;\"><a href=\"https:\/\/www.google.es\/search?q=%23UnExtreme%C3%B1oEnEl%C3%81rtico&amp;tbm=isch&amp;tbo=u&amp;source=univ&amp;sa=X&amp;ved=0ahUKEwjk4__i8fzYAhUBWxQKHd2fCmUQsAQILQ&amp;biw=1366&amp;bih=637\" rel=\"external nofollow\">#UnExtreme\u00f1oEnEl\u00c1rtico<\/a><\/p>\n<hr \/>\n<p style=\"text-align: center;\">\n","protected":false},"excerpt":{"rendered":"<p>Entrenando para un Nuevo Proyecto&#8230; Al final de las entradas ir\u00e9 poniendo el material que he utilizado y las sensaciones de c\u00f3mo me ha ido al usarlo. No pudo ser la ruta Condor (integral de Gredos) en solitario. Puntualizando&#8230; La versi\u00f3n \u201ccorta&#8221; de 54 kil\u00f3metros, la raz\u00f3n, la tormenta tropical Leslie, que seg\u00fan las previsiones [&hellip;]<\/p>\n","protected":false},"author":142,"featured_media":1602,"comment_status":"open","ping_status":"closed","sticky":false,"template":"","format":"standard","meta":[],"categories":[1],"tags":[647,446,648,637,641,642,650,646,638,635,644,643,636,649,639,645],"_links":{"self":[{"href":"https:\/\/blogs.hoy.es\/un-extremeno-en-el-artico\/wp-json\/wp\/v2\/posts\/1575"}],"collection":[{"href":"https:\/\/blogs.hoy.es\/un-extremeno-en-el-artico\/wp-json\/wp\/v2\/posts"}],"about":[{"href":"https:\/\/blogs.hoy.es\/un-extremeno-en-el-artico\/wp-json\/wp\/v2\/types\/post"}],"author":[{"embeddable":true,"href":"https:\/\/blogs.hoy.es\/un-extremeno-en-el-artico\/wp-json\/wp\/v2\/users\/142"}],"replies":[{"embeddable":true,"href":"https:\/\/blogs.hoy.es\/un-extremeno-en-el-artico\/wp-json\/wp\/v2\/comments?post=1575"}],"version-history":[{"count":18,"href":"https:\/\/blogs.hoy.es\/un-extremeno-en-el-artico\/wp-json\/wp\/v2\/posts\/1575\/revisions"}],"predecessor-version":[{"id":1614,"href":"https:\/\/blogs.hoy.es\/un-extremeno-en-el-artico\/wp-json\/wp\/v2\/posts\/1575\/revisions\/1614"}],"wp:featuredmedia":[{"embeddable":true,"href":"https:\/\/blogs.hoy.es\/un-extremeno-en-el-artico\/wp-json\/wp\/v2\/media\/1602"}],"wp:attachment":[{"href":"https:\/\/blogs.hoy.es\/un-extremeno-en-el-artico\/wp-json\/wp\/v2\/media?parent=1575"}],"wp:term":[{"taxonomy":"category","embeddable":true,"href":"https:\/\/blogs.hoy.es\/un-extremeno-en-el-artico\/wp-json\/wp\/v2\/categories?post=1575"},{"taxonomy":"post_tag","embeddable":true,"href":"https:\/\/blogs.hoy.es\/un-extremeno-en-el-artico\/wp-json\/wp\/v2\/tags?post=1575"}],"curies":[{"name":"wp","href":"https:\/\/api.w.org\/{rel}","templated":true}]}}