{"id":1615,"date":"2018-10-22T09:02:40","date_gmt":"2018-10-22T07:02:40","guid":{"rendered":"http:\/\/blogs.hoy.es\/un-extremeno-en-el-artico\/?p=1615"},"modified":"2018-10-22T23:17:27","modified_gmt":"2018-10-22T21:17:27","slug":"ruta-navalperal-de-tormes-cervunal-cinco-lagunas-entrenando-para-un-nuevo-proyecto","status":"publish","type":"post","link":"https:\/\/blogs.hoy.es\/un-extremeno-en-el-artico\/2018\/10\/22\/ruta-navalperal-de-tormes-cervunal-cinco-lagunas-entrenando-para-un-nuevo-proyecto\/","title":{"rendered":"Ruta Navalperal de Tormes-Cervunal-Cinco Lagunas. Entrenando para un nuevo Proyecto"},"content":{"rendered":"<p style=\"padding-left: 30px;\"><strong>Entrenando para un Nuevo Proyecto&#8230;<\/strong><\/p>\n<hr \/>\n<p style=\"text-align: center;\"><em>Al final de esta entrada pongo el material que he utilizado y las sensaciones al usarlo.<\/em><\/p>\n<hr \/>\n<p>Est\u00e1 genial que haya p\u00e1ginas especializadas en rutas marcadas, donde incluso te puedes descargar tracks, perfiles, distancias, tiempos, etc. Y ahora una preguntita\u2026\u00bfD\u00f3nde est\u00e1 la aventura y la incertidumbre si te sabes toooodos los detalles del itinerario que has elegido? \u00bfA caso no es lo que queremos, aventura?<\/p>\n<p>Mi opini\u00f3n y es una opini\u00f3n muy personal, es que se est\u00e1 apoderando el estado de confort hasta en las cosas que nos apasionan, cuando queremos salir moment\u00e1neamente de la &#8220;enfermedad&#8221; llamada rutina.<\/p>\n<p>Si no hay emoci\u00f3n, nervios, tensi\u00f3n, incertidumbre a la hora de explorar o experimentar cosas nuevas \u00bfqu\u00e9 sentido tiene? Bueno, en fin\u2026 Despu\u00e9s de la chapa, me centro y os cuento mis dos d\u00edas de intenso y durillo entrenamiento de cara a mi pr\u00f3ximo proyecto.<\/p>\n<div id=\"attachment_1621\" style=\"width: 1034px\" class=\"wp-caption alignnone\"><a href=\"https:\/\/static-blogs.hoy.es\/wp-content\/uploads\/sites\/119\/2018\/10\/PA170003.jpg\"><img aria-describedby=\"caption-attachment-1621\" loading=\"lazy\" class=\"size-large wp-image-1621\" src=\"https:\/\/static-blogs.hoy.es\/wp-content\/uploads\/sites\/119\/2018\/10\/PA170003-1024x768.jpg\" alt=\"Planeando liabluras para dos d\u00edas\" width=\"1024\" height=\"768\" srcset=\"https:\/\/static-blogs.hoy.es\/wp-content\/uploads\/sites\/119\/2018\/10\/PA170003-1024x768.jpg 1024w, https:\/\/static-blogs.hoy.es\/wp-content\/uploads\/sites\/119\/2018\/10\/PA170003-300x225.jpg 300w, https:\/\/static-blogs.hoy.es\/wp-content\/uploads\/sites\/119\/2018\/10\/PA170003-768x576.jpg 768w, https:\/\/static-blogs.hoy.es\/wp-content\/uploads\/sites\/119\/2018\/10\/PA170003.jpg 1633w\" sizes=\"(max-width: 1024px) 100vw, 1024px\" \/><\/a><p id=\"caption-attachment-1621\" class=\"wp-caption-text\"><em>Planeando diabluras para dos d\u00edas.<\/em><\/p><\/div>\n<p>Viernes por la tarde. En la mesa de mi cocina planeo qu\u00e9 hacer sobre mis viejos mapas del IGN de 1\/25.000, a pesar del calor de estos d\u00edas de septiembre, me pide el cuerpo una tirada para endurecer cuerpo y mente. Algunos leyendo este \u00faltimo comentario pensar\u00e1n \u2013<em>No veas \u00e9ste, que manera gratuita de complicarse la existencia<\/em>. No me importa, el final justificar\u00e1 los medios.<\/p>\n<p>&nbsp;<\/p>\n<div id=\"attachment_1619\" style=\"width: 1034px\" class=\"wp-caption alignnone\"><a href=\"https:\/\/static-blogs.hoy.es\/wp-content\/uploads\/sites\/119\/2018\/10\/P9290002.jpg\"><img aria-describedby=\"caption-attachment-1619\" loading=\"lazy\" class=\"size-large wp-image-1619\" src=\"https:\/\/static-blogs.hoy.es\/wp-content\/uploads\/sites\/119\/2018\/10\/P9290002-1024x768.jpg\" alt=\"Esta vez, la ruta a seguir es por la pendiente de la monta\u00f1a en vez de seguir alguna de las gargantas, as\u00ed siempre ir\u00e9 sumando metros de ascensi\u00f3n. Majada del Machero, para conectar con la Cuerda del Cervunal.\" width=\"1024\" height=\"768\" srcset=\"https:\/\/static-blogs.hoy.es\/wp-content\/uploads\/sites\/119\/2018\/10\/P9290002-1024x768.jpg 1024w, https:\/\/static-blogs.hoy.es\/wp-content\/uploads\/sites\/119\/2018\/10\/P9290002-300x225.jpg 300w, https:\/\/static-blogs.hoy.es\/wp-content\/uploads\/sites\/119\/2018\/10\/P9290002-768x576.jpg 768w, https:\/\/static-blogs.hoy.es\/wp-content\/uploads\/sites\/119\/2018\/10\/P9290002.jpg 1306w\" sizes=\"(max-width: 1024px) 100vw, 1024px\" \/><\/a><p id=\"caption-attachment-1619\" class=\"wp-caption-text\"><em>Esta vez la ruta a seguir es por la pendiente de la monta\u00f1a en vez de seguir alguna de las gargantas, as\u00ed siempre ir\u00e9 sumando metros de ascensi\u00f3n. Pendiente de la\u00a0 Majada del Machero, para conectar con la Cuerda del Cervunal.<\/em><\/p><\/div>\n<p>&nbsp;<\/p>\n<div id=\"attachment_1622\" style=\"width: 1034px\" class=\"wp-caption alignnone\"><a href=\"https:\/\/static-blogs.hoy.es\/wp-content\/uploads\/sites\/119\/2018\/10\/P9290003.jpg\"><img aria-describedby=\"caption-attachment-1622\" loading=\"lazy\" class=\"size-large wp-image-1622\" src=\"https:\/\/static-blogs.hoy.es\/wp-content\/uploads\/sites\/119\/2018\/10\/P9290003-1024x768.jpg\" alt=\"A mi derecha el Risco Redondo, buen azimut para orientarse.\" width=\"1024\" height=\"768\" srcset=\"https:\/\/static-blogs.hoy.es\/wp-content\/uploads\/sites\/119\/2018\/10\/P9290003-1024x768.jpg 1024w, https:\/\/static-blogs.hoy.es\/wp-content\/uploads\/sites\/119\/2018\/10\/P9290003-300x225.jpg 300w, https:\/\/static-blogs.hoy.es\/wp-content\/uploads\/sites\/119\/2018\/10\/P9290003-768x576.jpg 768w, https:\/\/static-blogs.hoy.es\/wp-content\/uploads\/sites\/119\/2018\/10\/P9290003.jpg 1632w\" sizes=\"(max-width: 1024px) 100vw, 1024px\" \/><\/a><p id=\"caption-attachment-1622\" class=\"wp-caption-text\"><em>A mi derecha el Risco Redondo, buen <a href=\"https:\/\/www.youtube.com\/watch?v=g2TaThTwjXY\" rel=\"external nofollow\">azimut<\/a> para orientarse. Video muy did\u00e1ctico sobre lo que es y para qu\u00e9 sirve en orientaci\u00f3n el\u00a0<a href=\"https:\/\/www.youtube.com\/watch?v=g2TaThTwjXY\" rel=\"external nofollow\">AZIMUT<\/a><\/em><\/p><\/div>\n<p>&nbsp;<\/p>\n<div id=\"attachment_1625\" style=\"width: 1034px\" class=\"wp-caption alignnone\"><a href=\"https:\/\/static-blogs.hoy.es\/wp-content\/uploads\/sites\/119\/2018\/10\/P9290005-3.jpg\"><img aria-describedby=\"caption-attachment-1625\" loading=\"lazy\" class=\"size-large wp-image-1625\" src=\"https:\/\/static-blogs.hoy.es\/wp-content\/uploads\/sites\/119\/2018\/10\/P9290005-3-1024x768.jpg\" alt=\"Las corralas de piedra se van sucediendo en las majadas, hay abrevaderos donde los grupos de vacas de la raza aguile\u00f1a se re\u00fanen. No son peligrosas, pero son animales, as\u00ed que tomo las precauciones l\u00f3gicas.\" width=\"1024\" height=\"768\" srcset=\"https:\/\/static-blogs.hoy.es\/wp-content\/uploads\/sites\/119\/2018\/10\/P9290005-3-1024x768.jpg 1024w, https:\/\/static-blogs.hoy.es\/wp-content\/uploads\/sites\/119\/2018\/10\/P9290005-3-300x225.jpg 300w, https:\/\/static-blogs.hoy.es\/wp-content\/uploads\/sites\/119\/2018\/10\/P9290005-3-768x576.jpg 768w, https:\/\/static-blogs.hoy.es\/wp-content\/uploads\/sites\/119\/2018\/10\/P9290005-3.jpg 1633w\" sizes=\"(max-width: 1024px) 100vw, 1024px\" \/><\/a><p id=\"caption-attachment-1625\" class=\"wp-caption-text\"><em>Las corralas de piedra se van sucediendo en las majadas, hay abrevaderos donde las vacas de la raza aguile\u00f1a se re\u00fanen. No son peligrosas, pero son animales, as\u00ed que hay que tomar las precauciones l\u00f3gicas.<\/em><\/p><\/div>\n<p style=\"text-align: left;\"><em><strong>\u00a0<\/strong><\/em><\/p>\n<div id=\"attachment_1626\" style=\"width: 1034px\" class=\"wp-caption alignnone\"><a href=\"https:\/\/static-blogs.hoy.es\/wp-content\/uploads\/sites\/119\/2018\/10\/InkedP9290011_LI-1.jpg\"><img aria-describedby=\"caption-attachment-1626\" loading=\"lazy\" class=\"size-large wp-image-1626\" src=\"https:\/\/static-blogs.hoy.es\/wp-content\/uploads\/sites\/119\/2018\/10\/InkedP9290011_LI-1-1024x768.jpg\" alt=\"Esta es la ruta normal marcada en rojo para llegar al refugio y subida al Cervunal. Pero mi plan es subir por la arista de la derecha para hacer todas las cotas.\" width=\"1024\" height=\"768\" srcset=\"https:\/\/static-blogs.hoy.es\/wp-content\/uploads\/sites\/119\/2018\/10\/InkedP9290011_LI-1-1024x768.jpg 1024w, https:\/\/static-blogs.hoy.es\/wp-content\/uploads\/sites\/119\/2018\/10\/InkedP9290011_LI-1-300x225.jpg 300w, https:\/\/static-blogs.hoy.es\/wp-content\/uploads\/sites\/119\/2018\/10\/InkedP9290011_LI-1-768x576.jpg 768w, https:\/\/static-blogs.hoy.es\/wp-content\/uploads\/sites\/119\/2018\/10\/InkedP9290011_LI-1.jpg 1306w\" sizes=\"(max-width: 1024px) 100vw, 1024px\" \/><\/a><p id=\"caption-attachment-1626\" class=\"wp-caption-text\"><em>Esta es la ruta normal marcada en rojo para llegar al refugio y subida al Cervunal. Pero mi plan es subir por la cuerda de la derecha para hacer toda la arista.<\/em><\/p><\/div>\n<div id=\"attachment_1634\" style=\"width: 1034px\" class=\"wp-caption alignnone\"><a href=\"https:\/\/static-blogs.hoy.es\/wp-content\/uploads\/sites\/119\/2018\/10\/InkedP9290017_LI.jpg\"><img aria-describedby=\"caption-attachment-1634\" loading=\"lazy\" class=\"size-large wp-image-1634\" src=\"https:\/\/static-blogs.hoy.es\/wp-content\/uploads\/sites\/119\/2018\/10\/InkedP9290017_LI-1024x768.jpg\" alt=\"Cuerda del Cervunal, en verde el proveniente de la garganta del Pinar cruza esta cuerda para ir hasta el refugio.\" width=\"1024\" height=\"768\" srcset=\"https:\/\/static-blogs.hoy.es\/wp-content\/uploads\/sites\/119\/2018\/10\/InkedP9290017_LI-1024x768.jpg 1024w, https:\/\/static-blogs.hoy.es\/wp-content\/uploads\/sites\/119\/2018\/10\/InkedP9290017_LI-300x225.jpg 300w, https:\/\/static-blogs.hoy.es\/wp-content\/uploads\/sites\/119\/2018\/10\/InkedP9290017_LI-768x576.jpg 768w, https:\/\/static-blogs.hoy.es\/wp-content\/uploads\/sites\/119\/2018\/10\/InkedP9290017_LI.jpg 1143w\" sizes=\"(max-width: 1024px) 100vw, 1024px\" \/><\/a><p id=\"caption-attachment-1634\" class=\"wp-caption-text\">Cuerda del Cervunal, en verde el sendero que viene de la garganta del Pinar para ir hasta el refugio.<\/p><\/div>\n<p>Era m\u00e1s l\u00f3gico hacer la ruta normal para llegar hasta el Mogote del Cervunal, pero eleg\u00ed explorar un poquito y dej\u00e9 el sendero para ir por la cuerda a pesar de lo duro de los piornos cuando te sales del camino.<\/p>\n<p><a href=\"https:\/\/static-blogs.hoy.es\/wp-content\/uploads\/sites\/119\/2018\/10\/InkedP9290038_LI.jpg\"><img loading=\"lazy\" class=\"alignnone size-large wp-image-1633\" src=\"https:\/\/static-blogs.hoy.es\/wp-content\/uploads\/sites\/119\/2018\/10\/InkedP9290038_LI-1024x768.jpg\" alt=\"Itinerario seguido\" width=\"1024\" height=\"768\" srcset=\"https:\/\/static-blogs.hoy.es\/wp-content\/uploads\/sites\/119\/2018\/10\/InkedP9290038_LI-1024x768.jpg 1024w, https:\/\/static-blogs.hoy.es\/wp-content\/uploads\/sites\/119\/2018\/10\/InkedP9290038_LI-300x225.jpg 300w, https:\/\/static-blogs.hoy.es\/wp-content\/uploads\/sites\/119\/2018\/10\/InkedP9290038_LI-768x576.jpg 768w, https:\/\/static-blogs.hoy.es\/wp-content\/uploads\/sites\/119\/2018\/10\/InkedP9290038_LI.jpg 1306w\" sizes=\"(max-width: 1024px) 100vw, 1024px\" \/><\/a><\/p>\n<p><em>Panor\u00e1mica desde la cima del Cervunal y el recorrido hecho hasta ahora es de unos 11 kil\u00f3metros.<\/em><\/p>\n<p>Desde una de las cotas de abajo memorizo los claros limpios de piornal y las pedreras de la arista que sube a la cumbre del Novillero, as\u00ed pude evitar algunas manchas espesas de vegetaci\u00f3n casi infranqueable.<\/p>\n<p>Ya es mediod\u00eda y el Sol aprieta, andar fuera de sendero ralentiza el paso y me estoy quedando sin agua. No hay ninguna fuente y las que est\u00e1n en el llano seguro que no son potables por tanto ganado que hay por los alrededores.<\/p>\n<div id=\"attachment_1627\" style=\"width: 1034px\" class=\"wp-caption alignnone\"><a href=\"https:\/\/static-blogs.hoy.es\/wp-content\/uploads\/sites\/119\/2018\/10\/P9290040.jpg\"><img aria-describedby=\"caption-attachment-1627\" loading=\"lazy\" class=\"size-large wp-image-1627\" src=\"https:\/\/static-blogs.hoy.es\/wp-content\/uploads\/sites\/119\/2018\/10\/P9290040-1024x768.jpg\" alt=\"Galayos al fondo y en frente los senderos bien marcados de la cuesta del Risco de los Barrerones y la cima de Cuento Alto de 2271 metros.\" width=\"1024\" height=\"768\" srcset=\"https:\/\/static-blogs.hoy.es\/wp-content\/uploads\/sites\/119\/2018\/10\/P9290040-1024x768.jpg 1024w, https:\/\/static-blogs.hoy.es\/wp-content\/uploads\/sites\/119\/2018\/10\/P9290040-300x225.jpg 300w, https:\/\/static-blogs.hoy.es\/wp-content\/uploads\/sites\/119\/2018\/10\/P9290040-768x576.jpg 768w, https:\/\/static-blogs.hoy.es\/wp-content\/uploads\/sites\/119\/2018\/10\/P9290040.jpg 1632w\" sizes=\"(max-width: 1024px) 100vw, 1024px\" \/><\/a><p id=\"caption-attachment-1627\" class=\"wp-caption-text\"><em>Galayos al fondo, en frente los senderos bien marcados de la cuesta del Risco de los Barrerones y la cima de Cuento Alto de 2271 metros.<\/em><\/p><\/div>\n<p><strong>Cumbre del Cervunal<\/strong><\/p>\n<p>La subida por el collado no es t\u00e9cnica, solo es subir por bloques y m\u00e1s bloques hasta arriba. Las vistas son espectaculares, mirando al noreste se ve n\u00edtidamente la cuesta de <strong><em>Barrerones<\/em><\/strong>, al fondo <strong><em>la Mira<\/em><\/strong> y toda la sierra de\u00a0<strong><em>Galayos<\/em><\/strong>. Mirando al Sur <strong><em>el Gargant\u00f3n<\/em><\/strong>, <strong><em>la Galana<\/em><\/strong> y detr\u00e1s el\u00a0<strong><em>Almanzor <\/em><\/strong>\u00a1que ganas le ten\u00eda a esta cima que me quedaba por subir de Gredos!<\/p>\n<p>Como me tem\u00eda me queda un sorbo de agua. Por estas cumbres en estas fechas no hay ni gota de agua, pienso en el siguiente objetivo &#8211;<em>\u00bfSigo \u00a0para el <strong>Venteadero<\/strong>?<\/em> Estudio en el mapa d\u00f3nde puedo encontrar agua ya que el calor sigue apretando y me estoy deshidratando con tanta matraca.<\/p>\n<p>Al final no me queda m\u00e1s remedio que bajar a las lagunas, all\u00ed pensar\u00e9 la pr\u00f3xima jugada.<\/p>\n<div id=\"attachment_1629\" style=\"width: 1034px\" class=\"wp-caption alignnone\"><a href=\"https:\/\/static-blogs.hoy.es\/wp-content\/uploads\/sites\/119\/2018\/10\/P9290049.jpg\"><img aria-describedby=\"caption-attachment-1629\" loading=\"lazy\" class=\"size-large wp-image-1629\" src=\"https:\/\/static-blogs.hoy.es\/wp-content\/uploads\/sites\/119\/2018\/10\/P9290049-1024x768.jpg\" alt=\"Bajada o subida normal del Cervunal. En la imagen la portilla del Pluvi\u00f3metro y al fondo la portilla de Cinco Lagunas.\" width=\"1024\" height=\"768\" srcset=\"https:\/\/static-blogs.hoy.es\/wp-content\/uploads\/sites\/119\/2018\/10\/P9290049-1024x768.jpg 1024w, https:\/\/static-blogs.hoy.es\/wp-content\/uploads\/sites\/119\/2018\/10\/P9290049-300x225.jpg 300w, https:\/\/static-blogs.hoy.es\/wp-content\/uploads\/sites\/119\/2018\/10\/P9290049-768x576.jpg 768w, https:\/\/static-blogs.hoy.es\/wp-content\/uploads\/sites\/119\/2018\/10\/P9290049.jpg 1632w\" sizes=\"(max-width: 1024px) 100vw, 1024px\" \/><\/a><p id=\"caption-attachment-1629\" class=\"wp-caption-text\"><em>Itinerario normal del Cervunal. En la imagen la portilla del Pluvi\u00f3metro, abajo la laguna Cimera y al fondo la portilla de Cinco Lagunas.<\/em><\/p><\/div>\n<div id=\"attachment_1630\" style=\"width: 1034px\" class=\"wp-caption alignnone\"><a href=\"https:\/\/static-blogs.hoy.es\/wp-content\/uploads\/sites\/119\/2018\/10\/P9290052-2.jpg\"><img aria-describedby=\"caption-attachment-1630\" loading=\"lazy\" class=\"size-large wp-image-1630\" src=\"https:\/\/static-blogs.hoy.es\/wp-content\/uploads\/sites\/119\/2018\/10\/P9290052-2-1024x768.jpg\" alt=\"El circo de Cinco Lagunas desde la portilla del Pluvi\u00f3metro, el trazo del mapa me baja hacia \" width=\"1024\" height=\"768\" srcset=\"https:\/\/static-blogs.hoy.es\/wp-content\/uploads\/sites\/119\/2018\/10\/P9290052-2-1024x768.jpg 1024w, https:\/\/static-blogs.hoy.es\/wp-content\/uploads\/sites\/119\/2018\/10\/P9290052-2-300x225.jpg 300w, https:\/\/static-blogs.hoy.es\/wp-content\/uploads\/sites\/119\/2018\/10\/P9290052-2-768x576.jpg 768w, https:\/\/static-blogs.hoy.es\/wp-content\/uploads\/sites\/119\/2018\/10\/P9290052-2.jpg 1632w\" sizes=\"(max-width: 1024px) 100vw, 1024px\" \/><\/a><p id=\"caption-attachment-1630\" class=\"wp-caption-text\">El circo de Cinco Lagunas desde la portilla del Pluvi\u00f3metro, el trazo del mapa me baja hacia la primera laguna llamada <em>Bajera<\/em>. Intent\u00e9 conectar con la portilla del Rey dentro de este circo, hay dos canales donde se enrisca la posible conexi\u00f3n y evito sacar la cuerda para destrepar la primera canal.<\/p><\/div>\n<p>&nbsp;<\/p>\n<div id=\"attachment_1631\" style=\"width: 1034px\" class=\"wp-caption alignnone\"><a href=\"https:\/\/static-blogs.hoy.es\/wp-content\/uploads\/sites\/119\/2018\/10\/a.jpg\"><img aria-describedby=\"caption-attachment-1631\" loading=\"lazy\" class=\"size-large wp-image-1631\" src=\"https:\/\/static-blogs.hoy.es\/wp-content\/uploads\/sites\/119\/2018\/10\/a-1024x538.jpg\" alt=\"Paso del Pluvi\u00f3metro\" width=\"1024\" height=\"538\" srcset=\"https:\/\/static-blogs.hoy.es\/wp-content\/uploads\/sites\/119\/2018\/10\/a-1024x538.jpg 1024w, https:\/\/static-blogs.hoy.es\/wp-content\/uploads\/sites\/119\/2018\/10\/a-300x158.jpg 300w, https:\/\/static-blogs.hoy.es\/wp-content\/uploads\/sites\/119\/2018\/10\/a-768x404.jpg 768w, https:\/\/static-blogs.hoy.es\/wp-content\/uploads\/sites\/119\/2018\/10\/a.jpg 1090w\" sizes=\"(max-width: 1024px) 100vw, 1024px\" \/><\/a><p id=\"caption-attachment-1631\" class=\"wp-caption-text\"><em>Paso de la portilla del Pluvi\u00f3metro<\/em><\/p><\/div>\n<p style=\"text-align: left;\"><em><strong>\u00a0<\/strong><\/em><\/p>\n<div id=\"attachment_1640\" style=\"width: 1034px\" class=\"wp-caption alignnone\"><a href=\"https:\/\/static-blogs.hoy.es\/wp-content\/uploads\/sites\/119\/2018\/10\/P9290074.jpg\"><img aria-describedby=\"caption-attachment-1640\" loading=\"lazy\" class=\"size-large wp-image-1640\" src=\"https:\/\/static-blogs.hoy.es\/wp-content\/uploads\/sites\/119\/2018\/10\/P9290074-1024x768.jpg\" alt=\"Preparado el vivac, voy a dormir el la Laguna Mediana\" width=\"1024\" height=\"768\" srcset=\"https:\/\/static-blogs.hoy.es\/wp-content\/uploads\/sites\/119\/2018\/10\/P9290074-1024x768.jpg 1024w, https:\/\/static-blogs.hoy.es\/wp-content\/uploads\/sites\/119\/2018\/10\/P9290074-300x225.jpg 300w, https:\/\/static-blogs.hoy.es\/wp-content\/uploads\/sites\/119\/2018\/10\/P9290074-768x576.jpg 768w, https:\/\/static-blogs.hoy.es\/wp-content\/uploads\/sites\/119\/2018\/10\/P9290074.jpg 1632w\" sizes=\"(max-width: 1024px) 100vw, 1024px\" \/><\/a><p id=\"caption-attachment-1640\" class=\"wp-caption-text\"><em>Preparado el vivac, dormir\u00e9 en la Laguna Mediana.<\/em><\/p><\/div>\n<p style=\"text-align: left;\">La bajada desde la portilla es empinada, siempre con tendencia hacia la derecha, si te desv\u00edas hac\u00eda la izquierda te enriscas en las peque\u00f1as gargantas que bajan.<\/p>\n<div id=\"attachment_1642\" style=\"width: 1034px\" class=\"wp-caption alignnone\"><a href=\"https:\/\/static-blogs.hoy.es\/wp-content\/uploads\/sites\/119\/2018\/10\/P9300088-2.jpg\"><img aria-describedby=\"caption-attachment-1642\" loading=\"lazy\" class=\"size-large wp-image-1642\" src=\"https:\/\/static-blogs.hoy.es\/wp-content\/uploads\/sites\/119\/2018\/10\/P9300088-2-1024x768.jpg\" alt=\"Una cabrita observa en la portilla del Rey\" width=\"1024\" height=\"768\" srcset=\"https:\/\/static-blogs.hoy.es\/wp-content\/uploads\/sites\/119\/2018\/10\/P9300088-2-1024x768.jpg 1024w, https:\/\/static-blogs.hoy.es\/wp-content\/uploads\/sites\/119\/2018\/10\/P9300088-2-300x225.jpg 300w, https:\/\/static-blogs.hoy.es\/wp-content\/uploads\/sites\/119\/2018\/10\/P9300088-2-768x576.jpg 768w, https:\/\/static-blogs.hoy.es\/wp-content\/uploads\/sites\/119\/2018\/10\/P9300088-2.jpg 1632w\" sizes=\"(max-width: 1024px) 100vw, 1024px\" \/><\/a><p id=\"caption-attachment-1642\" class=\"wp-caption-text\"><em>Una cabrita mont\u00e9s observa desde la portilla del Rey<\/em><\/p><\/div>\n<div id=\"attachment_1643\" style=\"width: 1034px\" class=\"wp-caption alignnone\"><a href=\"https:\/\/static-blogs.hoy.es\/wp-content\/uploads\/sites\/119\/2018\/10\/P9300094-2.jpg\"><img aria-describedby=\"caption-attachment-1643\" loading=\"lazy\" class=\"size-large wp-image-1643\" src=\"https:\/\/static-blogs.hoy.es\/wp-content\/uploads\/sites\/119\/2018\/10\/P9300094-2-1024x768.jpg\" alt=\"Trocha real que baja de la portilla del Rey\" width=\"1024\" height=\"768\" srcset=\"https:\/\/static-blogs.hoy.es\/wp-content\/uploads\/sites\/119\/2018\/10\/P9300094-2-1024x768.jpg 1024w, https:\/\/static-blogs.hoy.es\/wp-content\/uploads\/sites\/119\/2018\/10\/P9300094-2-300x225.jpg 300w, https:\/\/static-blogs.hoy.es\/wp-content\/uploads\/sites\/119\/2018\/10\/P9300094-2-768x576.jpg 768w, https:\/\/static-blogs.hoy.es\/wp-content\/uploads\/sites\/119\/2018\/10\/P9300094-2.jpg 1633w\" sizes=\"(max-width: 1024px) 100vw, 1024px\" \/><\/a><p id=\"caption-attachment-1643\" class=\"wp-caption-text\"><em>Trocha real que baja de la portilla del Rey, al fondo la cuesta de Barrerones. La llamada trocha real fue un sendero construido en el 1916 trascurr\u00eda hasta el refugio del Rey, para que el monarca Alfonso XIII viniera a cazar a esta sierra.<\/em><\/p><\/div>\n<p>A la ma\u00f1ana siguiente, mi recorrido de vuelta ser\u00eda circular hasta volver a subir a los llanos del Cervunal. La subida desde Cinco Lagunas es por la ruta normal que discurre hasta la portilla del Rey y baja por la trocha real cruzando el Gargant\u00f3n.<\/p>\n<p>&nbsp;<\/p>\n<div id=\"attachment_1646\" style=\"width: 1034px\" class=\"wp-caption alignnone\"><a href=\"https:\/\/static-blogs.hoy.es\/wp-content\/uploads\/sites\/119\/2018\/10\/P9300105-2.jpg\"><img aria-describedby=\"caption-attachment-1646\" loading=\"lazy\" class=\"size-large wp-image-1646\" src=\"https:\/\/static-blogs.hoy.es\/wp-content\/uploads\/sites\/119\/2018\/10\/P9300105-2-1024x768.jpg\" alt=\"Foto desde el Gargant\u00f3n, se pueden ver las dos portillas, derecha el Pluvi\u00f3metro y la izquierda la del Rey.\" width=\"1024\" height=\"768\" srcset=\"https:\/\/static-blogs.hoy.es\/wp-content\/uploads\/sites\/119\/2018\/10\/P9300105-2-1024x768.jpg 1024w, https:\/\/static-blogs.hoy.es\/wp-content\/uploads\/sites\/119\/2018\/10\/P9300105-2-300x225.jpg 300w, https:\/\/static-blogs.hoy.es\/wp-content\/uploads\/sites\/119\/2018\/10\/P9300105-2-768x576.jpg 768w, https:\/\/static-blogs.hoy.es\/wp-content\/uploads\/sites\/119\/2018\/10\/P9300105-2.jpg 1633w\" sizes=\"(max-width: 1024px) 100vw, 1024px\" \/><\/a><p id=\"caption-attachment-1646\" class=\"wp-caption-text\"><em>Foto desde el Gargant\u00f3n, se pueden ver las dos portillas, derecha el Pluvi\u00f3metro y la izquierda la del Rey, al lado los riscos de la arista del G\u00fcetre.<\/em><\/p><\/div>\n<div id=\"attachment_1647\" style=\"width: 1034px\" class=\"wp-caption alignnone\"><a href=\"https:\/\/static-blogs.hoy.es\/wp-content\/uploads\/sites\/119\/2018\/10\/P9300107.jpg\"><img aria-describedby=\"caption-attachment-1647\" loading=\"lazy\" class=\"size-large wp-image-1647\" src=\"https:\/\/static-blogs.hoy.es\/wp-content\/uploads\/sites\/119\/2018\/10\/P9300107-1024x768.jpg\" alt=\"LLanos de la garganta de Gredos, al fondo las agujas de los tres Hermanitos.\" width=\"1024\" height=\"768\" srcset=\"https:\/\/static-blogs.hoy.es\/wp-content\/uploads\/sites\/119\/2018\/10\/P9300107-1024x768.jpg 1024w, https:\/\/static-blogs.hoy.es\/wp-content\/uploads\/sites\/119\/2018\/10\/P9300107-300x225.jpg 300w, https:\/\/static-blogs.hoy.es\/wp-content\/uploads\/sites\/119\/2018\/10\/P9300107-768x576.jpg 768w, https:\/\/static-blogs.hoy.es\/wp-content\/uploads\/sites\/119\/2018\/10\/P9300107.jpg 1632w\" sizes=\"(max-width: 1024px) 100vw, 1024px\" \/><\/a><p id=\"caption-attachment-1647\" class=\"wp-caption-text\"><em>Llanos de la garganta de Gredos, al fondo las agujas de los tres Hermanitos.<\/em><\/p><\/div>\n<div id=\"attachment_1649\" style=\"width: 1034px\" class=\"wp-caption alignnone\"><a href=\"https:\/\/static-blogs.hoy.es\/wp-content\/uploads\/sites\/119\/2018\/10\/P9300114.jpg\"><img aria-describedby=\"caption-attachment-1649\" loading=\"lazy\" class=\"size-large wp-image-1649\" src=\"https:\/\/static-blogs.hoy.es\/wp-content\/uploads\/sites\/119\/2018\/10\/P9300114-1024x768.jpg\" alt=\"Desde la garganta de Gredos se ve un sendero que sube hasta los llanos del Cervunal, pero debido a lo abrupto de la bajada de la garganta pierdo la referencia y me meto en un buen marr\u00f3n al tratar de subir a lo alto del llano, los piornos junto con helechos apenas me dejan por donde voy. Despu\u00e9s de casi una hora enganchado a todo tipo de ramajos, al fin encuentro la antigua senda de subida, apenas est\u00e1 transitada pero sigue teniendo hitos ufff menos mal.\" width=\"1024\" height=\"768\" srcset=\"https:\/\/static-blogs.hoy.es\/wp-content\/uploads\/sites\/119\/2018\/10\/P9300114-1024x768.jpg 1024w, https:\/\/static-blogs.hoy.es\/wp-content\/uploads\/sites\/119\/2018\/10\/P9300114-300x225.jpg 300w, https:\/\/static-blogs.hoy.es\/wp-content\/uploads\/sites\/119\/2018\/10\/P9300114-768x576.jpg 768w, https:\/\/static-blogs.hoy.es\/wp-content\/uploads\/sites\/119\/2018\/10\/P9300114.jpg 1632w\" sizes=\"(max-width: 1024px) 100vw, 1024px\" \/><\/a><p id=\"caption-attachment-1649\" class=\"wp-caption-text\"><em>Desde la garganta de Gredos se ve un sendero que sube hasta los llanos del Cervunal, pero debido a lo abrupto de la bajada de la garganta pierdo la referencia y me meto en un buen marr\u00f3n al tratar de subir a lo alto del llano, los piornos junto con helechos apenas me dejan ver por donde voy.\u00a0<\/em><\/p><\/div>\n<div id=\"attachment_1650\" style=\"width: 1034px\" class=\"wp-caption alignnone\"><a href=\"https:\/\/static-blogs.hoy.es\/wp-content\/uploads\/sites\/119\/2018\/10\/P9300115.jpg\"><img aria-describedby=\"caption-attachment-1650\" loading=\"lazy\" class=\"size-large wp-image-1650\" src=\"https:\/\/static-blogs.hoy.es\/wp-content\/uploads\/sites\/119\/2018\/10\/P9300115-1024x768.jpg\" alt=\"Desde la garganta de Gredos se ve un sendero que sube hasta los llanos del Cervunal, pero debido a lo abrupto de la bajada de la garganta pierdo la referencia y me meto en un buen marr\u00f3n al tratar de subir a lo alto del llano, los piornos junto con helechos apenas me dejan por donde voy. Despu\u00e9s de casi una hora enganchado a todo tipo de ramajos, al fin encuentro la antigua senda de subida, apenas est\u00e1 transitada pero sigue teniendo hitos ufff menos mal.\" width=\"1024\" height=\"768\" srcset=\"https:\/\/static-blogs.hoy.es\/wp-content\/uploads\/sites\/119\/2018\/10\/P9300115-1024x768.jpg 1024w, https:\/\/static-blogs.hoy.es\/wp-content\/uploads\/sites\/119\/2018\/10\/P9300115-300x225.jpg 300w, https:\/\/static-blogs.hoy.es\/wp-content\/uploads\/sites\/119\/2018\/10\/P9300115-768x576.jpg 768w, https:\/\/static-blogs.hoy.es\/wp-content\/uploads\/sites\/119\/2018\/10\/P9300115.jpg 1632w\" sizes=\"(max-width: 1024px) 100vw, 1024px\" \/><\/a><p id=\"caption-attachment-1650\" class=\"wp-caption-text\"><em>Despu\u00e9s de casi una hora enganchado a todo tipo de ramajos, encuentro la antigua senda de subida, apenas est\u00e1 transitada pero sigue teniendo hitos&#8230; \u00a1ufff menos mal!<\/em><\/p><\/div>\n<p><strong>DATOS<\/strong><\/p>\n<p>29 kil\u00f3metros, 2100 metros muchos de ellos atravesando claustrof\u00f3bicas manchas de piornos y dem\u00e1s ramajos resecos, acrecentado con el calor del veranillo del membrillo. A pesar de todo mis sensaciones fueron buenas al no tener ninguna molestia y sobre todo por haber acertado en el equipo y el peso, no sobr\u00f3 ni me falt\u00f3 nada para pasar dos d\u00edas en este precioso campo de entrenamientos llamado Gredos.<\/p>\n<hr \/>\n<p><strong>MATERIAL PARA VIVAC<\/strong><\/p>\n<p>Vamos&#8230;para pasar la noche en el monte a finales de septiembre \ud83d\ude42<\/p>\n<p>-Saco de dormir Micra 150 de 900 gramos de fibra hueca<\/p>\n<p>-Colchoneta inflable superligera <a href=\"https:\/\/www.google.es\/search?q=seatosummit&amp;source=lnms&amp;tbm=isch&amp;sa=X&amp;ved=0ahUKEwig85Dlv5XeAhVIIMAKHU0XAYsQ_AUIDygC&amp;biw=1366&amp;bih=626\" rel=\"external nofollow\">Sea to Sumit<\/a><\/p>\n<p>&#8211;<a href=\"https:\/\/www.youtube.com\/watch?v=E6e4geLK6jk\" rel=\"external nofollow\">Manta isot\u00e9rmica<\/a>\u00a0gruesa<\/p>\n<p>La verdad es que me he llevado una grata sorpresa usando la colchoneta inflable, fue c\u00f3moda y lo m\u00e1s importante no se desinfl\u00f3 nada en toda la noche. La precauci\u00f3n es buscar un lugar alejado a cualquier cosa que la pueda pinchar, mi opci\u00f3n fue introducirla en el saco de dormir adem\u00e1s de ponerla sobre la manta isot\u00e9rmica para as\u00ed evitar humedad del suelo.<\/p>\n<p><strong>CARTOGRAF\u00cdA<\/strong><\/p>\n<p>-Mapa topogr\u00e1fico 1\/25000, Hoja<a href=\"https:\/\/www.cnig.es\/buscarArtsMenu.do\" rel=\"external nofollow\"> &#8220;Laguna Grande&#8221; 577-II (28-45)<\/a><\/p>\n<p><strong>MOCHILA<\/strong><\/p>\n<p>-Deuter 43+5 litros<\/p>\n<p>-Infiernillo a gas m\u00e1s una bombona de 250 ml de butano propano<\/p>\n<p>-Taza met\u00e1lica, cuchara metal, cacerola de 1, 5 litros<\/p>\n<p><strong>ROPA<\/strong><\/p>\n<p>Pantal\u00f3n corto, Camiseta deportiva transpirable, malla t\u00e9rmica, polar 200 t\u00e9cnico, chaleco de plumas, chaqueta impermeable, calcetines grosor mediano.<\/p>\n<p><strong>CALZADO<\/strong><\/p>\n<p>Zapatillas de trail running: Ultra raptor.<\/p>\n<hr \/>\n<p style=\"text-align: center;\"><em><strong>Para ver m\u00e1s de mis aventuras, pulsa en los links<\/strong><\/em><\/p>\n<p style=\"text-align: center;\"><strong><a href=\"https:\/\/www.facebook.com\/JoseTrejo404\/\" rel=\"external nofollow\">Facebook<\/a><\/strong><\/p>\n<p style=\"text-align: center;\"><em><strong>Para ver m\u00e1s fotos de mis viajes, puedes seguirme en este link<\/strong><\/em><\/p>\n<p style=\"text-align: center;\"><a href=\"https:\/\/www.instagram.com\/josetrejo404\/?hl=es\" rel=\"external nofollow\"><strong>Instagram<\/strong><\/a><\/p>\n<p style=\"text-align: center;\"><a href=\"https:\/\/www.google.es\/search?q=%23UnExtreme%C3%B1oEnEl%C3%81rtico&amp;tbm=isch&amp;tbo=u&amp;source=univ&amp;sa=X&amp;ved=0ahUKEwjk4__i8fzYAhUBWxQKHd2fCmUQsAQILQ&amp;biw=1366&amp;bih=637\" rel=\"external nofollow\">#UnExtreme\u00f1oEnEl\u00c1rtico<\/a><\/p>\n<hr \/>\n","protected":false},"excerpt":{"rendered":"<p>Entrenando para un Nuevo Proyecto&#8230; Al final de esta entrada pongo el material que he utilizado y las sensaciones al usarlo. Est\u00e1 genial que haya p\u00e1ginas especializadas en rutas marcadas, donde incluso te puedes descargar tracks, perfiles, distancias, tiempos, etc. Y ahora una preguntita\u2026\u00bfD\u00f3nde est\u00e1 la aventura y la incertidumbre si te sabes toooodos los [&hellip;]<\/p>\n","protected":false},"author":142,"featured_media":1642,"comment_status":"open","ping_status":"closed","sticky":false,"template":"","format":"standard","meta":[],"categories":[1],"tags":[466,671,661,651,666,667,656,660,654,655,460,670,665,664,662,653,658,652,669,668,663,659,657],"_links":{"self":[{"href":"https:\/\/blogs.hoy.es\/un-extremeno-en-el-artico\/wp-json\/wp\/v2\/posts\/1615"}],"collection":[{"href":"https:\/\/blogs.hoy.es\/un-extremeno-en-el-artico\/wp-json\/wp\/v2\/posts"}],"about":[{"href":"https:\/\/blogs.hoy.es\/un-extremeno-en-el-artico\/wp-json\/wp\/v2\/types\/post"}],"author":[{"embeddable":true,"href":"https:\/\/blogs.hoy.es\/un-extremeno-en-el-artico\/wp-json\/wp\/v2\/users\/142"}],"replies":[{"embeddable":true,"href":"https:\/\/blogs.hoy.es\/un-extremeno-en-el-artico\/wp-json\/wp\/v2\/comments?post=1615"}],"version-history":[{"count":20,"href":"https:\/\/blogs.hoy.es\/un-extremeno-en-el-artico\/wp-json\/wp\/v2\/posts\/1615\/revisions"}],"predecessor-version":[{"id":1659,"href":"https:\/\/blogs.hoy.es\/un-extremeno-en-el-artico\/wp-json\/wp\/v2\/posts\/1615\/revisions\/1659"}],"wp:featuredmedia":[{"embeddable":true,"href":"https:\/\/blogs.hoy.es\/un-extremeno-en-el-artico\/wp-json\/wp\/v2\/media\/1642"}],"wp:attachment":[{"href":"https:\/\/blogs.hoy.es\/un-extremeno-en-el-artico\/wp-json\/wp\/v2\/media?parent=1615"}],"wp:term":[{"taxonomy":"category","embeddable":true,"href":"https:\/\/blogs.hoy.es\/un-extremeno-en-el-artico\/wp-json\/wp\/v2\/categories?post=1615"},{"taxonomy":"post_tag","embeddable":true,"href":"https:\/\/blogs.hoy.es\/un-extremeno-en-el-artico\/wp-json\/wp\/v2\/tags?post=1615"}],"curies":[{"name":"wp","href":"https:\/\/api.w.org\/{rel}","templated":true}]}}