{"id":1694,"date":"2018-12-05T22:02:41","date_gmt":"2018-12-05T21:02:41","guid":{"rendered":"http:\/\/blogs.hoy.es\/un-extremeno-en-el-artico\/?p=1694"},"modified":"2019-05-14T01:00:28","modified_gmt":"2019-05-13T23:00:28","slug":"proyecto-baikal-ice-skating-solo-2019-el-comienzo-de-un-sueno","status":"publish","type":"post","link":"https:\/\/blogs.hoy.es\/un-extremeno-en-el-artico\/2018\/12\/05\/proyecto-baikal-ice-skating-solo-2019-el-comienzo-de-un-sueno\/","title":{"rendered":"Proyecto &#8216;Baikal Ice Skating&#8217; 2019. El comienzo"},"content":{"rendered":"<div id=\"attachment_1695\" style=\"width: 1034px\" class=\"wp-caption alignnone\"><a href=\"https:\/\/static-blogs.hoy.es\/wp-content\/uploads\/sites\/119\/2018\/12\/45541213_1938382006257736_7650241497626836992_o.jpg\"><img aria-describedby=\"caption-attachment-1695\" loading=\"lazy\" class=\"size-large wp-image-1695\" src=\"https:\/\/static-blogs.hoy.es\/wp-content\/uploads\/sites\/119\/2018\/12\/45541213_1938382006257736_7650241497626836992_o-1024x768.jpg\" alt=\"Laguna 'Cimera' Cinco Lagunas Gredos, a\u00f1o 2007\" width=\"1024\" height=\"768\" srcset=\"https:\/\/static-blogs.hoy.es\/wp-content\/uploads\/sites\/119\/2018\/12\/45541213_1938382006257736_7650241497626836992_o-1024x768.jpg 1024w, https:\/\/static-blogs.hoy.es\/wp-content\/uploads\/sites\/119\/2018\/12\/45541213_1938382006257736_7650241497626836992_o-300x225.jpg 300w, https:\/\/static-blogs.hoy.es\/wp-content\/uploads\/sites\/119\/2018\/12\/45541213_1938382006257736_7650241497626836992_o-768x576.jpg 768w, https:\/\/static-blogs.hoy.es\/wp-content\/uploads\/sites\/119\/2018\/12\/45541213_1938382006257736_7650241497626836992_o.jpg 1769w\" sizes=\"(max-width: 1024px) 100vw, 1024px\" \/><\/a><p id=\"caption-attachment-1695\" class=\"wp-caption-text\"><em>Laguna &#8216;Cimera&#8217; Cinco Lagunas. Gredos, a\u00f1o 2007<\/em><\/p><\/div>\n<p><strong>La laguna helada<\/strong><\/p>\n<p>La historia empieza con esta foto, en aquel fr\u00edo y seco invierno \u00a1hace ya 11 a\u00f1os!<\/p>\n<p>En la traves\u00eda de vuelta con el club de monta\u00f1a Monfrag\u00fce, al que sigo perteneciendo todav\u00eda, la ruta m\u00e1s c\u00f3moda y corta era atravesar una laguna helada que se interpon\u00eda en nuestra ruta, despu\u00e9s de chequear el grosor decidimos atravesarlo, pero para mayor seguridad nos tendr\u00edamos que separar unos de otros varias decenas de metros evitando as\u00ed el sobrepeso sobre la superficie helada de la laguna.<\/p>\n<p><span class=\"text_exposed_show\">Como digo, esa ma\u00f1ana cruz\u00e1bamos la laguna m\u00e1s grande de cinco lagunas en el macizo de Gredos. Me impresion\u00f3 sobre manera lo pulido y brillante del hielo y sobre todo el sonido atronador resquebraj\u00e1ndose y vibrando, entonces alguien me habl\u00f3 de un inmenso lago casi igual de ancho que la pen\u00ednsula ib\u00e9rica, ubicado en <a href=\"https:\/\/es.wikipedia.org\/wiki\/Siberia\" rel=\"external nofollow\">Siberia<\/a>, Rusia.<\/span><\/p>\n<p><a href=\"https:\/\/static-blogs.hoy.es\/wp-content\/uploads\/sites\/119\/2018\/12\/MAPA-2.jpg\"><img loading=\"lazy\" class=\"size-large wp-image-1696\" src=\"https:\/\/static-blogs.hoy.es\/wp-content\/uploads\/sites\/119\/2018\/12\/MAPA-2-1024x492.jpg\" alt=\"Desde el espacio se puede apreciar su magnitud sin ninguna dificultad.\" width=\"1024\" height=\"492\" srcset=\"https:\/\/static-blogs.hoy.es\/wp-content\/uploads\/sites\/119\/2018\/12\/MAPA-2-1024x492.jpg 1024w, https:\/\/static-blogs.hoy.es\/wp-content\/uploads\/sites\/119\/2018\/12\/MAPA-2-300x144.jpg 300w, https:\/\/static-blogs.hoy.es\/wp-content\/uploads\/sites\/119\/2018\/12\/MAPA-2-768x369.jpg 768w, https:\/\/static-blogs.hoy.es\/wp-content\/uploads\/sites\/119\/2018\/12\/MAPA-2.jpg 1311w\" sizes=\"(max-width: 1024px) 100vw, 1024px\" \/><\/a><em>Desde el espacio se puede apreciar su magnitud sin ninguna dificultad.<\/em><\/p>\n<p><em><span class=\"text_exposed_show\">Siendo el lago m\u00e1s profundo con 1658 metros, El 20% del agua dulce del planeta en estado l\u00edquido est\u00e1 contenida en \u00e9l, con sus 31.500 kil\u00f3metros cuadrados es el segundo lago m\u00e1s extenso de la Tierra. Rodeado de monta\u00f1as,\u00a0<\/span>350 r\u00edos lo alimentan y s\u00f3lo el gran <a href=\"https:\/\/es.wikipedia.org\/wiki\/R%C3%ADo_Angar%C3%A1\" rel=\"external nofollow\">r\u00edo Angara<\/a> lo drena.<\/em><\/p>\n<p>La noche que llegu\u00e9 de la ruta a casa abr\u00ed mi querid\u00edsimo mapamundi buscando ese enorme lago, me pregunt\u00e9 \u00bfno habr\u00eda exagerado mi compa\u00f1ero al ver tanto entusiasmo en mi cara mientras cruzaba el agua helada? Convencido de que era una exageraci\u00f3n, fui hojeando mi viejo mapamundi y no d\u00ed con el \u00a1Ufff creo que me tomaron el pelo&#8230;!<\/p>\n<p>Once a\u00f1os despu\u00e9s muchas cosas han cambiado en m\u00ed, excepto mi inquietud, curiosidad y entusiasmo que siguen intactas.<\/p>\n<hr \/>\n<p>Esta ma\u00f1ana hablando, me hicieron la siguiente reflexi\u00f3n,<\/p>\n<p><strong><em>-&#8230;qu\u00e9 apasionante debe ser tu vida&#8230;<\/em><\/strong><\/p>\n<p>y mi respuesta fue&#8230;<\/p>\n<p>&#8211;<em><strong>Nosotros hacemos que la vida sea extraordinaria&#8230;<\/strong><\/em><\/p>\n<p>&nbsp;<\/p>\n<p>Os invito a que me acompa\u00f1\u00e9is en esta nueva aventura que oficialmente comienza en este ahora, en este instante, con un s\u00ed que me sali\u00f3 desde lo m\u00e1s profundo de mi ser.<\/p>\n<p>Seguro que la haremos extraordinaria&#8230;<\/p>\n<p>&nbsp;<\/p>\n<pre id=\"tw-target-text\" class=\"tw-data-text tw-ta tw-text-large\" data-placeholder=\"Traducci\u00f3n\" data-fulltext=\"\"><em><strong><span lang=\"ru\">                                \u0411\u0430\u0439\u043a\u0430\u043b, Baikal<\/span><\/strong><\/em><\/pre>\n<p style=\"text-align: center;\"><em>\u00a1Sed bienvenidos al mundo del hielo!!!!<\/em><\/p>\n<p style=\"text-align: center;\"><a href=\"https:\/\/static-blogs.hoy.es\/wp-content\/uploads\/sites\/119\/2018\/12\/ice-lake-baikal-russia-1.jpg\"><img loading=\"lazy\" class=\"alignnone size-large wp-image-1700\" src=\"https:\/\/static-blogs.hoy.es\/wp-content\/uploads\/sites\/119\/2018\/12\/ice-lake-baikal-russia-1-1024x683.jpg\" alt=\"ice-lake-baikal-russia-1\" width=\"1024\" height=\"683\" srcset=\"https:\/\/static-blogs.hoy.es\/wp-content\/uploads\/sites\/119\/2018\/12\/ice-lake-baikal-russia-1-1024x683.jpg 1024w, https:\/\/static-blogs.hoy.es\/wp-content\/uploads\/sites\/119\/2018\/12\/ice-lake-baikal-russia-1-300x200.jpg 300w, https:\/\/static-blogs.hoy.es\/wp-content\/uploads\/sites\/119\/2018\/12\/ice-lake-baikal-russia-1-768x512.jpg 768w, https:\/\/static-blogs.hoy.es\/wp-content\/uploads\/sites\/119\/2018\/12\/ice-lake-baikal-russia-1.jpg 1200w\" sizes=\"(max-width: 1024px) 100vw, 1024px\" \/><\/a><em>Photos by: Anton Petrus.<\/em><\/p>\n<hr \/>\n<p style=\"text-align: center;\"><em><strong>Para ver m\u00e1s de mis aventuras, pulsa en los links<\/strong><\/em><\/p>\n<p style=\"text-align: center;\"><strong><a href=\"https:\/\/www.facebook.com\/JoseTrejo404\/\" rel=\"external nofollow\">Facebook<\/a><\/strong><\/p>\n<p style=\"text-align: center;\"><em><strong>Para ver m\u00e1s fotos de mis viajes, puedes seguirme en este link<\/strong><\/em><\/p>\n<p style=\"text-align: center;\"><strong><a href=\"https:\/\/www.instagram.com\/josetrejo404\/?hl=es\" rel=\"external nofollow\">Instagram<\/a>\u00a0<\/strong><a href=\"https:\/\/www.google.es\/search?q=%23UnExtreme%C3%B1oEnEl%C3%81rtico&amp;tbm=isch&amp;tbo=u&amp;source=univ&amp;sa=X&amp;ved=0ahUKEwjk4__i8fzYAhUBWxQKHd2fCmUQsAQILQ&amp;biw=1366&amp;bih=637\" rel=\"external nofollow\">#UnExtreme\u00f1oEnEl\u00c1rtico<\/a>\u00a0<a href=\"https:\/\/www.instagram.com\/explore\/tags\/proyectobaikal2019\/?hl=es\" rel=\"external nofollow\">#ProyectoBaikal2019<\/a>\u00a0<a href=\"https:\/\/www.instagram.com\/explore\/tags\/aventurascentrowagen\/?hl=es\" rel=\"external nofollow\">#aventurascentrowagen<\/a><\/p>\n<hr \/>\n<p style=\"text-align: center;\"><strong><span style=\"text-decoration: underline;\">PATROCINADORES<\/span><\/strong><\/p>\n<p style=\"text-align: center;\"><strong><a href=\"https:\/\/www.centrowagen.com\/\" rel=\"external nofollow\">Centrowagen<\/a>,\u00a0<\/strong><strong><a href=\"https:\/\/www.facebook.com\/ExplorerFranquicias\/\" rel=\"external nofollow\">EXPLORER Badajoz\u00a0<\/a>,\u00a0<\/strong><strong><a href=\"https:\/\/agroconecta.es\/\" rel=\"external nofollow\">Agroconecta<\/a>,\u00a0<\/strong><strong><a href=\"https:\/\/tasermiutgreenland.com\/\" rel=\"external nofollow\">Tasermiut South Greenland Expeditions<\/a>,\u00a0<\/strong><strong>Fexme,\u00a0<a href=\"http:\/\/fexme.com\/\" rel=\"external nofollow\">Federaci\u00f3n Extreme\u00f1a de Monta\u00f1a y escalad<\/a>a,\u00a0<\/strong><strong><a href=\"https:\/\/www.decathlon.es\/es\/store-view\/tienda-de-deportes-badajoz-0070079100791\" rel=\"external nofollow\">Decathlon\u00a0<\/a><\/strong><\/p>\n<p style=\"text-align: center;\"><strong>Comunicaci\u00f3n en el proyecto\u00a0<span style=\"text-decoration: underline;\">Un Extreme\u00f1o en el \u00c1rtico,<\/span>\u00a0<\/strong>Sara Viera<\/p>\n<hr \/>\n<p>&nbsp;<\/p>\n<p>&nbsp;<\/p>\n<p>&nbsp;<\/p>\n","protected":false},"excerpt":{"rendered":"<p>La laguna helada La historia empieza con esta foto, en aquel fr\u00edo y seco invierno \u00a1hace ya 11 a\u00f1os! En la traves\u00eda de vuelta con el club de monta\u00f1a Monfrag\u00fce, al que sigo perteneciendo todav\u00eda, la ruta m\u00e1s c\u00f3moda y corta era atravesar una laguna helada que se interpon\u00eda en nuestra ruta, despu\u00e9s de chequear [&hellip;]<\/p>\n","protected":false},"author":142,"featured_media":1695,"comment_status":"open","ping_status":"closed","sticky":false,"template":"","format":"standard","meta":[],"categories":[1],"tags":[687,671,681,491,460,685,683,684,686,372,682],"_links":{"self":[{"href":"https:\/\/blogs.hoy.es\/un-extremeno-en-el-artico\/wp-json\/wp\/v2\/posts\/1694"}],"collection":[{"href":"https:\/\/blogs.hoy.es\/un-extremeno-en-el-artico\/wp-json\/wp\/v2\/posts"}],"about":[{"href":"https:\/\/blogs.hoy.es\/un-extremeno-en-el-artico\/wp-json\/wp\/v2\/types\/post"}],"author":[{"embeddable":true,"href":"https:\/\/blogs.hoy.es\/un-extremeno-en-el-artico\/wp-json\/wp\/v2\/users\/142"}],"replies":[{"embeddable":true,"href":"https:\/\/blogs.hoy.es\/un-extremeno-en-el-artico\/wp-json\/wp\/v2\/comments?post=1694"}],"version-history":[{"count":14,"href":"https:\/\/blogs.hoy.es\/un-extremeno-en-el-artico\/wp-json\/wp\/v2\/posts\/1694\/revisions"}],"predecessor-version":[{"id":1936,"href":"https:\/\/blogs.hoy.es\/un-extremeno-en-el-artico\/wp-json\/wp\/v2\/posts\/1694\/revisions\/1936"}],"wp:featuredmedia":[{"embeddable":true,"href":"https:\/\/blogs.hoy.es\/un-extremeno-en-el-artico\/wp-json\/wp\/v2\/media\/1695"}],"wp:attachment":[{"href":"https:\/\/blogs.hoy.es\/un-extremeno-en-el-artico\/wp-json\/wp\/v2\/media?parent=1694"}],"wp:term":[{"taxonomy":"category","embeddable":true,"href":"https:\/\/blogs.hoy.es\/un-extremeno-en-el-artico\/wp-json\/wp\/v2\/categories?post=1694"},{"taxonomy":"post_tag","embeddable":true,"href":"https:\/\/blogs.hoy.es\/un-extremeno-en-el-artico\/wp-json\/wp\/v2\/tags?post=1694"}],"curies":[{"name":"wp","href":"https:\/\/api.w.org\/{rel}","templated":true}]}}